{"id":257314,"date":"2020-12-22T08:09:46","date_gmt":"2020-12-22T05:09:46","guid":{"rendered":"http:\/\/arantv.az\/?p=257314"},"modified":"2020-12-22T08:09:46","modified_gmt":"2020-12-22T05:09:46","slug":"agdasda-magazada-yangin-olub","status":"publish","type":"post","link":"https:\/\/arantv.az\/?p=257314","title":{"rendered":"A\u011fda\u015fda ma\u011fazada yan\u011f\u0131n olub"},"content":{"rendered":"<p>A\u011fda\u015f rayonunda \u00fcmumi sah\u0259si 204 kvadrat metr\u00a0olan bir dam alt\u0131nda tikil\u0259n m\u00fcxt\u0259lif t\u0259yinatl\u0131 obyektl\u0259rd\u0259n sah\u0259si 24 kvadrat metr\u00a0olan ma\u011fazan\u0131n lambirind\u0259n ibar\u0259t tavan\u0131 v\u0259 i\u00e7\u0259risind\u0259 bir\u00a0\u0259d\u0259d kondisioner yan\u0131b.<\/p>\n<p>Bu bar\u0259d\u0259 F\u00f6vq\u0259lad\u0259 Hallar Nazirliyi m\u0259lumat yay\u0131b.<\/p>\n<div id=\"AdviadNativeVideo0\" class=\"AdviadNativeVideo\"><\/div>\n<p>Bildirilib ki, tikilinin qalan hiss\u0259si v\u0259 biti\u015fik obyektl\u0259r yan\u011f\u0131ndan m\u00fchafiz\u0259 olunub.<\/p>\n<p>Alov yan\u011f\u0131ndan m\u00fchafiz\u0259 b\u00f6lm\u0259l\u0259ri t\u0259r\u0259find\u0259n s\u00f6nd\u00fcr\u00fcl\u00fcb.<\/p>\n","protected":false},"excerpt":{"rendered":"<p>A\u011fda\u015f rayonunda \u00fcmumi sah\u0259si 204 kvadrat metr\u00a0olan bir dam alt\u0131nda tikil\u0259n m\u00fcxt\u0259lif t\u0259yinatl\u0131 obyektl\u0259rd\u0259n sah\u0259si 24 kvadrat metr\u00a0olan ma\u011fazan\u0131n lambirind\u0259n ibar\u0259t tavan\u0131 v\u0259 i\u00e7\u0259risind\u0259 bir\u00a0\u0259d\u0259d kondisioner yan\u0131b. Bu bar\u0259d\u0259 F\u00f6vq\u0259lad\u0259 Hallar Nazirliyi m\u0259lumat yay\u0131b. Bildirilib ki, tikilinin qalan hiss\u0259si v\u0259 biti\u015fik obyektl\u0259r yan\u011f\u0131ndan m\u00fchafiz\u0259 olunub. Alov yan\u011f\u0131ndan m\u00fchafiz\u0259 b\u00f6lm\u0259l\u0259ri t\u0259r\u0259find\u0259n s\u00f6nd\u00fcr\u00fcl\u00fcb.<\/p>\n","protected":false},"author":2,"featured_media":257315,"comment_status":"closed","ping_status":"closed","sticky":false,"template":"","format":"standard","meta":{"om_disable_all_campaigns":false,"_monsterinsights_skip_tracking":false,"_monsterinsights_sitenote_active":false,"_monsterinsights_sitenote_note":"","_monsterinsights_sitenote_category":0},"categories":[5],"tags":[],"aioseo_notices":[],"gutentor_comment":0,"rttpg_featured_image_url":{"full":["https:\/\/arantv.az\/wp-content\/uploads\/2020\/12\/ROM9130-6.jpg",620,413,false],"landscape":["https:\/\/arantv.az\/wp-content\/uploads\/2020\/12\/ROM9130-6.jpg",620,413,false],"portraits":["https:\/\/arantv.az\/wp-content\/uploads\/2020\/12\/ROM9130-6.jpg",620,413,false],"thumbnail":["https:\/\/arantv.az\/wp-content\/uploads\/2020\/12\/ROM9130-6-150x150.jpg",150,150,true],"medium":["https:\/\/arantv.az\/wp-content\/uploads\/2020\/12\/ROM9130-6-300x200.jpg",300,200,true],"large":["https:\/\/arantv.az\/wp-content\/uploads\/2020\/12\/ROM9130-6.jpg",620,413,false],"1536x1536":["https:\/\/arantv.az\/wp-content\/uploads\/2020\/12\/ROM9130-6.jpg",620,413,false],"2048x2048":["https:\/\/arantv.az\/wp-content\/uploads\/2020\/12\/ROM9130-6.jpg",620,413,false],"post-thumbnail":["https:\/\/arantv.az\/wp-content\/uploads\/2020\/12\/ROM9130-6-240x172.jpg",240,172,true],"advps-thumb-one":["https:\/\/arantv.az\/wp-content\/uploads\/2020\/12\/ROM9130-6.jpg",620,413,false]},"rttpg_author":{"display_name":"V\u00fcsal Rafiqo\u011flu","author_link":"https:\/\/arantv.az\/?author=2"},"rttpg_comment":0,"rttpg_category":"<a href=\"https:\/\/arantv.az\/?cat=5\" rel=\"category\">Hadis\u0259<\/a>","rttpg_excerpt":"A\u011fda\u015f rayonunda \u00fcmumi sah\u0259si 204 kvadrat metr\u00a0olan bir dam alt\u0131nda tikil\u0259n m\u00fcxt\u0259lif t\u0259yinatl\u0131 obyektl\u0259rd\u0259n sah\u0259si 24 kvadrat metr\u00a0olan ma\u011fazan\u0131n lambirind\u0259n ibar\u0259t tavan\u0131 v\u0259 i\u00e7\u0259risind\u0259 bir\u00a0\u0259d\u0259d kondisioner yan\u0131b. Bu bar\u0259d\u0259 F\u00f6vq\u0259lad\u0259 Hallar Nazirliyi m\u0259lumat yay\u0131b. Bildirilib ki, tikilinin qalan hiss\u0259si v\u0259 biti\u015fik obyektl\u0259r yan\u011f\u0131ndan m\u00fchafiz\u0259 olunub. Alov yan\u011f\u0131ndan m\u00fchafiz\u0259 b\u00f6lm\u0259l\u0259ri t\u0259r\u0259find\u0259n s\u00f6nd\u00fcr\u00fcl\u00fcb.","_links":{"self":[{"href":"https:\/\/arantv.az\/index.php?rest_route=\/wp\/v2\/posts\/257314"}],"collection":[{"href":"https:\/\/arantv.az\/index.php?rest_route=\/wp\/v2\/posts"}],"about":[{"href":"https:\/\/arantv.az\/index.php?rest_route=\/wp\/v2\/types\/post"}],"author":[{"embeddable":true,"href":"https:\/\/arantv.az\/index.php?rest_route=\/wp\/v2\/users\/2"}],"replies":[{"embeddable":true,"href":"https:\/\/arantv.az\/index.php?rest_route=%2Fwp%2Fv2%2Fcomments&post=257314"}],"version-history":[{"count":0,"href":"https:\/\/arantv.az\/index.php?rest_route=\/wp\/v2\/posts\/257314\/revisions"}],"wp:featuredmedia":[{"embeddable":true,"href":"https:\/\/arantv.az\/index.php?rest_route=\/wp\/v2\/media\/257315"}],"wp:attachment":[{"href":"https:\/\/arantv.az\/index.php?rest_route=%2Fwp%2Fv2%2Fmedia&parent=257314"}],"wp:term":[{"taxonomy":"category","embeddable":true,"href":"https:\/\/arantv.az\/index.php?rest_route=%2Fwp%2Fv2%2Fcategories&post=257314"},{"taxonomy":"post_tag","embeddable":true,"href":"https:\/\/arantv.az\/index.php?rest_route=%2Fwp%2Fv2%2Ftags&post=257314"}],"curies":[{"name":"wp","href":"https:\/\/api.w.org\/{rel}","templated":true}]}}