{"id":257322,"date":"2020-12-22T08:12:26","date_gmt":"2020-12-22T05:12:26","guid":{"rendered":"http:\/\/arantv.az\/?p=257322"},"modified":"2020-12-22T08:12:26","modified_gmt":"2020-12-22T05:12:26","slug":"ucarda-s%c9%99hid-gizir-d%c9%99fn-olunub-foto","status":"publish","type":"post","link":"https:\/\/arantv.az\/?p=257322","title":{"rendered":"Ucarda \u015f\u0259hid gizir d\u0259fn olunub &#8211; FOTO"},"content":{"rendered":"<p>Ucar rayonunda V\u0259t\u0259n m\u00fcharib\u0259sind\u0259 \u015f\u0259hid olmu\u015f gizir Qarayev Namiq Qara o\u011flu d\u0259fn edilib.<\/p>\n<p>\u201cReport\u201dun m\u0259lumat\u0131na g\u00f6r\u0259, o, bu g\u00fcn Qaz\u0131qumlaq k\u0259ndind\u0259 torpa\u011fa tap\u015f\u0131r\u0131l\u0131b.<\/p>\n<p>D\u0259fn m\u0259rasimind\u0259 \u015f\u0259hidin yax\u0131nlar\u0131 il\u0259 yana\u015f\u0131, rayon r\u0259hb\u0259rliyi, sakinl\u0259r i\u015ftirak edib.<\/p>\n<div id=\"AdviadNativeVideo0\" class=\"AdviadNativeVideo\"><\/div>\n<p>Qeyd ed\u0259k ki, Namiq Qarayev 1978-ci ild\u0259 Ucar\u0131n Qaz\u0131qumlaq k\u0259ndind\u0259 anadan olub. O, 78 g\u00fcn idi ki, itkin d\u00fc\u015fm\u00fc\u015fd\u00fc.<\/p>\n<p>Namiq Qarayev ail\u0259li idi, iki \u00f6vlad\u0131 yadigar qal\u0131b.<\/p>\n<p>Allah r\u0259hm\u0259t el\u0259sin!<\/p>\n<div class=\"gallery\">\n<div class=\"gallery-i\"><img src=\"https:\/\/cdn.oxu.az\/uploads\/W1siZiIsIjIwMjAvMTIvMjIvMDEvMDkvMTAvMjhmYTE2NmItOGEzZi00MzVmLTllOGYtOWMwYzNkNDY1YzJhL2ZmZGI2N2MwLThhNTctM2ZlYS1hZDZjLWNjOGIzOGMzNDYyZS5qcGciXSxbInAiLCJlbmNvZGUiLCJqcGciLCItcXVhbGl0eSA4MCJdLFsicCIsInRodW1iIiwiNTkweDU5MFx1MDAzZSJdXQ?sha=26e111d5a9a6b80d\" \/><\/p>\n<div class=\"gallery-i-caption\"><\/div>\n<\/div>\n<div class=\"gallery-i\"><img src=\"https:\/\/cdn.oxu.az\/uploads\/W1siZiIsIjIwMjAvMTIvMjIvMDEvMDkvMTAvYzA4NmIyZTgtMzk5MS00NWQ4LWFkMTUtMjJhNzg0NGI4ZWUzLzljNzA0ZDBmLWJiOWItMzg5Ni1hZWIyLTBkNTM4ZGYxZDQ3NS5qcGciXSxbInAiLCJlbmNvZGUiLCJqcGciLCItcXVhbGl0eSA4MCJdLFsicCIsInRodW1iIiwiNTkweDU5MFx1MDAzZSJdXQ?sha=825676e6e68617b5\" \/><\/p>\n<div class=\"gallery-i-caption\"><\/div>\n<\/div>\n<div class=\"gallery-i\"><img src=\"https:\/\/cdn.oxu.az\/uploads\/W1siZiIsIjIwMjAvMTIvMjIvMDEvMDkvMTEvZTg5Mzc2N2QtMDI0Mi00OGNlLWI2YTAtODUzYTVlOGMwM2E2LzQ0NWIxMGRhLWY4NTItMzgwYy1hZTRiLTFhMTZlOTU3ZmRmNS5qcGciXSxbInAiLCJlbmNvZGUiLCJqcGciLCItcXVhbGl0eSA4MCJdLFsicCIsInRodW1iIiwiNTkweDU5MFx1MDAzZSJdXQ?sha=0a7ce5e94d3c0f43\" \/><\/p>\n<div class=\"gallery-i-caption\"><\/div>\n<\/div>\n<div class=\"gallery-i\"><img src=\"https:\/\/cdn.oxu.az\/uploads\/W1siZiIsIjIwMjAvMTIvMjIvMDEvMDkvMTEvNTU3Mjc5NDQtYzQ4NS00NWE0LWE4YjUtYWIyNTViMzFiOTgxL2Y4YjA3OWNkLWEzM2UtM2VkNS1iN2M0LTQ3YmIxODcxYTdhYy5qcGciXSxbInAiLCJlbmNvZGUiLCJqcGciLCItcXVhbGl0eSA4MCJdLFsicCIsInRodW1iIiwiNTkweDU5MFx1MDAzZSJdXQ?sha=b035f3f98057d7de\" \/><\/p>\n<div class=\"gallery-i-caption\"><\/div>\n<\/div>\n<div class=\"gallery-i\"><img src=\"https:\/\/cdn.oxu.az\/uploads\/W1siZiIsIjIwMjAvMTIvMjIvMDEvMDkvMTEvMjY5ZDY1ZDMtMWQ1MC00ZjEzLWEwZDYtMjYxYTI0NjliN2VkLzhkOWY3NWVjLWIwMmYtMzI2Ni1iYjY0LTlkMDk5MTAyNGU1YS5qcGciXSxbInAiLCJlbmNvZGUiLCJqcGciLCItcXVhbGl0eSA4MCJdLFsicCIsInRodW1iIiwiNTkweDU5MFx1MDAzZSJdXQ?sha=0e6baa42bdc4764e\" \/><\/div>\n<\/div>\n","protected":false},"excerpt":{"rendered":"<p>Ucar rayonunda V\u0259t\u0259n m\u00fcharib\u0259sind\u0259 \u015f\u0259hid olmu\u015f gizir Qarayev Namiq Qara o\u011flu d\u0259fn edilib. \u201cReport\u201dun m\u0259lumat\u0131na g\u00f6r\u0259, o, bu g\u00fcn Qaz\u0131qumlaq k\u0259ndind\u0259 torpa\u011fa tap\u015f\u0131r\u0131l\u0131b. D\u0259fn m\u0259rasimind\u0259 \u015f\u0259hidin yax\u0131nlar\u0131 il\u0259 yana\u015f\u0131, rayon r\u0259hb\u0259rliyi, sakinl\u0259r i\u015ftirak edib. Qeyd ed\u0259k ki, Namiq Qarayev 1978-ci ild\u0259 Ucar\u0131n Qaz\u0131qumlaq k\u0259ndind\u0259 anadan olub. O, 78 g\u00fcn idi ki, itkin d\u00fc\u015fm\u00fc\u015fd\u00fc. Namiq Qarayev ail\u0259li idi, iki \u00f6vlad\u0131 yadigar qal\u0131b. Allah r\u0259hm\u0259t el\u0259sin!<\/p>\n","protected":false},"author":2,"featured_media":257323,"comment_status":"closed","ping_status":"closed","sticky":false,"template":"","format":"standard","meta":{"om_disable_all_campaigns":false,"_monsterinsights_skip_tracking":false,"_monsterinsights_sitenote_active":false,"_monsterinsights_sitenote_note":"","_monsterinsights_sitenote_category":0},"categories":[19],"tags":[],"aioseo_notices":[],"gutentor_comment":0,"rttpg_featured_image_url":{"full":["https:\/\/arantv.az\/wp-content\/uploads\/2020\/12\/e715b1b8-f3a1-3cb4-a191-d2555337bf85_850.jpg",620,387,false],"landscape":["https:\/\/arantv.az\/wp-content\/uploads\/2020\/12\/e715b1b8-f3a1-3cb4-a191-d2555337bf85_850.jpg",620,387,false],"portraits":["https:\/\/arantv.az\/wp-content\/uploads\/2020\/12\/e715b1b8-f3a1-3cb4-a191-d2555337bf85_850.jpg",620,387,false],"thumbnail":["https:\/\/arantv.az\/wp-content\/uploads\/2020\/12\/e715b1b8-f3a1-3cb4-a191-d2555337bf85_850-150x150.jpg",150,150,true],"medium":["https:\/\/arantv.az\/wp-content\/uploads\/2020\/12\/e715b1b8-f3a1-3cb4-a191-d2555337bf85_850-300x187.jpg",300,187,true],"large":["https:\/\/arantv.az\/wp-content\/uploads\/2020\/12\/e715b1b8-f3a1-3cb4-a191-d2555337bf85_850.jpg",620,387,false],"1536x1536":["https:\/\/arantv.az\/wp-content\/uploads\/2020\/12\/e715b1b8-f3a1-3cb4-a191-d2555337bf85_850.jpg",620,387,false],"2048x2048":["https:\/\/arantv.az\/wp-content\/uploads\/2020\/12\/e715b1b8-f3a1-3cb4-a191-d2555337bf85_850.jpg",620,387,false],"post-thumbnail":["https:\/\/arantv.az\/wp-content\/uploads\/2020\/12\/e715b1b8-f3a1-3cb4-a191-d2555337bf85_850-240x172.jpg",240,172,true],"advps-thumb-one":["https:\/\/arantv.az\/wp-content\/uploads\/2020\/12\/e715b1b8-f3a1-3cb4-a191-d2555337bf85_850.jpg",620,387,false]},"rttpg_author":{"display_name":"V\u00fcsal Rafiqo\u011flu","author_link":"https:\/\/arantv.az\/?author=2"},"rttpg_comment":0,"rttpg_category":"<a href=\"https:\/\/arantv.az\/?cat=19\" rel=\"category\">G\u00fcnd\u0259m<\/a>","rttpg_excerpt":"Ucar rayonunda V\u0259t\u0259n m\u00fcharib\u0259sind\u0259 \u015f\u0259hid olmu\u015f gizir Qarayev Namiq Qara o\u011flu d\u0259fn edilib. \u201cReport\u201dun m\u0259lumat\u0131na g\u00f6r\u0259, o, bu g\u00fcn Qaz\u0131qumlaq k\u0259ndind\u0259 torpa\u011fa tap\u015f\u0131r\u0131l\u0131b. D\u0259fn m\u0259rasimind\u0259 \u015f\u0259hidin yax\u0131nlar\u0131 il\u0259 yana\u015f\u0131, rayon r\u0259hb\u0259rliyi, sakinl\u0259r i\u015ftirak edib. Qeyd ed\u0259k ki, Namiq Qarayev 1978-ci ild\u0259 Ucar\u0131n Qaz\u0131qumlaq k\u0259ndind\u0259 anadan olub. O, 78 g\u00fcn idi ki, itkin d\u00fc\u015fm\u00fc\u015fd\u00fc. Namiq Qarayev&hellip;","_links":{"self":[{"href":"https:\/\/arantv.az\/index.php?rest_route=\/wp\/v2\/posts\/257322"}],"collection":[{"href":"https:\/\/arantv.az\/index.php?rest_route=\/wp\/v2\/posts"}],"about":[{"href":"https:\/\/arantv.az\/index.php?rest_route=\/wp\/v2\/types\/post"}],"author":[{"embeddable":true,"href":"https:\/\/arantv.az\/index.php?rest_route=\/wp\/v2\/users\/2"}],"replies":[{"embeddable":true,"href":"https:\/\/arantv.az\/index.php?rest_route=%2Fwp%2Fv2%2Fcomments&post=257322"}],"version-history":[{"count":0,"href":"https:\/\/arantv.az\/index.php?rest_route=\/wp\/v2\/posts\/257322\/revisions"}],"wp:featuredmedia":[{"embeddable":true,"href":"https:\/\/arantv.az\/index.php?rest_route=\/wp\/v2\/media\/257323"}],"wp:attachment":[{"href":"https:\/\/arantv.az\/index.php?rest_route=%2Fwp%2Fv2%2Fmedia&parent=257322"}],"wp:term":[{"taxonomy":"category","embeddable":true,"href":"https:\/\/arantv.az\/index.php?rest_route=%2Fwp%2Fv2%2Fcategories&post=257322"},{"taxonomy":"post_tag","embeddable":true,"href":"https:\/\/arantv.az\/index.php?rest_route=%2Fwp%2Fv2%2Ftags&post=257322"}],"curies":[{"name":"wp","href":"https:\/\/api.w.org\/{rel}","templated":true}]}}