{"id":257334,"date":"2020-12-22T08:14:29","date_gmt":"2020-12-22T05:14:29","guid":{"rendered":"http:\/\/arantv.az\/?p=257334"},"modified":"2020-12-22T08:14:29","modified_gmt":"2020-12-22T05:14:29","slug":"z%c9%99ngilan-v%c9%99-qubadlinin-minalardan-t%c9%99mizl%c9%99nilm%c9%99sin%c9%99-baslanilib-foto","status":"publish","type":"post","link":"https:\/\/arantv.az\/?p=257334","title":{"rendered":"Z\u0259ngilan v\u0259 Qubadl\u0131n\u0131n minalardan t\u0259mizl\u0259nilm\u0259sin\u0259 ba\u015flan\u0131l\u0131b &#8211; FOTO"},"content":{"rendered":"<p>Dekabr\u0131n 15-d\u0259n etibar\u0259n Az\u0259rbaycan Respublikas\u0131 \u018frazil\u0259rinin Minalardan T\u0259mizl\u0259nm\u0259si \u00fczr\u0259 Milli Agentliyin (ANAMA) v\u0259 Daxili \u0130\u015fl\u0259r Nazirliyi, Daxili Qo\u015funlar\u0131n\u0131n m\u00fct\u0259x\u0259ssisl\u0259ri il\u0259 birlikd\u0259 i\u015f\u011faldan azad olunmu\u015f Z\u0259ngilan v\u0259 Qubadl\u0131 rayonlar\u0131 \u0259razisind\u0259 k\u0259nd t\u0259s\u0259rr\u00fcfat\u0131 \u00fc\u00e7\u00fcn n\u0259z\u0259rd\u0259 tutulmu\u015f \u0259kin sah\u0259l\u0259rinin mina v\u0259 partlamam\u0131\u015f h\u0259rbi sursatlardan (PHS) t\u0259mizl\u0259nilm\u0259si \u0259m\u0259liyyatlar\u0131na ba\u015flan\u0131l\u0131b.<\/p>\n<p>Bu bar\u0259d\u0259 ANAMA-dan bildirilib.<\/p>\n<p>Qeyd edilir ki, 15-21 dekabr tarixl\u0259rind\u0259 apar\u0131lm\u0131\u015f \u0259m\u0259liyyat-axtar\u0131\u015f t\u0259dbirl\u0259ri n\u0259tic\u0259sind\u0259 684 000 kv.m (68,4 ha) \u0259razi yoxlan\u0131l\u0131b, 23 \u0259d\u0259d partlamam\u0131\u015f h\u0259rbi sursat (PHS) v\u0259 42 \u0259d\u0259d 5.45 mm-lik patronlar a\u015fkar edil\u0259r\u0259k g\u00f6t\u00fcr\u00fcl\u00fcb.<\/p>\n<p>Z\u0259ngilan rayonu \u0259razisind\u0259 apar\u0131lm\u0131\u015f \u0259m\u0259liyyat-axtar\u0131\u015f t\u0259dbirl\u0259ri zaman\u0131 349 000 kv.m (34,9 ha), Qubadl\u0131 rayonu \u0259razisind\u0259 apar\u0131lm\u0131\u015f \u0259m\u0259liyyat-axtar\u0131\u015f t\u0259dbirl\u0259ri zaman\u0131 is\u0259 335 000 kv.m (33,5 ha) yoxlan\u0131l\u0131b.<\/p>\n<p>\u018fm\u0259liyyat-axtar\u0131\u015f t\u0259dbirl\u0259ri davam etdirilir.<\/p>\n<div class=\"gallery\">\n<div class=\"gallery-i\"><img src=\"https:\/\/cdn.oxu.az\/uploads\/W1siZiIsIjIwMjAvMTIvMjIvMDEvMjYvMDcvODlhNjVmMWMtYTdiNS00NDM5LWIzMjgtNjI2ZDBiMzliNDM4LzE1LTIxLjEyLjIwMjAgLSBayZluZ2lsYW4gdsmZIFF1YmFkbMSxIC0gMS5qcGciXSxbInAiLCJlbmNvZGUiLCJqcGciLCItcXVhbGl0eSA4MCJdLFsicCIsInRodW1iIiwiNTkweDU5MFx1MDAzZSJdXQ?sha=9797fad5f45f338f\" \/><\/div>\n<\/div>\n","protected":false},"excerpt":{"rendered":"<p>Dekabr\u0131n 15-d\u0259n etibar\u0259n Az\u0259rbaycan Respublikas\u0131 \u018frazil\u0259rinin Minalardan T\u0259mizl\u0259nm\u0259si \u00fczr\u0259 Milli Agentliyin (ANAMA) v\u0259 Daxili \u0130\u015fl\u0259r Nazirliyi, Daxili Qo\u015funlar\u0131n\u0131n m\u00fct\u0259x\u0259ssisl\u0259ri il\u0259 birlikd\u0259 i\u015f\u011faldan azad olunmu\u015f Z\u0259ngilan v\u0259 Qubadl\u0131 rayonlar\u0131 \u0259razisind\u0259 k\u0259nd t\u0259s\u0259rr\u00fcfat\u0131 \u00fc\u00e7\u00fcn n\u0259z\u0259rd\u0259 tutulmu\u015f \u0259kin sah\u0259l\u0259rinin mina v\u0259 partlamam\u0131\u015f h\u0259rbi sursatlardan (PHS) t\u0259mizl\u0259nilm\u0259si \u0259m\u0259liyyatlar\u0131na ba\u015flan\u0131l\u0131b. Bu bar\u0259d\u0259 ANAMA-dan bildirilib. Qeyd edilir ki, 15-21 dekabr tarixl\u0259rind\u0259 apar\u0131lm\u0131\u015f \u0259m\u0259liyyat-axtar\u0131\u015f t\u0259dbirl\u0259ri n\u0259tic\u0259sind\u0259 684 000 kv.m (68,4 ha) \u0259razi yoxlan\u0131l\u0131b, 23 \u0259d\u0259d partlamam\u0131\u015f h\u0259rbi sursat (PHS) v\u0259 42 \u0259d\u0259d 5.45 mm-lik patronlar a\u015fkar edil\u0259r\u0259k g\u00f6t\u00fcr\u00fcl\u00fcb. Z\u0259ngilan rayonu \u0259razisind\u0259 apar\u0131lm\u0131\u015f \u0259m\u0259liyyat-axtar\u0131\u015f t\u0259dbirl\u0259ri zaman\u0131 349 000&hellip;<\/p>\n","protected":false},"author":2,"featured_media":257335,"comment_status":"closed","ping_status":"closed","sticky":false,"template":"","format":"standard","meta":{"om_disable_all_campaigns":false,"_monsterinsights_skip_tracking":false,"_monsterinsights_sitenote_active":false,"_monsterinsights_sitenote_note":"","_monsterinsights_sitenote_category":0},"categories":[10],"tags":[],"aioseo_notices":[],"gutentor_comment":0,"rttpg_featured_image_url":{"full":["https:\/\/arantv.az\/wp-content\/uploads\/2020\/12\/15-21.12.2020-Z\u00c9_ngilan-v\u00c9_-Qubadl\u00c4\u00b1-2.jpg",620,465,false],"landscape":["https:\/\/arantv.az\/wp-content\/uploads\/2020\/12\/15-21.12.2020-Z\u00c9_ngilan-v\u00c9_-Qubadl\u00c4\u00b1-2.jpg",620,465,false],"portraits":["https:\/\/arantv.az\/wp-content\/uploads\/2020\/12\/15-21.12.2020-Z\u00c9_ngilan-v\u00c9_-Qubadl\u00c4\u00b1-2.jpg",620,465,false],"thumbnail":["https:\/\/arantv.az\/wp-content\/uploads\/2020\/12\/15-21.12.2020-Z\u00c9_ngilan-v\u00c9_-Qubadl\u00c4\u00b1-2-150x150.jpg",150,150,true],"medium":["https:\/\/arantv.az\/wp-content\/uploads\/2020\/12\/15-21.12.2020-Z\u00c9_ngilan-v\u00c9_-Qubadl\u00c4\u00b1-2-300x225.jpg",300,225,true],"large":["https:\/\/arantv.az\/wp-content\/uploads\/2020\/12\/15-21.12.2020-Z\u00c9_ngilan-v\u00c9_-Qubadl\u00c4\u00b1-2.jpg",620,465,false],"1536x1536":["https:\/\/arantv.az\/wp-content\/uploads\/2020\/12\/15-21.12.2020-Z\u00c9_ngilan-v\u00c9_-Qubadl\u00c4\u00b1-2.jpg",620,465,false],"2048x2048":["https:\/\/arantv.az\/wp-content\/uploads\/2020\/12\/15-21.12.2020-Z\u00c9_ngilan-v\u00c9_-Qubadl\u00c4\u00b1-2.jpg",620,465,false],"post-thumbnail":["https:\/\/arantv.az\/wp-content\/uploads\/2020\/12\/15-21.12.2020-Z\u00c9_ngilan-v\u00c9_-Qubadl\u00c4\u00b1-2-240x172.jpg",240,172,true],"advps-thumb-one":["https:\/\/arantv.az\/wp-content\/uploads\/2020\/12\/15-21.12.2020-Z\u00c9_ngilan-v\u00c9_-Qubadl\u00c4\u00b1-2.jpg",620,465,false]},"rttpg_author":{"display_name":"V\u00fcsal Rafiqo\u011flu","author_link":"https:\/\/arantv.az\/?author=2"},"rttpg_comment":0,"rttpg_category":"<a href=\"https:\/\/arantv.az\/?cat=10\" rel=\"category\">C\u0259bh\u0259d\u0259n X\u0259b\u0259r<\/a>","rttpg_excerpt":"Dekabr\u0131n 15-d\u0259n etibar\u0259n Az\u0259rbaycan Respublikas\u0131 \u018frazil\u0259rinin Minalardan T\u0259mizl\u0259nm\u0259si \u00fczr\u0259 Milli Agentliyin (ANAMA) v\u0259 Daxili \u0130\u015fl\u0259r Nazirliyi, Daxili Qo\u015funlar\u0131n\u0131n m\u00fct\u0259x\u0259ssisl\u0259ri il\u0259 birlikd\u0259 i\u015f\u011faldan azad olunmu\u015f Z\u0259ngilan v\u0259 Qubadl\u0131 rayonlar\u0131 \u0259razisind\u0259 k\u0259nd t\u0259s\u0259rr\u00fcfat\u0131 \u00fc\u00e7\u00fcn n\u0259z\u0259rd\u0259 tutulmu\u015f \u0259kin sah\u0259l\u0259rinin mina v\u0259 partlamam\u0131\u015f h\u0259rbi sursatlardan (PHS) t\u0259mizl\u0259nilm\u0259si \u0259m\u0259liyyatlar\u0131na ba\u015flan\u0131l\u0131b. Bu bar\u0259d\u0259 ANAMA-dan bildirilib. Qeyd edilir ki, 15-21 dekabr tarixl\u0259rind\u0259&hellip;","_links":{"self":[{"href":"https:\/\/arantv.az\/index.php?rest_route=\/wp\/v2\/posts\/257334"}],"collection":[{"href":"https:\/\/arantv.az\/index.php?rest_route=\/wp\/v2\/posts"}],"about":[{"href":"https:\/\/arantv.az\/index.php?rest_route=\/wp\/v2\/types\/post"}],"author":[{"embeddable":true,"href":"https:\/\/arantv.az\/index.php?rest_route=\/wp\/v2\/users\/2"}],"replies":[{"embeddable":true,"href":"https:\/\/arantv.az\/index.php?rest_route=%2Fwp%2Fv2%2Fcomments&post=257334"}],"version-history":[{"count":0,"href":"https:\/\/arantv.az\/index.php?rest_route=\/wp\/v2\/posts\/257334\/revisions"}],"wp:featuredmedia":[{"embeddable":true,"href":"https:\/\/arantv.az\/index.php?rest_route=\/wp\/v2\/media\/257335"}],"wp:attachment":[{"href":"https:\/\/arantv.az\/index.php?rest_route=%2Fwp%2Fv2%2Fmedia&parent=257334"}],"wp:term":[{"taxonomy":"category","embeddable":true,"href":"https:\/\/arantv.az\/index.php?rest_route=%2Fwp%2Fv2%2Fcategories&post=257334"},{"taxonomy":"post_tag","embeddable":true,"href":"https:\/\/arantv.az\/index.php?rest_route=%2Fwp%2Fv2%2Ftags&post=257334"}],"curies":[{"name":"wp","href":"https:\/\/api.w.org\/{rel}","templated":true}]}}