{"id":257342,"date":"2020-12-22T08:16:05","date_gmt":"2020-12-22T05:16:05","guid":{"rendered":"http:\/\/arantv.az\/?p=257342"},"modified":"2020-12-22T08:16:05","modified_gmt":"2020-12-22T05:16:05","slug":"ombudsmandan-erm%c9%99nistan-t%c9%99r%c9%99find%c9%99-doyus%c9%99n-v%c9%99-oldurul%c9%99n-muzdlularla-bagli-paylasim","status":"publish","type":"post","link":"https:\/\/arantv.az\/?p=257342","title":{"rendered":"Ombudsmandan Erm\u0259nistan t\u0259r\u0259find\u0259 d\u00f6y\u00fc\u015f\u0259n v\u0259 \u00f6ld\u00fcr\u00fcl\u0259n muzdlularla ba\u011fl\u0131 PAYLA\u015eIM"},"content":{"rendered":"<p>Az\u0259rbaycan Ombudsman\u0131 d\u0259f\u0259l\u0259rc\u0259 Erm\u0259nistan siyasi v\u0259 h\u0259rbi r\u0259hb\u0259rliyinin etnik t\u0259mizl\u0259m\u0259 v\u0259 qeyri-qanuni m\u0259skunla\u015fma siyas\u0259ti, o c\u00fcml\u0259d\u0259n h\u0259rbi \u0259m\u0259liyyatlarda terror\u00e7u qrupla\u015fmalardan v\u0259 muzdlulardan istifad\u0259 etm\u0259kl\u0259 Az\u0259rbaycana qar\u015f\u0131 m\u0259qs\u0259dli \u015f\u0259kild\u0259 cinay\u0259t \u0259m\u0259ll\u0259ri t\u00f6r\u0259dilm\u0259si bar\u0259d\u0259 beyn\u0259lxalq ictimaiyy\u0259t qar\u015f\u0131s\u0131nda m\u0259s\u0259l\u0259 qald\u0131r\u0131b.Ombudsman aparat\u0131n\u0131n yayd\u0131\u011f\u0131 m\u0259lumatda bildirilir ki, son g\u00fcnl\u0259rd\u0259\u00a0xarici v\u0259 yerli k\u00fctl\u0259vi informasiya vasit\u0259l\u0259rind\u0259, eyni zamanda sosial mediada Az\u0259rbaycana qar\u015f\u0131 d\u00f6y\u00fc\u015fm\u0259k m\u0259qs\u0259dil\u0259 Erm\u0259nistan t\u0259r\u0259find\u0259n pul qar\u015f\u0131l\u0131\u011f\u0131nda d\u00f6y\u00fc\u015fl\u0259r\u0259 c\u0259lb edil\u0259n v\u0259 daha sonra h\u0259lak olan muzdlular\u0131n Suriyada d\u0259fn m\u0259rasiml\u0259rinin ke\u00e7irildiyin\u0259 dair x\u0259b\u0259rl\u0259r yer al\u0131b. Bu bir daha Az\u0259rbaycana qar\u015f\u0131 t\u0259cav\u00fczkar m\u00fcharib\u0259d\u0259 m\u0259\u011flubiyy\u0259t\u0259 u\u011frayan Erm\u0259nistan\u0131n muzdlular\u0131n k\u00f6m\u0259yind\u0259n istifad\u0259 etdiyini a\u015fkar \u015f\u0259kild\u0259 s\u00fcbut edir.<\/p>\n","protected":false},"excerpt":{"rendered":"<p>Az\u0259rbaycan Ombudsman\u0131 d\u0259f\u0259l\u0259rc\u0259 Erm\u0259nistan siyasi v\u0259 h\u0259rbi r\u0259hb\u0259rliyinin etnik t\u0259mizl\u0259m\u0259 v\u0259 qeyri-qanuni m\u0259skunla\u015fma siyas\u0259ti, o c\u00fcml\u0259d\u0259n h\u0259rbi \u0259m\u0259liyyatlarda terror\u00e7u qrupla\u015fmalardan v\u0259 muzdlulardan istifad\u0259 etm\u0259kl\u0259 Az\u0259rbaycana qar\u015f\u0131 m\u0259qs\u0259dli \u015f\u0259kild\u0259 cinay\u0259t \u0259m\u0259ll\u0259ri t\u00f6r\u0259dilm\u0259si bar\u0259d\u0259 beyn\u0259lxalq ictimaiyy\u0259t qar\u015f\u0131s\u0131nda m\u0259s\u0259l\u0259 qald\u0131r\u0131b.Ombudsman aparat\u0131n\u0131n yayd\u0131\u011f\u0131 m\u0259lumatda bildirilir ki, son g\u00fcnl\u0259rd\u0259\u00a0xarici v\u0259 yerli k\u00fctl\u0259vi informasiya vasit\u0259l\u0259rind\u0259, eyni zamanda sosial mediada Az\u0259rbaycana qar\u015f\u0131 d\u00f6y\u00fc\u015fm\u0259k m\u0259qs\u0259dil\u0259 Erm\u0259nistan t\u0259r\u0259find\u0259n pul qar\u015f\u0131l\u0131\u011f\u0131nda d\u00f6y\u00fc\u015fl\u0259r\u0259 c\u0259lb edil\u0259n v\u0259 daha sonra h\u0259lak olan muzdlular\u0131n Suriyada d\u0259fn m\u0259rasiml\u0259rinin ke\u00e7irildiyin\u0259 dair x\u0259b\u0259rl\u0259r yer al\u0131b. Bu bir daha Az\u0259rbaycana qar\u015f\u0131 t\u0259cav\u00fczkar m\u00fcharib\u0259d\u0259 m\u0259\u011flubiyy\u0259t\u0259 u\u011frayan Erm\u0259nistan\u0131n muzdlular\u0131n k\u00f6m\u0259yind\u0259n&hellip;<\/p>\n","protected":false},"author":2,"featured_media":257343,"comment_status":"closed","ping_status":"closed","sticky":false,"template":"","format":"standard","meta":{"om_disable_all_campaigns":false,"_monsterinsights_skip_tracking":false,"_monsterinsights_sitenote_active":false,"_monsterinsights_sitenote_note":"","_monsterinsights_sitenote_category":0},"categories":[26],"tags":[],"aioseo_notices":[],"gutentor_comment":0,"rttpg_featured_image_url":{"full":["https:\/\/arantv.az\/wp-content\/uploads\/2020\/12\/132381722_233951964810534_6348611023135572332_n.jpg",620,426,false],"landscape":["https:\/\/arantv.az\/wp-content\/uploads\/2020\/12\/132381722_233951964810534_6348611023135572332_n.jpg",620,426,false],"portraits":["https:\/\/arantv.az\/wp-content\/uploads\/2020\/12\/132381722_233951964810534_6348611023135572332_n.jpg",620,426,false],"thumbnail":["https:\/\/arantv.az\/wp-content\/uploads\/2020\/12\/132381722_233951964810534_6348611023135572332_n-150x150.jpg",150,150,true],"medium":["https:\/\/arantv.az\/wp-content\/uploads\/2020\/12\/132381722_233951964810534_6348611023135572332_n-300x206.jpg",300,206,true],"large":["https:\/\/arantv.az\/wp-content\/uploads\/2020\/12\/132381722_233951964810534_6348611023135572332_n.jpg",620,426,false],"1536x1536":["https:\/\/arantv.az\/wp-content\/uploads\/2020\/12\/132381722_233951964810534_6348611023135572332_n.jpg",620,426,false],"2048x2048":["https:\/\/arantv.az\/wp-content\/uploads\/2020\/12\/132381722_233951964810534_6348611023135572332_n.jpg",620,426,false],"post-thumbnail":["https:\/\/arantv.az\/wp-content\/uploads\/2020\/12\/132381722_233951964810534_6348611023135572332_n-240x172.jpg",240,172,true],"advps-thumb-one":["https:\/\/arantv.az\/wp-content\/uploads\/2020\/12\/132381722_233951964810534_6348611023135572332_n.jpg",620,426,false]},"rttpg_author":{"display_name":"V\u00fcsal Rafiqo\u011flu","author_link":"https:\/\/arantv.az\/?author=2"},"rttpg_comment":0,"rttpg_category":"<a href=\"https:\/\/arantv.az\/?cat=26\" rel=\"category\">Sosial<\/a>","rttpg_excerpt":"Az\u0259rbaycan Ombudsman\u0131 d\u0259f\u0259l\u0259rc\u0259 Erm\u0259nistan siyasi v\u0259 h\u0259rbi r\u0259hb\u0259rliyinin etnik t\u0259mizl\u0259m\u0259 v\u0259 qeyri-qanuni m\u0259skunla\u015fma siyas\u0259ti, o c\u00fcml\u0259d\u0259n h\u0259rbi \u0259m\u0259liyyatlarda terror\u00e7u qrupla\u015fmalardan v\u0259 muzdlulardan istifad\u0259 etm\u0259kl\u0259 Az\u0259rbaycana qar\u015f\u0131 m\u0259qs\u0259dli \u015f\u0259kild\u0259 cinay\u0259t \u0259m\u0259ll\u0259ri t\u00f6r\u0259dilm\u0259si bar\u0259d\u0259 beyn\u0259lxalq ictimaiyy\u0259t qar\u015f\u0131s\u0131nda m\u0259s\u0259l\u0259 qald\u0131r\u0131b.Ombudsman aparat\u0131n\u0131n yayd\u0131\u011f\u0131 m\u0259lumatda bildirilir ki, son g\u00fcnl\u0259rd\u0259\u00a0xarici v\u0259 yerli k\u00fctl\u0259vi informasiya vasit\u0259l\u0259rind\u0259, eyni zamanda sosial mediada Az\u0259rbaycana qar\u015f\u0131&hellip;","_links":{"self":[{"href":"https:\/\/arantv.az\/index.php?rest_route=\/wp\/v2\/posts\/257342"}],"collection":[{"href":"https:\/\/arantv.az\/index.php?rest_route=\/wp\/v2\/posts"}],"about":[{"href":"https:\/\/arantv.az\/index.php?rest_route=\/wp\/v2\/types\/post"}],"author":[{"embeddable":true,"href":"https:\/\/arantv.az\/index.php?rest_route=\/wp\/v2\/users\/2"}],"replies":[{"embeddable":true,"href":"https:\/\/arantv.az\/index.php?rest_route=%2Fwp%2Fv2%2Fcomments&post=257342"}],"version-history":[{"count":0,"href":"https:\/\/arantv.az\/index.php?rest_route=\/wp\/v2\/posts\/257342\/revisions"}],"wp:featuredmedia":[{"embeddable":true,"href":"https:\/\/arantv.az\/index.php?rest_route=\/wp\/v2\/media\/257343"}],"wp:attachment":[{"href":"https:\/\/arantv.az\/index.php?rest_route=%2Fwp%2Fv2%2Fmedia&parent=257342"}],"wp:term":[{"taxonomy":"category","embeddable":true,"href":"https:\/\/arantv.az\/index.php?rest_route=%2Fwp%2Fv2%2Fcategories&post=257342"},{"taxonomy":"post_tag","embeddable":true,"href":"https:\/\/arantv.az\/index.php?rest_route=%2Fwp%2Fv2%2Ftags&post=257342"}],"curies":[{"name":"wp","href":"https:\/\/api.w.org\/{rel}","templated":true}]}}