{"id":257346,"date":"2020-12-22T08:16:55","date_gmt":"2020-12-22T05:16:55","guid":{"rendered":"http:\/\/arantv.az\/?p=257346"},"modified":"2020-12-22T08:16:55","modified_gmt":"2020-12-22T05:16:55","slug":"biri-s%c9%99hid-dig%c9%99ri-is%c9%99-qazi-olan-agahuseynli-qardaslari-video","status":"publish","type":"post","link":"https:\/\/arantv.az\/?p=257346","title":{"rendered":"Biri \u015f\u0259hid, dig\u0259ri is\u0259 qazi olan A\u011fah\u00fcseynli qarda\u015flar\u0131 &#8211; V\u0130DEO"},"content":{"rendered":"<p>C\u0259lilabad rayonunun Ocaql\u0131 k\u0259ndinin A\u011fah\u00fcseynlil\u0259r ail\u0259sind\u0259 \u00fc\u00e7 o\u011ful \u00f6vlad\u0131 b\u00f6y\u00fcy\u00fcb.<\/p>\n<p>G\u00fcn g\u0259lir, onlar V\u0259t\u0259n torpa\u011f\u0131n\u0131 d\u00fc\u015fm\u0259nd\u0259n t\u0259mizl\u0259m\u0259k \u00fc\u00e7\u00fcn d\u00f6y\u00fc\u015f\u0259 yollan\u0131rlar.<\/p>\n<p>Evin b\u00f6y\u00fck o\u011flu Ziya A\u011fah\u00fcseynli 2016-c\u0131 ilin Aprel d\u00f6y\u00fc\u015fl\u0259rind\u0259 d\u0259 i\u015ftirak edib. O, V\u0259t\u0259n m\u00fcharib\u0259sind\u0259 F\u00fczuli u\u011frunda ged\u0259n d\u00f6y\u00fc\u015fl\u0259rd\u0259 q\u0259lp\u0259 yaras\u0131 al\u0131b.<\/p>\n<article class=\"news\">\n<div class=\"news-inner\">\n<p>Ziyan\u0131n ki\u00e7ik qarda\u015f\u0131 S\u0259yyad A\u011fah\u00fcseynli is\u0259 bu m\u00fcharib\u0259d\u0259 \u015f\u0259hid olub. O, top\u00e7u olsa da, d\u00f6y\u00fc\u015f meydan\u0131ndan \u015f\u0259hid v\u0259 yaral\u0131lar\u0131 \u00e7\u0131xarmaq \u00fc\u00e7\u00fcn can at\u0131b. El\u0259 oradaca g\u00fcll\u0259 yaras\u0131 al\u0131b.<\/p>\n<p>Az\u0259rbaycan Televiziyas\u0131 A\u011fah\u00fcseynlil\u0259r ail\u0259sind\u0259n reportaj haz\u0131rlay\u0131b.<\/p>\n<p>H\u0259min reportaj\u0131 t\u0259qdim edirik:<\/p>\n<div><iframe loading=\"lazy\" src=\"https:\/\/player.baku.tv\/embed\/30611\" width=\"560\" height=\"315\" frameborder=\"0\" allowfullscreen=\"allowfullscreen\" data-mce-fragment=\"1\"><\/iframe><\/div>\n<\/div>\n<\/article>\n<h2 class=\"news-share-title\"><\/h2>\n","protected":false},"excerpt":{"rendered":"<p>C\u0259lilabad rayonunun Ocaql\u0131 k\u0259ndinin A\u011fah\u00fcseynlil\u0259r ail\u0259sind\u0259 \u00fc\u00e7 o\u011ful \u00f6vlad\u0131 b\u00f6y\u00fcy\u00fcb. G\u00fcn g\u0259lir, onlar V\u0259t\u0259n torpa\u011f\u0131n\u0131 d\u00fc\u015fm\u0259nd\u0259n t\u0259mizl\u0259m\u0259k \u00fc\u00e7\u00fcn d\u00f6y\u00fc\u015f\u0259 yollan\u0131rlar. Evin b\u00f6y\u00fck o\u011flu Ziya A\u011fah\u00fcseynli 2016-c\u0131 ilin Aprel d\u00f6y\u00fc\u015fl\u0259rind\u0259 d\u0259 i\u015ftirak edib. O, V\u0259t\u0259n m\u00fcharib\u0259sind\u0259 F\u00fczuli u\u011frunda ged\u0259n d\u00f6y\u00fc\u015fl\u0259rd\u0259 q\u0259lp\u0259 yaras\u0131 al\u0131b. Ziyan\u0131n ki\u00e7ik qarda\u015f\u0131 S\u0259yyad A\u011fah\u00fcseynli is\u0259 bu m\u00fcharib\u0259d\u0259 \u015f\u0259hid olub. O, top\u00e7u olsa da, d\u00f6y\u00fc\u015f meydan\u0131ndan \u015f\u0259hid v\u0259 yaral\u0131lar\u0131 \u00e7\u0131xarmaq \u00fc\u00e7\u00fcn can at\u0131b. El\u0259 oradaca g\u00fcll\u0259 yaras\u0131 al\u0131b. Az\u0259rbaycan Televiziyas\u0131 A\u011fah\u00fcseynlil\u0259r ail\u0259sind\u0259n reportaj haz\u0131rlay\u0131b. H\u0259min reportaj\u0131 t\u0259qdim edirik:<\/p>\n","protected":false},"author":2,"featured_media":257347,"comment_status":"closed","ping_status":"closed","sticky":false,"template":"","format":"standard","meta":{"om_disable_all_campaigns":false,"_monsterinsights_skip_tracking":false,"_monsterinsights_sitenote_active":false,"_monsterinsights_sitenote_note":"","_monsterinsights_sitenote_category":0},"categories":[26],"tags":[],"aioseo_notices":[],"gutentor_comment":0,"rttpg_featured_image_url":{"full":["https:\/\/arantv.az\/wp-content\/uploads\/2020\/12\/132145625_334505267516999_2279560463217032054_n.jpg",620,465,false],"landscape":["https:\/\/arantv.az\/wp-content\/uploads\/2020\/12\/132145625_334505267516999_2279560463217032054_n.jpg",620,465,false],"portraits":["https:\/\/arantv.az\/wp-content\/uploads\/2020\/12\/132145625_334505267516999_2279560463217032054_n.jpg",620,465,false],"thumbnail":["https:\/\/arantv.az\/wp-content\/uploads\/2020\/12\/132145625_334505267516999_2279560463217032054_n-150x150.jpg",150,150,true],"medium":["https:\/\/arantv.az\/wp-content\/uploads\/2020\/12\/132145625_334505267516999_2279560463217032054_n-300x225.jpg",300,225,true],"large":["https:\/\/arantv.az\/wp-content\/uploads\/2020\/12\/132145625_334505267516999_2279560463217032054_n.jpg",620,465,false],"1536x1536":["https:\/\/arantv.az\/wp-content\/uploads\/2020\/12\/132145625_334505267516999_2279560463217032054_n.jpg",620,465,false],"2048x2048":["https:\/\/arantv.az\/wp-content\/uploads\/2020\/12\/132145625_334505267516999_2279560463217032054_n.jpg",620,465,false],"post-thumbnail":["https:\/\/arantv.az\/wp-content\/uploads\/2020\/12\/132145625_334505267516999_2279560463217032054_n-240x172.jpg",240,172,true],"advps-thumb-one":["https:\/\/arantv.az\/wp-content\/uploads\/2020\/12\/132145625_334505267516999_2279560463217032054_n.jpg",620,465,false]},"rttpg_author":{"display_name":"V\u00fcsal Rafiqo\u011flu","author_link":"https:\/\/arantv.az\/?author=2"},"rttpg_comment":0,"rttpg_category":"<a href=\"https:\/\/arantv.az\/?cat=26\" rel=\"category\">Sosial<\/a>","rttpg_excerpt":"C\u0259lilabad rayonunun Ocaql\u0131 k\u0259ndinin A\u011fah\u00fcseynlil\u0259r ail\u0259sind\u0259 \u00fc\u00e7 o\u011ful \u00f6vlad\u0131 b\u00f6y\u00fcy\u00fcb. G\u00fcn g\u0259lir, onlar V\u0259t\u0259n torpa\u011f\u0131n\u0131 d\u00fc\u015fm\u0259nd\u0259n t\u0259mizl\u0259m\u0259k \u00fc\u00e7\u00fcn d\u00f6y\u00fc\u015f\u0259 yollan\u0131rlar. Evin b\u00f6y\u00fck o\u011flu Ziya A\u011fah\u00fcseynli 2016-c\u0131 ilin Aprel d\u00f6y\u00fc\u015fl\u0259rind\u0259 d\u0259 i\u015ftirak edib. O, V\u0259t\u0259n m\u00fcharib\u0259sind\u0259 F\u00fczuli u\u011frunda ged\u0259n d\u00f6y\u00fc\u015fl\u0259rd\u0259 q\u0259lp\u0259 yaras\u0131 al\u0131b. Ziyan\u0131n ki\u00e7ik qarda\u015f\u0131 S\u0259yyad A\u011fah\u00fcseynli is\u0259 bu m\u00fcharib\u0259d\u0259 \u015f\u0259hid olub. O, top\u00e7u olsa&hellip;","_links":{"self":[{"href":"https:\/\/arantv.az\/index.php?rest_route=\/wp\/v2\/posts\/257346"}],"collection":[{"href":"https:\/\/arantv.az\/index.php?rest_route=\/wp\/v2\/posts"}],"about":[{"href":"https:\/\/arantv.az\/index.php?rest_route=\/wp\/v2\/types\/post"}],"author":[{"embeddable":true,"href":"https:\/\/arantv.az\/index.php?rest_route=\/wp\/v2\/users\/2"}],"replies":[{"embeddable":true,"href":"https:\/\/arantv.az\/index.php?rest_route=%2Fwp%2Fv2%2Fcomments&post=257346"}],"version-history":[{"count":0,"href":"https:\/\/arantv.az\/index.php?rest_route=\/wp\/v2\/posts\/257346\/revisions"}],"wp:featuredmedia":[{"embeddable":true,"href":"https:\/\/arantv.az\/index.php?rest_route=\/wp\/v2\/media\/257347"}],"wp:attachment":[{"href":"https:\/\/arantv.az\/index.php?rest_route=%2Fwp%2Fv2%2Fmedia&parent=257346"}],"wp:term":[{"taxonomy":"category","embeddable":true,"href":"https:\/\/arantv.az\/index.php?rest_route=%2Fwp%2Fv2%2Fcategories&post=257346"},{"taxonomy":"post_tag","embeddable":true,"href":"https:\/\/arantv.az\/index.php?rest_route=%2Fwp%2Fv2%2Ftags&post=257346"}],"curies":[{"name":"wp","href":"https:\/\/api.w.org\/{rel}","templated":true}]}}