{"id":257376,"date":"2020-12-22T09:10:50","date_gmt":"2020-12-22T06:10:50","guid":{"rendered":"http:\/\/arantv.az\/?p=257376"},"modified":"2020-12-22T09:10:50","modified_gmt":"2020-12-22T06:10:50","slug":"israilli-politoloq-v%c9%99t%c9%99n-muharib%c9%99si-az%c9%99rbaycan-diasporunu-birl%c9%99sdirdi","status":"publish","type":"post","link":"https:\/\/arantv.az\/?p=257376","title":{"rendered":"\u0130srailli politoloq: \u201cV\u0259t\u0259n m\u00fcharib\u0259si Az\u0259rbaycan diasporunu birl\u0259\u015fdirdi\u201d"},"content":{"rendered":"<p>\u0130srailli politoloq Yuriy Bo\u00e7arov Az\u0259rbaycan\u0131n \u0259razi b\u00fct\u00f6vl\u00fcy\u00fc u\u011frunda apar\u0131lan 44 g\u00fcnl\u00fck V\u0259t\u0259n m\u00fcharib\u0259si zaman\u0131 diasporumuzun d\u00f6vl\u0259t\u0259 v\u0259 orduya d\u0259st\u0259k \u00fc\u00e7\u00fcn yumruq kimi birl\u0259\u015fm\u0259sind\u0259n yaz\u0131b.<\/p>\n<p>Bu bar\u0259d\u0259 Diasporla \u0130\u015f \u00fczr\u0259 D\u00f6vl\u0259t Komit\u0259si m\u0259lumat yay\u0131b.<\/p>\n<p>\u201cQafqazda m\u00fcharib\u0259 Az\u0259rbaycan diasporunu birl\u0259\u015fdirdi\u201d (<a href=\"https:\/\/stmegi.com\/opinions\/posts\/85330\/voyna-na-kavkaze-splotila-i-obedinila-azerbaydzhanskuyu-diasporu\/?lang=ru&amp;fbclid=IwAR25l27PFnJagbwHqjxZ3H76FA0jeyOjb0dUP1yywUZZQ6jcqWWKZubb4J4\" target=\"_blank\" rel=\"noopener\">\u201c\u0412\u043e\u0439\u043d\u0430 \u043d\u0430 \u041a\u0430\u0432\u043a\u0430\u0437\u0435 \u0441\u043f\u043b\u043e\u0442\u0438\u043b\u0430 \u0438 \u043e\u0431\u044a\u0435\u0434\u0438\u043d\u0438\u043b\u0430 \u0430\u0437\u0435\u0440\u0431\u0430\u0439\u0434\u0436\u0430\u043d\u0441\u043a\u0443\u044e \u0434\u0438\u0430\u0441\u043f\u043e\u0440\u0443\u201d<\/a>) ba\u015fl\u0131ql\u0131 m\u0259qal\u0259d\u0259 m\u00fc\u0259llif bildirir ki, insanlar pandemiyadan da ehtiyat etm\u0259d\u0259n k\u00fc\u00e7\u0259l\u0259r\u0259 ax\u0131\u015faraq Az\u0259rbaycana v\u0259 onun q\u0259hr\u0259man ordusuna d\u0259st\u0259yini n\u00fcmayi\u015f etdirdi, sosial \u015f\u0259b\u0259k\u0259l\u0259rd\u0259 Az\u0259rbaycan diasporu n\u00fcmay\u0259nd\u0259l\u0259rinin y\u00fczl\u0259rl\u0259 m\u0259qal\u0259, m\u00fczakir\u0259 v\u0259 m\u00fcraci\u0259tl\u0259ri yay\u0131mland\u0131.<\/p>\n<p>\u018fsas diqq\u0259ti \u0130sraild\u0259ki Az\u0259rbaycan icmas\u0131n\u0131n g\u00f6rd\u00fcy\u00fc i\u015fl\u0259r\u0259 y\u00f6n\u0259ld\u0259n Y.Bo\u00e7arov yaz\u0131r ki, t\u0259kc\u0259 \u0130sraild\u0259 \u201cAz\u0130z\u201din r\u0259hb\u0259rliyi il\u0259 bir ne\u00e7\u0259 k\u00fctl\u0259vi aksiya v\u0259 n\u00fcmayi\u015f ke\u00e7irilib:<\/p>\n<p>\u201c\u0130srail erm\u0259nil\u0259rin v\u0259 onlar\u0131n havadar\u0131 olan K\u0130V-l\u0259rin h\u00fccum etdiyi Az\u0259rbaycanla bir s\u0259ng\u0259rd\u0259 idi. Biz is\u0259 h\u0259min g\u00fcnl\u0259rd\u0259, bu m\u00fcharib\u0259d\u0259 Az\u0259rbaycanla h\u0259mr\u0259yliyimizl\u0259 ba\u011fl\u0131 m\u0259qal\u0259l\u0259r yaymaqla onlar\u0131n layiqli cavab\u0131n\u0131 verdik. T\u0259kc\u0259 \u201cAz\u0130z\u201din \u00fczvl\u0259ri Az\u0259rbaycan\u0131n haql\u0131 davas\u0131n\u0131 \u0259ks etdir\u0259n 200-d\u0259n art\u0131q m\u0259qal\u0259 d\u0259rc etdirib. Bundan ba\u015fqa, \u0130srail Az\u0259rbaycan \u0259sg\u0259rin\u0259 yard\u0131m g\u00f6nd\u0259r\u0259n, m\u00fcxt\u0259lif fondlara maddi d\u0259st\u0259k g\u00f6st\u0259r\u0259n ilk \u00f6lk\u0259l\u0259rd\u0259ndir\u201d.<\/p>\n<p>V\u0259t\u0259n\u0259 sevginin, ba\u015fqa vaxtlarda bir-biri il\u0259 r\u0259qab\u0259td\u0259 olan, diaspor t\u0259\u015fkilatlar\u0131n\u0131 s\u0131x birl\u0259\u015fdirdiyini vur\u011fulayan m\u00fc\u0259llif m\u00fcharib\u0259 d\u00f6n\u0259mind\u0259 AB\u015e-da \u201cMay vey\u201d, \u00c7exiyada \u201cNat\u0259van\u201d t\u0259\u015fkilatlar\u0131n\u0131n, Almaniya, Ukrayna v\u0259 dig\u0259r \u00f6lk\u0259l\u0259rd\u0259 Koordinasiya \u015euralar\u0131n\u0131n h\u0259mr\u0259ylik aksiyalar\u0131 t\u0259\u015fkil etdikl\u0259rini xat\u0131rlad\u0131b.<\/p>\n<p>M\u0259qal\u0259nin sonunda Y.Bo\u00e7arov Az\u0259rbaycandan k\u00f6\u00e7\u0259nl\u0259rin \u0259ks\u0259riyy\u0259tinin t\u0259cr\u00fcb\u0259li m\u00fct\u0259x\u0259ssis kimi i\u015f\u011faldan azad edilmi\u015f \u0259razil\u0259rimizin b\u0259rpas\u0131 i\u015fl\u0259rind\u0259 i\u015ftirak etm\u0259y\u0259 haz\u0131r oldu\u011funu yaz\u0131b.<\/p>\n<div class=\"gallery\">\n<div class=\"gallery-i\"><img src=\"https:\/\/cdn.oxu.az\/uploads\/W1siZiIsIjIwMjAvMTIvMjIvMDkvMjgvMDUvYzQ2ZDM3NDQtYTgxYi00NTI4LWEyZDctZGYyYjE1ZDNkOGE1LzEgKDEpICgxKS5qcGciXSxbInAiLCJlbmNvZGUiLCJqcGciLCItcXVhbGl0eSA4MCJdLFsicCIsInRodW1iIiwiNTkweDU5MFx1MDAzZSJdXQ?sha=02846bead3b5492c\" \/><\/div>\n<\/div>\n","protected":false},"excerpt":{"rendered":"<p>\u0130srailli politoloq Yuriy Bo\u00e7arov Az\u0259rbaycan\u0131n \u0259razi b\u00fct\u00f6vl\u00fcy\u00fc u\u011frunda apar\u0131lan 44 g\u00fcnl\u00fck V\u0259t\u0259n m\u00fcharib\u0259si zaman\u0131 diasporumuzun d\u00f6vl\u0259t\u0259 v\u0259 orduya d\u0259st\u0259k \u00fc\u00e7\u00fcn yumruq kimi birl\u0259\u015fm\u0259sind\u0259n yaz\u0131b. Bu bar\u0259d\u0259 Diasporla \u0130\u015f \u00fczr\u0259 D\u00f6vl\u0259t Komit\u0259si m\u0259lumat yay\u0131b. \u201cQafqazda m\u00fcharib\u0259 Az\u0259rbaycan diasporunu birl\u0259\u015fdirdi\u201d (\u201c\u0412\u043e\u0439\u043d\u0430 \u043d\u0430 \u041a\u0430\u0432\u043a\u0430\u0437\u0435 \u0441\u043f\u043b\u043e\u0442\u0438\u043b\u0430 \u0438 \u043e\u0431\u044a\u0435\u0434\u0438\u043d\u0438\u043b\u0430 \u0430\u0437\u0435\u0440\u0431\u0430\u0439\u0434\u0436\u0430\u043d\u0441\u043a\u0443\u044e \u0434\u0438\u0430\u0441\u043f\u043e\u0440\u0443\u201d) ba\u015fl\u0131ql\u0131 m\u0259qal\u0259d\u0259 m\u00fc\u0259llif bildirir ki, insanlar pandemiyadan da ehtiyat etm\u0259d\u0259n k\u00fc\u00e7\u0259l\u0259r\u0259 ax\u0131\u015faraq Az\u0259rbaycana v\u0259 onun q\u0259hr\u0259man ordusuna d\u0259st\u0259yini n\u00fcmayi\u015f etdirdi, sosial \u015f\u0259b\u0259k\u0259l\u0259rd\u0259 Az\u0259rbaycan diasporu n\u00fcmay\u0259nd\u0259l\u0259rinin y\u00fczl\u0259rl\u0259 m\u0259qal\u0259, m\u00fczakir\u0259 v\u0259 m\u00fcraci\u0259tl\u0259ri yay\u0131mland\u0131. \u018fsas diqq\u0259ti \u0130sraild\u0259ki Az\u0259rbaycan icmas\u0131n\u0131n g\u00f6rd\u00fcy\u00fc i\u015fl\u0259r\u0259 y\u00f6n\u0259ld\u0259n Y.Bo\u00e7arov yaz\u0131r ki, t\u0259kc\u0259 \u0130sraild\u0259&hellip;<\/p>\n","protected":false},"author":2,"featured_media":257377,"comment_status":"closed","ping_status":"closed","sticky":false,"template":"","format":"standard","meta":{"om_disable_all_campaigns":false,"_monsterinsights_skip_tracking":false,"_monsterinsights_sitenote_active":false,"_monsterinsights_sitenote_note":"","_monsterinsights_sitenote_category":0},"categories":[7],"tags":[],"aioseo_notices":[],"gutentor_comment":0,"rttpg_featured_image_url":{"full":["https:\/\/arantv.az\/wp-content\/uploads\/2020\/12\/qaf.jpg",620,354,false],"landscape":["https:\/\/arantv.az\/wp-content\/uploads\/2020\/12\/qaf.jpg",620,354,false],"portraits":["https:\/\/arantv.az\/wp-content\/uploads\/2020\/12\/qaf.jpg",620,354,false],"thumbnail":["https:\/\/arantv.az\/wp-content\/uploads\/2020\/12\/qaf-150x150.jpg",150,150,true],"medium":["https:\/\/arantv.az\/wp-content\/uploads\/2020\/12\/qaf-300x171.jpg",300,171,true],"large":["https:\/\/arantv.az\/wp-content\/uploads\/2020\/12\/qaf.jpg",620,354,false],"1536x1536":["https:\/\/arantv.az\/wp-content\/uploads\/2020\/12\/qaf.jpg",620,354,false],"2048x2048":["https:\/\/arantv.az\/wp-content\/uploads\/2020\/12\/qaf.jpg",620,354,false],"post-thumbnail":["https:\/\/arantv.az\/wp-content\/uploads\/2020\/12\/qaf-240x172.jpg",240,172,true],"advps-thumb-one":["https:\/\/arantv.az\/wp-content\/uploads\/2020\/12\/qaf.jpg",620,354,false]},"rttpg_author":{"display_name":"V\u00fcsal Rafiqo\u011flu","author_link":"https:\/\/arantv.az\/?author=2"},"rttpg_comment":0,"rttpg_category":"<a href=\"https:\/\/arantv.az\/?cat=7\" rel=\"category\">D\u00fcnya<\/a>","rttpg_excerpt":"\u0130srailli politoloq Yuriy Bo\u00e7arov Az\u0259rbaycan\u0131n \u0259razi b\u00fct\u00f6vl\u00fcy\u00fc u\u011frunda apar\u0131lan 44 g\u00fcnl\u00fck V\u0259t\u0259n m\u00fcharib\u0259si zaman\u0131 diasporumuzun d\u00f6vl\u0259t\u0259 v\u0259 orduya d\u0259st\u0259k \u00fc\u00e7\u00fcn yumruq kimi birl\u0259\u015fm\u0259sind\u0259n yaz\u0131b. Bu bar\u0259d\u0259 Diasporla \u0130\u015f \u00fczr\u0259 D\u00f6vl\u0259t Komit\u0259si m\u0259lumat yay\u0131b. \u201cQafqazda m\u00fcharib\u0259 Az\u0259rbaycan diasporunu birl\u0259\u015fdirdi\u201d (\u201c\u0412\u043e\u0439\u043d\u0430 \u043d\u0430 \u041a\u0430\u0432\u043a\u0430\u0437\u0435 \u0441\u043f\u043b\u043e\u0442\u0438\u043b\u0430 \u0438 \u043e\u0431\u044a\u0435\u0434\u0438\u043d\u0438\u043b\u0430 \u0430\u0437\u0435\u0440\u0431\u0430\u0439\u0434\u0436\u0430\u043d\u0441\u043a\u0443\u044e \u0434\u0438\u0430\u0441\u043f\u043e\u0440\u0443\u201d) ba\u015fl\u0131ql\u0131 m\u0259qal\u0259d\u0259 m\u00fc\u0259llif bildirir ki, insanlar pandemiyadan da ehtiyat&hellip;","_links":{"self":[{"href":"https:\/\/arantv.az\/index.php?rest_route=\/wp\/v2\/posts\/257376"}],"collection":[{"href":"https:\/\/arantv.az\/index.php?rest_route=\/wp\/v2\/posts"}],"about":[{"href":"https:\/\/arantv.az\/index.php?rest_route=\/wp\/v2\/types\/post"}],"author":[{"embeddable":true,"href":"https:\/\/arantv.az\/index.php?rest_route=\/wp\/v2\/users\/2"}],"replies":[{"embeddable":true,"href":"https:\/\/arantv.az\/index.php?rest_route=%2Fwp%2Fv2%2Fcomments&post=257376"}],"version-history":[{"count":0,"href":"https:\/\/arantv.az\/index.php?rest_route=\/wp\/v2\/posts\/257376\/revisions"}],"wp:featuredmedia":[{"embeddable":true,"href":"https:\/\/arantv.az\/index.php?rest_route=\/wp\/v2\/media\/257377"}],"wp:attachment":[{"href":"https:\/\/arantv.az\/index.php?rest_route=%2Fwp%2Fv2%2Fmedia&parent=257376"}],"wp:term":[{"taxonomy":"category","embeddable":true,"href":"https:\/\/arantv.az\/index.php?rest_route=%2Fwp%2Fv2%2Fcategories&post=257376"},{"taxonomy":"post_tag","embeddable":true,"href":"https:\/\/arantv.az\/index.php?rest_route=%2Fwp%2Fv2%2Ftags&post=257376"}],"curies":[{"name":"wp","href":"https:\/\/api.w.org\/{rel}","templated":true}]}}