{"id":257616,"date":"2020-12-22T12:23:56","date_gmt":"2020-12-22T09:23:56","guid":{"rendered":"http:\/\/arantv.az\/?p=257616"},"modified":"2020-12-22T12:23:56","modified_gmt":"2020-12-22T09:23:56","slug":"abs-peyv%c9%99ndl%c9%99r%c9%99-olan-k%c9%99skin-allergiyanin-s%c9%99b%c9%99bl%c9%99rini-arasdirir","status":"publish","type":"post","link":"https:\/\/arantv.az\/?p=257616","title":{"rendered":"AB\u015e peyv\u0259ndl\u0259r\u0259 olan k\u0259skin allergiyan\u0131n s\u0259b\u0259bl\u0259rini ara\u015fd\u0131r\u0131r"},"content":{"rendered":"<p>AB\u015e-\u0131n Milli Allergiya v\u0259 \u0130nfeksion X\u0259st\u0259likl\u0259r \u0130nstitutu (NIAID) 2021-ci ilin \u0259vv\u0259ll\u0259rind\u0259 \u201cPfizer\u201d v\u0259 \u201cBioNTech\u201d t\u0259r\u0259find\u0259n haz\u0131rlanan koronavirus peyv\u0259ndi il\u0259 \u0259laq\u0259dar b\u0259zi insanlarda k\u0259skin allergik reaksiya s\u0259b\u0259bl\u0259rini ara\u015fd\u0131rma\u011fa ba\u015flayacaq.<\/p>\n<p>Bu bar\u0259d\u0259 CNBC x\u0259b\u0259r yay\u0131r.<\/p>\n<p>T\u0259dqiqat eyni zamanda AB\u015e-da istifad\u0259si t\u0259sdiql\u0259nmi\u015f \u201cModerna\u201d peyv\u0259ndin\u0259 d\u0259 t\u0259sir ed\u0259 bil\u0259r.<\/p>\n<p>Bildirilir ki, haz\u0131rda k\u0259skin allergik reaksiya ke\u00e7irmi\u015f bir ne\u00e7\u0259 y\u00fcz insan\u0131n i\u015ftirak ed\u0259c\u0259yi ilkin ara\u015fd\u0131rma apar\u0131l\u0131r.<\/p>\n<p>Allergiya, astma v\u0259 t\u0259n\u0259ff\u00fcs yollar\u0131n\u0131n biologiya \u015f\u00f6b\u0259sinin m\u00fcdiri Elkis Togias deyib ki, \u201cYaln\u0131zca peyv\u0259ndl\u0259r\u0259 deyil, bir \u00e7ox \u015fey\u0259 b\u0259nz\u0259r reaksiya g\u00f6st\u0259r\u0259n alergik insanlar\u0131n art\u0131q peyv\u0259nd edilm\u0259kd\u0259n qorxa bil\u0259c\u0259yi bizi bir q\u0259d\u0259r narahat edir\u201d.<\/p>\n<p>Ke\u00e7\u0259n h\u0259ft\u0259 AB\u015e Qida v\u0259 D\u0259rman \u0130dar\u0259si (FDA) t\u0259r\u0259find\u0259n t\u0259sdiql\u0259nmi\u015f peyv\u0259nd\u0259 qar\u015f\u0131 be\u015f k\u0259skin allergik reaksiyan\u0131n oldu\u011fu bildirilmi\u015fdi.<\/p>\n<p>M\u00fct\u0259x\u0259ssisl\u0259r hesab edirl\u0259r ki, h\u0259r iki peyv\u0259ndd\u0259 olan polietilen qlikol adl\u0131 kimy\u0259vi madd\u0259 allergiyaya s\u0259b\u0259b ola bil\u0259r.<\/p>\n","protected":false},"excerpt":{"rendered":"<p>AB\u015e-\u0131n Milli Allergiya v\u0259 \u0130nfeksion X\u0259st\u0259likl\u0259r \u0130nstitutu (NIAID) 2021-ci ilin \u0259vv\u0259ll\u0259rind\u0259 \u201cPfizer\u201d v\u0259 \u201cBioNTech\u201d t\u0259r\u0259find\u0259n haz\u0131rlanan koronavirus peyv\u0259ndi il\u0259 \u0259laq\u0259dar b\u0259zi insanlarda k\u0259skin allergik reaksiya s\u0259b\u0259bl\u0259rini ara\u015fd\u0131rma\u011fa ba\u015flayacaq. Bu bar\u0259d\u0259 CNBC x\u0259b\u0259r yay\u0131r. T\u0259dqiqat eyni zamanda AB\u015e-da istifad\u0259si t\u0259sdiql\u0259nmi\u015f \u201cModerna\u201d peyv\u0259ndin\u0259 d\u0259 t\u0259sir ed\u0259 bil\u0259r. Bildirilir ki, haz\u0131rda k\u0259skin allergik reaksiya ke\u00e7irmi\u015f bir ne\u00e7\u0259 y\u00fcz insan\u0131n i\u015ftirak ed\u0259c\u0259yi ilkin ara\u015fd\u0131rma apar\u0131l\u0131r. Allergiya, astma v\u0259 t\u0259n\u0259ff\u00fcs yollar\u0131n\u0131n biologiya \u015f\u00f6b\u0259sinin m\u00fcdiri Elkis Togias deyib ki, \u201cYaln\u0131zca peyv\u0259ndl\u0259r\u0259 deyil, bir \u00e7ox \u015fey\u0259 b\u0259nz\u0259r reaksiya g\u00f6st\u0259r\u0259n alergik insanlar\u0131n art\u0131q peyv\u0259nd edilm\u0259kd\u0259n qorxa bil\u0259c\u0259yi bizi&hellip;<\/p>\n","protected":false},"author":2,"featured_media":257617,"comment_status":"closed","ping_status":"closed","sticky":false,"template":"","format":"standard","meta":{"om_disable_all_campaigns":false,"_monsterinsights_skip_tracking":false,"_monsterinsights_sitenote_active":false,"_monsterinsights_sitenote_note":"","_monsterinsights_sitenote_category":0},"categories":[7],"tags":[],"aioseo_notices":[],"gutentor_comment":0,"rttpg_featured_image_url":{"full":["https:\/\/arantv.az\/wp-content\/uploads\/2020\/12\/2dc2f0457610e2f851c08bfb1871b69b.jpg",550,412,false],"landscape":["https:\/\/arantv.az\/wp-content\/uploads\/2020\/12\/2dc2f0457610e2f851c08bfb1871b69b.jpg",550,412,false],"portraits":["https:\/\/arantv.az\/wp-content\/uploads\/2020\/12\/2dc2f0457610e2f851c08bfb1871b69b.jpg",550,412,false],"thumbnail":["https:\/\/arantv.az\/wp-content\/uploads\/2020\/12\/2dc2f0457610e2f851c08bfb1871b69b-150x150.jpg",150,150,true],"medium":["https:\/\/arantv.az\/wp-content\/uploads\/2020\/12\/2dc2f0457610e2f851c08bfb1871b69b-300x225.jpg",300,225,true],"large":["https:\/\/arantv.az\/wp-content\/uploads\/2020\/12\/2dc2f0457610e2f851c08bfb1871b69b.jpg",550,412,false],"1536x1536":["https:\/\/arantv.az\/wp-content\/uploads\/2020\/12\/2dc2f0457610e2f851c08bfb1871b69b.jpg",550,412,false],"2048x2048":["https:\/\/arantv.az\/wp-content\/uploads\/2020\/12\/2dc2f0457610e2f851c08bfb1871b69b.jpg",550,412,false],"post-thumbnail":["https:\/\/arantv.az\/wp-content\/uploads\/2020\/12\/2dc2f0457610e2f851c08bfb1871b69b-240x172.jpg",240,172,true],"advps-thumb-one":["https:\/\/arantv.az\/wp-content\/uploads\/2020\/12\/2dc2f0457610e2f851c08bfb1871b69b.jpg",550,412,false]},"rttpg_author":{"display_name":"V\u00fcsal Rafiqo\u011flu","author_link":"https:\/\/arantv.az\/?author=2"},"rttpg_comment":0,"rttpg_category":"<a href=\"https:\/\/arantv.az\/?cat=7\" rel=\"category\">D\u00fcnya<\/a>","rttpg_excerpt":"AB\u015e-\u0131n Milli Allergiya v\u0259 \u0130nfeksion X\u0259st\u0259likl\u0259r \u0130nstitutu (NIAID) 2021-ci ilin \u0259vv\u0259ll\u0259rind\u0259 \u201cPfizer\u201d v\u0259 \u201cBioNTech\u201d t\u0259r\u0259find\u0259n haz\u0131rlanan koronavirus peyv\u0259ndi il\u0259 \u0259laq\u0259dar b\u0259zi insanlarda k\u0259skin allergik reaksiya s\u0259b\u0259bl\u0259rini ara\u015fd\u0131rma\u011fa ba\u015flayacaq. Bu bar\u0259d\u0259 CNBC x\u0259b\u0259r yay\u0131r. T\u0259dqiqat eyni zamanda AB\u015e-da istifad\u0259si t\u0259sdiql\u0259nmi\u015f \u201cModerna\u201d peyv\u0259ndin\u0259 d\u0259 t\u0259sir ed\u0259 bil\u0259r. Bildirilir ki, haz\u0131rda k\u0259skin allergik reaksiya ke\u00e7irmi\u015f bir ne\u00e7\u0259 y\u00fcz&hellip;","_links":{"self":[{"href":"https:\/\/arantv.az\/index.php?rest_route=\/wp\/v2\/posts\/257616"}],"collection":[{"href":"https:\/\/arantv.az\/index.php?rest_route=\/wp\/v2\/posts"}],"about":[{"href":"https:\/\/arantv.az\/index.php?rest_route=\/wp\/v2\/types\/post"}],"author":[{"embeddable":true,"href":"https:\/\/arantv.az\/index.php?rest_route=\/wp\/v2\/users\/2"}],"replies":[{"embeddable":true,"href":"https:\/\/arantv.az\/index.php?rest_route=%2Fwp%2Fv2%2Fcomments&post=257616"}],"version-history":[{"count":0,"href":"https:\/\/arantv.az\/index.php?rest_route=\/wp\/v2\/posts\/257616\/revisions"}],"wp:featuredmedia":[{"embeddable":true,"href":"https:\/\/arantv.az\/index.php?rest_route=\/wp\/v2\/media\/257617"}],"wp:attachment":[{"href":"https:\/\/arantv.az\/index.php?rest_route=%2Fwp%2Fv2%2Fmedia&parent=257616"}],"wp:term":[{"taxonomy":"category","embeddable":true,"href":"https:\/\/arantv.az\/index.php?rest_route=%2Fwp%2Fv2%2Fcategories&post=257616"},{"taxonomy":"post_tag","embeddable":true,"href":"https:\/\/arantv.az\/index.php?rest_route=%2Fwp%2Fv2%2Ftags&post=257616"}],"curies":[{"name":"wp","href":"https:\/\/api.w.org\/{rel}","templated":true}]}}