{"id":257668,"date":"2020-12-22T13:31:49","date_gmt":"2020-12-22T10:31:49","guid":{"rendered":"http:\/\/arantv.az\/?p=257668"},"modified":"2020-12-22T13:31:49","modified_gmt":"2020-12-22T10:31:49","slug":"dayimin-%c9%99mimin-qisasini-alacagam-s%c9%99hidimizin-arzusu-kovr%c9%99ltdi","status":"publish","type":"post","link":"https:\/\/arantv.az\/?p=257668","title":{"rendered":"&#8220;Day\u0131m\u0131n, \u0259mimin qisas\u0131n\u0131 alaca\u011fam!&#8221;- \u015e\u0259hidimizin arzusu K\u00d6VR\u018fLTD\u0130"},"content":{"rendered":"<p>V\u0259t\u0259n m\u00fcharib\u0259sind\u0259 \u015f\u0259hidlik zirv\u0259sin\u0259 ucalan q\u0259hr\u0259manlar\u0131m\u0131zdan biri d\u0259 21 ya\u015fl\u0131 igidimiz, \u00c7avu\u015f \u0130lkin Isg\u0259nd\u0259rovdur.<\/p>\n<p><strong>ARANTV.AZ<\/strong>\u00a0\u00a0<a title=\"en son xeberler 2020\" href=\"https:\/\/sonxeber.az\/\" target=\"_blank\" rel=\"noopener\">Sonxeber.az<\/a>-a istinad\u0259n \u015f\u0259hidin h\u0259yat hekay\u0259sini yax\u0131nlar\u0131n\u0131n dili il\u0259 izl\u0259yicil\u0259r\u0259 t\u0259qdim edir:<\/p>\n<div id=\"AdviadNativeVideo0\" class=\"AdviadNativeVideo\"><\/div>\n<p>&#8220;\u0130kin 18 Mart 1999-cu ild\u0259 Sumqay\u0131tda d\u00fcnyaya g\u00f6z a\u00e7\u0131b. \u018fsl\u0259n Qubadl\u0131n\u0131n Hac\u0131l\u0131 k\u0259ndind\u0259ndir. Ilkin ad\u0131ndan da g\u00f6r\u00fcnd\u00fcy\u00fc kimi ail\u0259nin ilk \u00f6vlad\u0131, valideynl\u0259rinin ilk g\u00f6za\u011fr\u0131s\u0131 idi.<\/p>\n<p>Anas\u0131 deyir ki, &#8220;\u0130lkin u\u015faql\u0131qdan \u00e7ox istiqanl\u0131, mehriban, \u0259n \u0259sas\u0131 ail\u0259canl\u0131 v\u0259 V\u0259t\u0259nin\u0259 \u00e7ox ba\u011fl\u0131 idi&#8221;<\/p>\n<p>\u0130lkin 2016-c\u0131 ild\u0259 Qubadl\u0131 rayonu Mehman A\u011fayarov ad\u0131na Kavdanq k\u0259nd tam orta m\u0259kt\u0259bini bitirir (Sumqay\u0131tda). 2018-ci ild\u0259 h\u0259qiqi h\u0259rbi xidm\u0259t\u0259 yollan\u0131r.<\/p>\n<p>U\u015faql\u0131qdan art\u0131q, ail\u0259 y\u00fck\u00fcn\u00fc \u00f6z \u00e7iyinl\u0259rin\u0259 alma\u011fa m\u0259cbur olmu\u015fdu. H\u0259m\u00e7inin z\u0259hm\u0259tl\u0259 b\u00f6y\u00fcm\u00fc\u015fd\u00fc. \u018fmisi M\u00fcbariz Isg\u0259nd\u0259rov 1993-c\u00fc ild\u0259, y\u0259ni, I Qaraba\u011f sava\u015f\u0131nda, day\u0131s\u0131 \u018fv\u0259z H\u0259s\u0259nov is\u0259 2002-ci ild\u0259 \u015f\u0259hid olmu\u015fdular. Anas\u0131 Ramil\u0259 xan\u0131m deyir ki, &#8220;\u0130lkin h\u0259mi\u015f\u0259 bu m\u00f6vzuda s\u00f6hb\u0259t d\u00fc\u015f\u0259nd\u0259, g\u00f6zl\u0259rini sanki qan \u00f6rt\u00fcrd\u00fc. Deyirdi ki, day\u0131m\u0131n da \u0259mimin d\u0259 qisas\u0131n\u0131 alaca\u011fam.<\/p>\n<p>\u0130lkin h\u0259m d\u0259 anas\u0131na h\u0259dsiz ba\u011fl\u0131 idi. Anas\u0131 Ramil\u0259 xan\u0131m deyir ki, &#8220;\u0130lkinin iki \u0259n b\u00f6y\u00fck arzusu var idi. Biri ail\u0259 qurub, m\u0259ni n\u0259n\u0259 etm\u0259k v\u0259 o\u011fluna Yusif ad\u0131n\u0131 qoymaq (Hz.Yusifi \u00e7ox sevirmi\u015f), biri is\u0259 Qaraba\u011f\u0131 v\u0259 \u00fcz\u00fcn\u00fc g\u00f6rm\u0259diyi ata-baba yurdunu i\u015f\u011faldan azad etm\u0259k, day\u0131s\u0131 v\u0259 \u0259misinin simas\u0131nda b\u00fct\u00fcn \u015f\u0259hidl\u0259rimizin qisas\u0131n\u0131 almaq&#8221;. \u0130lkin bir arzusuna \u00e7atsa da, ail\u0259 qurmaq arzusuna \u00e7ata bilm\u0259di.<\/p>\n<p>H\u0259rbi xidm\u0259tini G\u0259nc\u0259d\u0259 N sayl\u0131 h\u0259rbi hiss\u0259d\u0259 ba\u015fa vurur. Ev\u0259 h\u0259r z\u0259ng ed\u0259nd\u0259, &#8220;bura \u00e7ox sakitdi. M\u0259n c\u0259bh\u0259 b\u00f6lg\u0259sind\u0259 xidm\u0259t etm\u0259k, erm\u0259nil\u0259rl\u0259 \u00fcz-\u00fcz\u0259 olmaq ist\u0259yir\u0259m&#8221; deyirmi\u015f.<\/p>\n<p>Tovuz d\u00f6y\u00fc\u015fl\u0259ri ba\u015flayanda bir yerd\u0259 q\u0259rar tuta bilmirdi. Gedib k\u00f6n\u00fcll\u00fc yaz\u0131lm\u0131\u015fd\u0131. V\u0259t\u0259n m\u00fcharib\u0259sin\u0259 d\u0259 el\u0259, k\u00f6n\u00fcll\u00fc olaraq yollan\u0131r. Sentyabr\u0131n 21-d\u0259n t\u0259liml\u0259r\u0259 qat\u0131l\u0131r.<br \/>\nF\u00fczuli-C\u0259bray\u0131l v\u0259 Qubadl\u0131 istiqam\u0259tind\u0259 d\u00f6y\u00fc\u015fl\u0259rd\u0259 i\u015ftirak edir. Q\u0131z\u011f\u0131n d\u00f6y\u00fc\u015fl\u0259rin getdiyi bir vaxtda anas\u0131na z\u0259ng edir. Deyir ki, &#8220;K\u0259ndimiz\u0259 \u00e7ox az qal\u0131b. ilk add\u0131m\u0131 \u00f6z\u00fcm ataca\u011fam k\u0259ndimiz\u0259. Sonra is\u0259 siz g\u0259l\u0259rsiniz&#8230;&#8221;<\/p>\n<p>D\u00f6y\u00fc\u015fl\u0259rd\u0259 x\u00fcsusi f\u0259all\u0131\u011f\u0131 v\u0259 bacar\u0131\u011f\u0131na g\u00f6r\u0259 \u00e7avu\u015f r\u00fctb\u0259si al\u0131r.<\/p>\n<p>Oktyabr\u0131n 25-d\u0259 q\u0131z\u011f\u0131n d\u00f6y\u00fc\u015fl\u0259r zaman\u0131 can\u0131ndan \u00e7ox sevdiyi V\u0259t\u0259ni \u00fc\u00e7\u00fcn \u015e\u0259hidlik zirv\u0259sin\u0259 ucal\u0131r. \u018fmisi v\u0259 day\u0131s\u0131n\u0131n qisas\u0131n\u0131 al\u0131r&#8230;&#8221;<\/p>\n<p><img class=\"imgbcode\" src=\"https:\/\/upload.az\/foto\/arxiv\/dayim1.jpg\" alt=\"&quot;Day\u0131m\u0131n, \u0259mimin qisas\u0131n\u0131 alaca\u011fam!&quot;- \u015e\u0259hidimizin arzusu K\u00d6VR\u018fLTD\u0130\" \/><img class=\"imgbcode\" src=\"https:\/\/upload.az\/foto\/arxiv\/dayim2.jpg\" alt=\"&quot;Day\u0131m\u0131n, \u0259mimin qisas\u0131n\u0131 alaca\u011fam!&quot;- \u015e\u0259hidimizin arzusu K\u00d6VR\u018fLTD\u0130\" \/><img class=\"imgbcode\" src=\"https:\/\/upload.az\/foto\/arxiv\/dayim3.jpg\" alt=\"&quot;Day\u0131m\u0131n, \u0259mimin qisas\u0131n\u0131 alaca\u011fam!&quot;- \u015e\u0259hidimizin arzusu K\u00d6VR\u018fLTD\u0130\" \/><img class=\"imgbcode\" src=\"https:\/\/upload.az\/foto\/arxiv\/dayim4.jpg\" alt=\"&quot;Day\u0131m\u0131n, \u0259mimin qisas\u0131n\u0131 alaca\u011fam!&quot;- \u015e\u0259hidimizin arzusu K\u00d6VR\u018fLTD\u0130\" \/><img class=\"imgbcode\" src=\"https:\/\/upload.az\/foto\/arxiv\/dayim5.jpg\" alt=\"&quot;Day\u0131m\u0131n, \u0259mimin qisas\u0131n\u0131 alaca\u011fam!&quot;- \u015e\u0259hidimizin arzusu K\u00d6VR\u018fLTD\u0130\" \/><\/p>\n","protected":false},"excerpt":{"rendered":"<p>V\u0259t\u0259n m\u00fcharib\u0259sind\u0259 \u015f\u0259hidlik zirv\u0259sin\u0259 ucalan q\u0259hr\u0259manlar\u0131m\u0131zdan biri d\u0259 21 ya\u015fl\u0131 igidimiz, \u00c7avu\u015f \u0130lkin Isg\u0259nd\u0259rovdur. ARANTV.AZ\u00a0\u00a0Sonxeber.az-a istinad\u0259n \u015f\u0259hidin h\u0259yat hekay\u0259sini yax\u0131nlar\u0131n\u0131n dili il\u0259 izl\u0259yicil\u0259r\u0259 t\u0259qdim edir: &#8220;\u0130kin 18 Mart 1999-cu ild\u0259 Sumqay\u0131tda d\u00fcnyaya g\u00f6z a\u00e7\u0131b. \u018fsl\u0259n Qubadl\u0131n\u0131n Hac\u0131l\u0131 k\u0259ndind\u0259ndir. Ilkin ad\u0131ndan da g\u00f6r\u00fcnd\u00fcy\u00fc kimi ail\u0259nin ilk \u00f6vlad\u0131, valideynl\u0259rinin ilk g\u00f6za\u011fr\u0131s\u0131 idi. Anas\u0131 deyir ki, &#8220;\u0130lkin u\u015faql\u0131qdan \u00e7ox istiqanl\u0131, mehriban, \u0259n \u0259sas\u0131 ail\u0259canl\u0131 v\u0259 V\u0259t\u0259nin\u0259 \u00e7ox ba\u011fl\u0131 idi&#8221; \u0130lkin 2016-c\u0131 ild\u0259 Qubadl\u0131 rayonu Mehman A\u011fayarov ad\u0131na Kavdanq k\u0259nd tam orta m\u0259kt\u0259bini bitirir (Sumqay\u0131tda). 2018-ci ild\u0259 h\u0259qiqi h\u0259rbi xidm\u0259t\u0259 yollan\u0131r. U\u015faql\u0131qdan art\u0131q, ail\u0259&hellip;<\/p>\n","protected":false},"author":2,"featured_media":257669,"comment_status":"closed","ping_status":"closed","sticky":false,"template":"","format":"standard","meta":{"om_disable_all_campaigns":false,"_monsterinsights_skip_tracking":false,"_monsterinsights_sitenote_active":false,"_monsterinsights_sitenote_note":"","_monsterinsights_sitenote_category":0},"categories":[26],"tags":[],"aioseo_notices":[],"gutentor_comment":0,"rttpg_featured_image_url":{"full":["https:\/\/arantv.az\/wp-content\/uploads\/2020\/12\/dayim.jpg",549,412,false],"landscape":["https:\/\/arantv.az\/wp-content\/uploads\/2020\/12\/dayim.jpg",549,412,false],"portraits":["https:\/\/arantv.az\/wp-content\/uploads\/2020\/12\/dayim.jpg",549,412,false],"thumbnail":["https:\/\/arantv.az\/wp-content\/uploads\/2020\/12\/dayim-150x150.jpg",150,150,true],"medium":["https:\/\/arantv.az\/wp-content\/uploads\/2020\/12\/dayim-300x225.jpg",300,225,true],"large":["https:\/\/arantv.az\/wp-content\/uploads\/2020\/12\/dayim.jpg",549,412,false],"1536x1536":["https:\/\/arantv.az\/wp-content\/uploads\/2020\/12\/dayim.jpg",549,412,false],"2048x2048":["https:\/\/arantv.az\/wp-content\/uploads\/2020\/12\/dayim.jpg",549,412,false],"post-thumbnail":["https:\/\/arantv.az\/wp-content\/uploads\/2020\/12\/dayim-240x172.jpg",240,172,true],"advps-thumb-one":["https:\/\/arantv.az\/wp-content\/uploads\/2020\/12\/dayim.jpg",549,412,false]},"rttpg_author":{"display_name":"V\u00fcsal Rafiqo\u011flu","author_link":"https:\/\/arantv.az\/?author=2"},"rttpg_comment":0,"rttpg_category":"<a href=\"https:\/\/arantv.az\/?cat=26\" rel=\"category\">Sosial<\/a>","rttpg_excerpt":"V\u0259t\u0259n m\u00fcharib\u0259sind\u0259 \u015f\u0259hidlik zirv\u0259sin\u0259 ucalan q\u0259hr\u0259manlar\u0131m\u0131zdan biri d\u0259 21 ya\u015fl\u0131 igidimiz, \u00c7avu\u015f \u0130lkin Isg\u0259nd\u0259rovdur. ARANTV.AZ\u00a0\u00a0Sonxeber.az-a istinad\u0259n \u015f\u0259hidin h\u0259yat hekay\u0259sini yax\u0131nlar\u0131n\u0131n dili il\u0259 izl\u0259yicil\u0259r\u0259 t\u0259qdim edir: &#8220;\u0130kin 18 Mart 1999-cu ild\u0259 Sumqay\u0131tda d\u00fcnyaya g\u00f6z a\u00e7\u0131b. \u018fsl\u0259n Qubadl\u0131n\u0131n Hac\u0131l\u0131 k\u0259ndind\u0259ndir. Ilkin ad\u0131ndan da g\u00f6r\u00fcnd\u00fcy\u00fc kimi ail\u0259nin ilk \u00f6vlad\u0131, valideynl\u0259rinin ilk g\u00f6za\u011fr\u0131s\u0131 idi. Anas\u0131 deyir ki, &#8220;\u0130lkin u\u015faql\u0131qdan&hellip;","_links":{"self":[{"href":"https:\/\/arantv.az\/index.php?rest_route=\/wp\/v2\/posts\/257668"}],"collection":[{"href":"https:\/\/arantv.az\/index.php?rest_route=\/wp\/v2\/posts"}],"about":[{"href":"https:\/\/arantv.az\/index.php?rest_route=\/wp\/v2\/types\/post"}],"author":[{"embeddable":true,"href":"https:\/\/arantv.az\/index.php?rest_route=\/wp\/v2\/users\/2"}],"replies":[{"embeddable":true,"href":"https:\/\/arantv.az\/index.php?rest_route=%2Fwp%2Fv2%2Fcomments&post=257668"}],"version-history":[{"count":0,"href":"https:\/\/arantv.az\/index.php?rest_route=\/wp\/v2\/posts\/257668\/revisions"}],"wp:featuredmedia":[{"embeddable":true,"href":"https:\/\/arantv.az\/index.php?rest_route=\/wp\/v2\/media\/257669"}],"wp:attachment":[{"href":"https:\/\/arantv.az\/index.php?rest_route=%2Fwp%2Fv2%2Fmedia&parent=257668"}],"wp:term":[{"taxonomy":"category","embeddable":true,"href":"https:\/\/arantv.az\/index.php?rest_route=%2Fwp%2Fv2%2Fcategories&post=257668"},{"taxonomy":"post_tag","embeddable":true,"href":"https:\/\/arantv.az\/index.php?rest_route=%2Fwp%2Fv2%2Ftags&post=257668"}],"curies":[{"name":"wp","href":"https:\/\/api.w.org\/{rel}","templated":true}]}}