{"id":257698,"date":"2020-12-22T13:39:15","date_gmt":"2020-12-22T10:39:15","guid":{"rendered":"http:\/\/arantv.az\/?p=257698"},"modified":"2020-12-22T13:39:15","modified_gmt":"2020-12-22T10:39:15","slug":"ai-c%c9%99nub-qaz-d%c9%99hlizinin-q%c9%99rbi-balkan-olk%c9%99l%c9%99rin%c9%99d%c9%99k-genisl%c9%99ndirilm%c9%99sind%c9%99-maraqlidir","status":"publish","type":"post","link":"https:\/\/arantv.az\/?p=257698","title":{"rendered":"A\u0130 &#8220;C\u0259nub Qaz D\u0259hlizi&#8221;nin q\u0259rbi Balkan \u00f6lk\u0259l\u0259rin\u0259d\u0259k geni\u015fl\u0259ndirilm\u0259sind\u0259 maraql\u0131d\u0131r"},"content":{"rendered":"<blockquote><p><em><strong>Avropa \u0130ttifaq\u0131 (A\u0130) &#8220;C\u0259nub Qaz D\u0259hlizi&#8221;nin q\u0259rbi Balkan \u00f6lk\u0259l\u0259rin\u0259d\u0259k geni\u015fl\u0259ndirilm\u0259si m\u0259s\u0259l\u0259sind\u0259 maraql\u0131d\u0131r.<\/strong><\/em><\/p><\/blockquote>\n<p><strong>ARANTV.AZ<\/strong>\u00a0\u00a0<a href=\"https:\/\/az.trend.az\/\" target=\"_blank\" rel=\"noopener\">Trend<\/a>-\u0259 istinad\u0259n bildirir ki,\u00a0bunu A\u0130-nin qon\u015fuluq v\u0259 geni\u015fl\u0259nm\u0259 m\u0259s\u0259l\u0259l\u0259ri \u00fczr\u0259 komissar\u0131 Oliver Varheli deyib.<\/p>\n<p>O bildirib ki, A\u0130 energetika, ticar\u0259t, investisiyalar v\u0259 kommunikasiya sah\u0259l\u0259rind\u0259 Az\u0259rbaycan\u0131n apar\u0131c\u0131 t\u0259r\u0259fda\u015f\u0131d\u0131r:<\/p>\n<p>&#8220;C\u0259nub Qaz D\u0259hlizi&#8221;nin bu il tikintisinin ba\u015fa \u00e7atmas\u0131n\u0131 n\u0259z\u0259r\u0259 alaraq, biz layih\u0259nin q\u0259rbi Balkan \u00f6lk\u0259l\u0259rin\u0259d\u0259k geni\u015fl\u0259ndirilm\u0259si m\u0259s\u0259l\u0259sini t\u0259dqiq etm\u0259kd\u0259 maraql\u0131y\u0131q&#8221;.Qeyd ed\u0259k ki, &#8220;C\u0259nub Qaz D\u0259hlizi&#8221; il\u0259 ilk Az\u0259rbaycan qaz\u0131n\u0131n 2020-ci ilin sonunad\u0259k yola sal\u0131nmas\u0131 g\u00f6zl\u0259nilir.<\/p>\n","protected":false},"excerpt":{"rendered":"<p>Avropa \u0130ttifaq\u0131 (A\u0130) &#8220;C\u0259nub Qaz D\u0259hlizi&#8221;nin q\u0259rbi Balkan \u00f6lk\u0259l\u0259rin\u0259d\u0259k geni\u015fl\u0259ndirilm\u0259si m\u0259s\u0259l\u0259sind\u0259 maraql\u0131d\u0131r. ARANTV.AZ\u00a0\u00a0Trend-\u0259 istinad\u0259n bildirir ki,\u00a0bunu A\u0130-nin qon\u015fuluq v\u0259 geni\u015fl\u0259nm\u0259 m\u0259s\u0259l\u0259l\u0259ri \u00fczr\u0259 komissar\u0131 Oliver Varheli deyib. O bildirib ki, A\u0130 energetika, ticar\u0259t, investisiyalar v\u0259 kommunikasiya sah\u0259l\u0259rind\u0259 Az\u0259rbaycan\u0131n apar\u0131c\u0131 t\u0259r\u0259fda\u015f\u0131d\u0131r: &#8220;C\u0259nub Qaz D\u0259hlizi&#8221;nin bu il tikintisinin ba\u015fa \u00e7atmas\u0131n\u0131 n\u0259z\u0259r\u0259 alaraq, biz layih\u0259nin q\u0259rbi Balkan \u00f6lk\u0259l\u0259rin\u0259d\u0259k geni\u015fl\u0259ndirilm\u0259si m\u0259s\u0259l\u0259sini t\u0259dqiq etm\u0259kd\u0259 maraql\u0131y\u0131q&#8221;.Qeyd ed\u0259k ki, &#8220;C\u0259nub Qaz D\u0259hlizi&#8221; il\u0259 ilk Az\u0259rbaycan qaz\u0131n\u0131n 2020-ci ilin sonunad\u0259k yola sal\u0131nmas\u0131 g\u00f6zl\u0259nilir.<\/p>\n","protected":false},"author":2,"featured_media":257699,"comment_status":"closed","ping_status":"closed","sticky":false,"template":"","format":"standard","meta":{"om_disable_all_campaigns":false,"_monsterinsights_skip_tracking":false,"_monsterinsights_sitenote_active":false,"_monsterinsights_sitenote_note":"","_monsterinsights_sitenote_category":0},"categories":[19],"tags":[],"aioseo_notices":[],"gutentor_comment":0,"rttpg_featured_image_url":{"full":["https:\/\/arantv.az\/wp-content\/uploads\/2020\/12\/907205.jpg",800,600,false],"landscape":["https:\/\/arantv.az\/wp-content\/uploads\/2020\/12\/907205.jpg",800,600,false],"portraits":["https:\/\/arantv.az\/wp-content\/uploads\/2020\/12\/907205.jpg",800,600,false],"thumbnail":["https:\/\/arantv.az\/wp-content\/uploads\/2020\/12\/907205-150x150.jpg",150,150,true],"medium":["https:\/\/arantv.az\/wp-content\/uploads\/2020\/12\/907205-300x225.jpg",300,225,true],"large":["https:\/\/arantv.az\/wp-content\/uploads\/2020\/12\/907205.jpg",640,480,false],"1536x1536":["https:\/\/arantv.az\/wp-content\/uploads\/2020\/12\/907205.jpg",800,600,false],"2048x2048":["https:\/\/arantv.az\/wp-content\/uploads\/2020\/12\/907205.jpg",800,600,false],"post-thumbnail":["https:\/\/arantv.az\/wp-content\/uploads\/2020\/12\/907205-240x172.jpg",240,172,true],"advps-thumb-one":["https:\/\/arantv.az\/wp-content\/uploads\/2020\/12\/907205.jpg",800,600,false]},"rttpg_author":{"display_name":"V\u00fcsal Rafiqo\u011flu","author_link":"https:\/\/arantv.az\/?author=2"},"rttpg_comment":0,"rttpg_category":"<a href=\"https:\/\/arantv.az\/?cat=19\" rel=\"category\">G\u00fcnd\u0259m<\/a>","rttpg_excerpt":"Avropa \u0130ttifaq\u0131 (A\u0130) &#8220;C\u0259nub Qaz D\u0259hlizi&#8221;nin q\u0259rbi Balkan \u00f6lk\u0259l\u0259rin\u0259d\u0259k geni\u015fl\u0259ndirilm\u0259si m\u0259s\u0259l\u0259sind\u0259 maraql\u0131d\u0131r. ARANTV.AZ\u00a0\u00a0Trend-\u0259 istinad\u0259n bildirir ki,\u00a0bunu A\u0130-nin qon\u015fuluq v\u0259 geni\u015fl\u0259nm\u0259 m\u0259s\u0259l\u0259l\u0259ri \u00fczr\u0259 komissar\u0131 Oliver Varheli deyib. O bildirib ki, A\u0130 energetika, ticar\u0259t, investisiyalar v\u0259 kommunikasiya sah\u0259l\u0259rind\u0259 Az\u0259rbaycan\u0131n apar\u0131c\u0131 t\u0259r\u0259fda\u015f\u0131d\u0131r: &#8220;C\u0259nub Qaz D\u0259hlizi&#8221;nin bu il tikintisinin ba\u015fa \u00e7atmas\u0131n\u0131 n\u0259z\u0259r\u0259 alaraq, biz layih\u0259nin q\u0259rbi Balkan \u00f6lk\u0259l\u0259rin\u0259d\u0259k geni\u015fl\u0259ndirilm\u0259si&hellip;","_links":{"self":[{"href":"https:\/\/arantv.az\/index.php?rest_route=\/wp\/v2\/posts\/257698"}],"collection":[{"href":"https:\/\/arantv.az\/index.php?rest_route=\/wp\/v2\/posts"}],"about":[{"href":"https:\/\/arantv.az\/index.php?rest_route=\/wp\/v2\/types\/post"}],"author":[{"embeddable":true,"href":"https:\/\/arantv.az\/index.php?rest_route=\/wp\/v2\/users\/2"}],"replies":[{"embeddable":true,"href":"https:\/\/arantv.az\/index.php?rest_route=%2Fwp%2Fv2%2Fcomments&post=257698"}],"version-history":[{"count":0,"href":"https:\/\/arantv.az\/index.php?rest_route=\/wp\/v2\/posts\/257698\/revisions"}],"wp:featuredmedia":[{"embeddable":true,"href":"https:\/\/arantv.az\/index.php?rest_route=\/wp\/v2\/media\/257699"}],"wp:attachment":[{"href":"https:\/\/arantv.az\/index.php?rest_route=%2Fwp%2Fv2%2Fmedia&parent=257698"}],"wp:term":[{"taxonomy":"category","embeddable":true,"href":"https:\/\/arantv.az\/index.php?rest_route=%2Fwp%2Fv2%2Fcategories&post=257698"},{"taxonomy":"post_tag","embeddable":true,"href":"https:\/\/arantv.az\/index.php?rest_route=%2Fwp%2Fv2%2Ftags&post=257698"}],"curies":[{"name":"wp","href":"https:\/\/api.w.org\/{rel}","templated":true}]}}