{"id":257703,"date":"2020-12-22T13:39:59","date_gmt":"2020-12-22T10:39:59","guid":{"rendered":"http:\/\/arantv.az\/?p=257703"},"modified":"2020-12-22T13:39:59","modified_gmt":"2020-12-22T10:39:59","slug":"kanadada-57-min-il-%c9%99vv%c9%99l%c9%99-aid-canavar-fosili-tapildi","status":"publish","type":"post","link":"https:\/\/arantv.az\/?p=257703","title":{"rendered":"Kanadada 57 min il \u0259vv\u0259l\u0259 aid canavar fosili tap\u0131ld\u0131"},"content":{"rendered":"<p><strong>Kanadan\u0131n Yukon regionunda t\u0259dqiqat\u00e7\u0131lar 57 min il \u0259vv\u0259l\u0259 aid oldu\u011fu g\u00fcman edil\u0259n canavar fosili a\u015fkar edilib.<\/strong><\/p>\n<p><strong>ARANTV.AZ<\/strong>\u00a0 unikal.org-a istinad\u0259n bildirir ki, buzla\u015fm\u0131\u015f fosil tam b\u0259d\u0259n \u00fczvl\u0259ri il\u0259 b\u00fct\u00f6v halda a\u015fkarlan\u0131b. Onun son qidas\u0131n\u0131n bal\u0131q oldu\u011fu \u00fcz\u0259 \u00e7\u0131x\u0131b.<\/p>\n<p>Bu qurd fosilinin Avropada tap\u0131lm\u0131\u015f qurd fosill\u0259ri il\u0259 qohumlu\u011fu da ortaya \u00e7\u0131x\u0131b. Bel\u0259c\u0259, buz d\u00f6vr\u00fcnd\u0259 qit\u0259l\u0259raras\u0131 h\u0259r\u0259k\u0259tl\u0259 ba\u011fl\u0131 yeni izl\u0259r ara\u015fd\u0131rmaya c\u0259lb olunub.<\/p>\n","protected":false},"excerpt":{"rendered":"<p>Kanadan\u0131n Yukon regionunda t\u0259dqiqat\u00e7\u0131lar 57 min il \u0259vv\u0259l\u0259 aid oldu\u011fu g\u00fcman edil\u0259n canavar fosili a\u015fkar edilib. ARANTV.AZ\u00a0 unikal.org-a istinad\u0259n bildirir ki, buzla\u015fm\u0131\u015f fosil tam b\u0259d\u0259n \u00fczvl\u0259ri il\u0259 b\u00fct\u00f6v halda a\u015fkarlan\u0131b. Onun son qidas\u0131n\u0131n bal\u0131q oldu\u011fu \u00fcz\u0259 \u00e7\u0131x\u0131b. Bu qurd fosilinin Avropada tap\u0131lm\u0131\u015f qurd fosill\u0259ri il\u0259 qohumlu\u011fu da ortaya \u00e7\u0131x\u0131b. Bel\u0259c\u0259, buz d\u00f6vr\u00fcnd\u0259 qit\u0259l\u0259raras\u0131 h\u0259r\u0259k\u0259tl\u0259 ba\u011fl\u0131 yeni izl\u0259r ara\u015fd\u0131rmaya c\u0259lb olunub.<\/p>\n","protected":false},"author":2,"featured_media":257704,"comment_status":"closed","ping_status":"closed","sticky":false,"template":"","format":"standard","meta":{"om_disable_all_campaigns":false,"_monsterinsights_skip_tracking":false,"_monsterinsights_sitenote_active":false,"_monsterinsights_sitenote_note":"","_monsterinsights_sitenote_category":0},"categories":[7],"tags":[],"aioseo_notices":[],"gutentor_comment":0,"rttpg_featured_image_url":{"full":["https:\/\/arantv.az\/wp-content\/uploads\/2020\/12\/907202.jpg",800,600,false],"landscape":["https:\/\/arantv.az\/wp-content\/uploads\/2020\/12\/907202.jpg",800,600,false],"portraits":["https:\/\/arantv.az\/wp-content\/uploads\/2020\/12\/907202.jpg",800,600,false],"thumbnail":["https:\/\/arantv.az\/wp-content\/uploads\/2020\/12\/907202-150x150.jpg",150,150,true],"medium":["https:\/\/arantv.az\/wp-content\/uploads\/2020\/12\/907202-300x225.jpg",300,225,true],"large":["https:\/\/arantv.az\/wp-content\/uploads\/2020\/12\/907202.jpg",640,480,false],"1536x1536":["https:\/\/arantv.az\/wp-content\/uploads\/2020\/12\/907202.jpg",800,600,false],"2048x2048":["https:\/\/arantv.az\/wp-content\/uploads\/2020\/12\/907202.jpg",800,600,false],"post-thumbnail":["https:\/\/arantv.az\/wp-content\/uploads\/2020\/12\/907202-240x172.jpg",240,172,true],"advps-thumb-one":["https:\/\/arantv.az\/wp-content\/uploads\/2020\/12\/907202.jpg",800,600,false]},"rttpg_author":{"display_name":"V\u00fcsal Rafiqo\u011flu","author_link":"https:\/\/arantv.az\/?author=2"},"rttpg_comment":0,"rttpg_category":"<a href=\"https:\/\/arantv.az\/?cat=7\" rel=\"category\">D\u00fcnya<\/a>","rttpg_excerpt":"Kanadan\u0131n Yukon regionunda t\u0259dqiqat\u00e7\u0131lar 57 min il \u0259vv\u0259l\u0259 aid oldu\u011fu g\u00fcman edil\u0259n canavar fosili a\u015fkar edilib. ARANTV.AZ\u00a0 unikal.org-a istinad\u0259n bildirir ki, buzla\u015fm\u0131\u015f fosil tam b\u0259d\u0259n \u00fczvl\u0259ri il\u0259 b\u00fct\u00f6v halda a\u015fkarlan\u0131b. Onun son qidas\u0131n\u0131n bal\u0131q oldu\u011fu \u00fcz\u0259 \u00e7\u0131x\u0131b. Bu qurd fosilinin Avropada tap\u0131lm\u0131\u015f qurd fosill\u0259ri il\u0259 qohumlu\u011fu da ortaya \u00e7\u0131x\u0131b. Bel\u0259c\u0259, buz d\u00f6vr\u00fcnd\u0259 qit\u0259l\u0259raras\u0131 h\u0259r\u0259k\u0259tl\u0259 ba\u011fl\u0131&hellip;","_links":{"self":[{"href":"https:\/\/arantv.az\/index.php?rest_route=\/wp\/v2\/posts\/257703"}],"collection":[{"href":"https:\/\/arantv.az\/index.php?rest_route=\/wp\/v2\/posts"}],"about":[{"href":"https:\/\/arantv.az\/index.php?rest_route=\/wp\/v2\/types\/post"}],"author":[{"embeddable":true,"href":"https:\/\/arantv.az\/index.php?rest_route=\/wp\/v2\/users\/2"}],"replies":[{"embeddable":true,"href":"https:\/\/arantv.az\/index.php?rest_route=%2Fwp%2Fv2%2Fcomments&post=257703"}],"version-history":[{"count":0,"href":"https:\/\/arantv.az\/index.php?rest_route=\/wp\/v2\/posts\/257703\/revisions"}],"wp:featuredmedia":[{"embeddable":true,"href":"https:\/\/arantv.az\/index.php?rest_route=\/wp\/v2\/media\/257704"}],"wp:attachment":[{"href":"https:\/\/arantv.az\/index.php?rest_route=%2Fwp%2Fv2%2Fmedia&parent=257703"}],"wp:term":[{"taxonomy":"category","embeddable":true,"href":"https:\/\/arantv.az\/index.php?rest_route=%2Fwp%2Fv2%2Fcategories&post=257703"},{"taxonomy":"post_tag","embeddable":true,"href":"https:\/\/arantv.az\/index.php?rest_route=%2Fwp%2Fv2%2Ftags&post=257703"}],"curies":[{"name":"wp","href":"https:\/\/api.w.org\/{rel}","templated":true}]}}