{"id":257813,"date":"2020-12-22T14:54:05","date_gmt":"2020-12-22T11:54:05","guid":{"rendered":"http:\/\/arantv.az\/?p=257813"},"modified":"2020-12-22T14:54:05","modified_gmt":"2020-12-22T11:54:05","slug":"prezident-ilham-%c9%99liyevin-parlaq-liderliyi-v%c9%99-mudrikliyi-az%c9%99rbaycanin-ikinci-qarabag-muharib%c9%99sind%c9%99-q%c9%99l%c9%99b%c9%99sini-t%c9%99min-etdi-rob-sobhani","status":"publish","type":"post","link":"https:\/\/arantv.az\/?p=257813","title":{"rendered":"Prezident \u0130lham \u018fliyevin parlaq liderliyi v\u0259 m\u00fcdrikliyi Az\u0259rbaycan\u0131n \u0130kinci Qaraba\u011f m\u00fcharib\u0259sind\u0259 q\u0259l\u0259b\u0259sini t\u0259min etdi &#8211; Rob Sobhani"},"content":{"rendered":"<p>Prezident \u0130lham \u018fliyevin parlaq liderliyi v\u0259 m\u00fcdrikliyi Az\u0259rbaycan\u0131n \u0130kinci Qaraba\u011f m\u00fcharib\u0259sind\u0259 q\u0259l\u0259b\u0259sini t\u0259min etdi.<\/p>\n<p><strong>ARANTV.AZ<\/strong> bildirir ki, bunu\u00a0<a href=\"https:\/\/az.trend.az\/\" target=\"_blank\" rel=\"noopener\">Trend<\/a>-\u0259 amerikal\u0131 ekspert, &#8220;Caspian Group Holdings&#8221;in ba\u015f direktoru Rob Sobhani deyib.<\/p>\n<p>O hesab edir ki, Az\u0259rbaycan\u0131n q\u0259l\u0259b\u0259si bir-biri il\u0259 qar\u015f\u0131l\u0131ql\u0131 \u015f\u0259kild\u0259 \u0259laq\u0259li olan amill\u0259r\u0259 \u0259saslan\u0131b:<\/p>\n<p>&#8220;Birinci amil Prezident \u0130lham \u018fliyevin parlaq liderliyidir. O, sanki, d\u00fcnya arenas\u0131nda vakuumu hiss etdi. M\u0259n bunu Minsk qrupu h\u0259ms\u0259dr \u00f6lk\u0259l\u0259rinin liderlik vakuumu adland\u0131r\u0131ram. \u0130kinci amil Prezident \u0130lham \u018fliyevin Az\u0259rbaycan\u0131n xarici siyas\u0259tininin h\u0259yata ke\u00e7irilm\u0259sind\u0259 g\u00f6st\u0259rdiyi m\u00fcdriklikdir. Erm\u0259nistan\u0131n t\u0259cr\u00fcb\u0259siz ba\u015f naziri Nikol Pa\u015finyandan f\u0259rqli olaraq Prezident \u0130lham \u018fliyev iki regional g\u00fcc, y\u0259ni Rusiya v\u0259 T\u00fcrkiy\u0259 il\u0259 dostluq m\u00fcnasib\u0259tl\u0259rini t\u0259min etdi. \u0130kinci Qaraba\u011f m\u00fcharib\u0259sinin \u0259dal\u0259tli m\u00fcharib\u0259 olmas\u0131 bar\u0259d\u0259 rasional arqumentl\u0259r g\u0259tirm\u0259kl\u0259 Az\u0259rbaycan Prezidenti bu iki vacib d\u00f6vl\u0259tin d\u0259st\u0259yini t\u0259min ed\u0259 bildi. \u00dc\u00e7\u00fcnc\u00fcs\u00fc, hesab edir\u0259m ki, Az\u0259rbaycan\u0131n \u0130sraill\u0259 m\u00fcnasib\u0259tl\u0259ri d\u0259 vacib rol oynad\u0131. \u0130srailin h\u0259rbi-s\u0259naye kompleksinin texnoloji \u00fcs\u00fcnl\u00fcy\u00fcn\u00fc Prezident \u0130lham \u018fliyev \u0259vv\u0259ld\u0259n qeyd etmi\u015fdi. Az\u0259rbaycan\u0131n q\u0259l\u0259b\u0259sin\u0259 g\u0259tirib \u00e7\u0131xarm\u0131\u015f d\u00f6rd\u00fcnc\u00fc vacib amil m\u00fcasir pilotsuz u\u00e7u\u015f aparatlar\u0131nda istifad\u0259 olunmu\u015f innovativ texnologiyalar idi. M\u00fcasir texnologiyalar\u0131n t\u0259tbiqi h\u0259rbi g\u00fcc balans\u0131n\u0131 Az\u0259rbaycan\u0131n xeyrin\u0259 d\u0259yi\u015fmi\u015f m\u00fch\u00fcm amil idi. Bu, Az\u0259rbaycan\u0131n g\u0259l\u0259c\u0259yi \u00fc\u00e7\u00fcn \u00e7ox vacib d\u0259rsdir: biotexnologiyalar, s\u00fcni intellekt, elektromobill\u0259r \u00fc\u00e7\u00fcn akkumulyatorlar kimi innovativ v\u0259 yarad\u0131c\u0131 texnologiyalara investisiya qoymaq. V\u0259 n\u0259hay\u0259t, he\u00e7 vaxt unutmamal\u0131y\u0131q ki, \u0130kinci Qaraba\u011f m\u00fcharib\u0259sind\u0259 q\u0259l\u0259b\u0259 Az\u0259rbaycan\u0131n q\u0259hr\u0259man \u0259sg\u0259rl\u0259rinin r\u0259\u015fad\u0259ti say\u0259sind\u0259 m\u00fcmk\u00fcn oldu&#8221;.<\/p>\n<p>Ekspert \u0259lav\u0259 edib ki, Qaraba\u011f\u0131n b\u0259rpas\u0131 v\u0259 inki\u015faf\u0131 prioritet olacaq:<\/p>\n<p>&#8220;Bel\u0259likl\u0259, haz\u0131rda z\u0259ruri olan &#8220;Qaraba\u011f \u00fc\u00e7\u00fcn Mar\u015fall plan\u0131&#8221;d\u0131r. Qaraba\u011fda yol, k\u00f6rp\u00fc, elektrik enerjisi istehsal\u0131, su ehtiyatlar\u0131n\u0131n idar\u0259 olunmas\u0131, n\u0259qliyyat \u0259laq\u0259si v\u0259 turizm kimi iri infrastruktur layih\u0259l\u0259rinin maliyy\u0259l\u0259\u015fdirilm\u0259si \u00fc\u00e7\u00fcn AB\u015e, \u00c7in, Yaponiya v\u0259 C\u0259nubi Koreya kimi d\u00f6vl\u0259tl\u0259ri d\u0259v\u0259t etm\u0259k laz\u0131md\u0131r. Az\u0259rbaycan d\u00f6vl\u0259t-\u00f6z\u0259l sektor t\u0259r\u0259fda\u015fl\u0131\u011f\u0131 \u0259sas\u0131nda maliyy\u0259l\u0259\u015fdirilm\u0259si \u00fc\u00e7\u00fcn banklara t\u0259qdim olunacaq konkret layih\u0259l\u0259ri m\u00fc\u0259yy\u0259nl\u0259\u015fdirm\u0259lidir. M\u0259s\u0259l\u0259n, \u00f6lk\u0259 \u015eu\u015fada g\u00fcn\u0259\u015f panell\u0259ri v\u0259 akkumluyatorlar\u0131n istehsal\u0131 \u00fczr\u0259 obyektl\u0259rin texniki-iqtisadi \u0259sasland\u0131rmas\u0131n\u0131 t\u0259qdim ed\u0259 bil\u0259r. Bu, Avropa \u0130nvestisiya Bank\u0131 \u00fc\u00e7\u00fcn b\u00f6y\u00fck maraq k\u0259sb ed\u0259c\u0259k. Qaraba\u011f\u0131n v\u0259 \u0259traf \u0259razil\u0259rin azad edilm\u0259si h\u0259min rayonlarda ki\u00e7ik v\u0259 orta m\u00fc\u0259ssis\u0259l\u0259rin \u00f6z m\u0259hsulunu elektron ticar\u0259t portallar\u0131 vasit\u0259sil\u0259 d\u00fcnya bazarlar\u0131nda sat\u0131\u015f\u0131 m\u0259qs\u0259dil\u0259 Bak\u0131ya n\u0259ql etm\u0259si \u00fc\u00e7\u00fcn tarixi imkan yarad\u0131r. Yaponiya, \u00c7in v\u0259 ya Fransa istehsal\u0131 olan texnologiyalar\u0131n istifad\u0259si il\u0259 Bak\u0131 il\u0259 Qaraba\u011f\u0131 birl\u0259\u015fdir\u0259n y\u00fcks\u0259k s\u00fcr\u0259tli d\u0259mir yolu \u0259laq\u0259si yaratmaq olar&#8221;.<\/p>\n","protected":false},"excerpt":{"rendered":"<p>Prezident \u0130lham \u018fliyevin parlaq liderliyi v\u0259 m\u00fcdrikliyi Az\u0259rbaycan\u0131n \u0130kinci Qaraba\u011f m\u00fcharib\u0259sind\u0259 q\u0259l\u0259b\u0259sini t\u0259min etdi. ARANTV.AZ bildirir ki, bunu\u00a0Trend-\u0259 amerikal\u0131 ekspert, &#8220;Caspian Group Holdings&#8221;in ba\u015f direktoru Rob Sobhani deyib. O hesab edir ki, Az\u0259rbaycan\u0131n q\u0259l\u0259b\u0259si bir-biri il\u0259 qar\u015f\u0131l\u0131ql\u0131 \u015f\u0259kild\u0259 \u0259laq\u0259li olan amill\u0259r\u0259 \u0259saslan\u0131b: &#8220;Birinci amil Prezident \u0130lham \u018fliyevin parlaq liderliyidir. O, sanki, d\u00fcnya arenas\u0131nda vakuumu hiss etdi. M\u0259n bunu Minsk qrupu h\u0259ms\u0259dr \u00f6lk\u0259l\u0259rinin liderlik vakuumu adland\u0131r\u0131ram. \u0130kinci amil Prezident \u0130lham \u018fliyevin Az\u0259rbaycan\u0131n xarici siyas\u0259tininin h\u0259yata ke\u00e7irilm\u0259sind\u0259 g\u00f6st\u0259rdiyi m\u00fcdriklikdir. Erm\u0259nistan\u0131n t\u0259cr\u00fcb\u0259siz ba\u015f naziri Nikol Pa\u015finyandan f\u0259rqli olaraq Prezident \u0130lham \u018fliyev iki regional&hellip;<\/p>\n","protected":false},"author":2,"featured_media":257814,"comment_status":"closed","ping_status":"closed","sticky":false,"template":"","format":"standard","meta":{"om_disable_all_campaigns":false,"_monsterinsights_skip_tracking":false,"_monsterinsights_sitenote_active":false,"_monsterinsights_sitenote_note":"","_monsterinsights_sitenote_category":0},"categories":[4],"tags":[],"aioseo_notices":[],"gutentor_comment":0,"rttpg_featured_image_url":{"full":["https:\/\/arantv.az\/wp-content\/uploads\/2020\/12\/907316.jpg",800,600,false],"landscape":["https:\/\/arantv.az\/wp-content\/uploads\/2020\/12\/907316.jpg",800,600,false],"portraits":["https:\/\/arantv.az\/wp-content\/uploads\/2020\/12\/907316.jpg",800,600,false],"thumbnail":["https:\/\/arantv.az\/wp-content\/uploads\/2020\/12\/907316-150x150.jpg",150,150,true],"medium":["https:\/\/arantv.az\/wp-content\/uploads\/2020\/12\/907316-300x225.jpg",300,225,true],"large":["https:\/\/arantv.az\/wp-content\/uploads\/2020\/12\/907316.jpg",640,480,false],"1536x1536":["https:\/\/arantv.az\/wp-content\/uploads\/2020\/12\/907316.jpg",800,600,false],"2048x2048":["https:\/\/arantv.az\/wp-content\/uploads\/2020\/12\/907316.jpg",800,600,false],"post-thumbnail":["https:\/\/arantv.az\/wp-content\/uploads\/2020\/12\/907316-240x172.jpg",240,172,true],"advps-thumb-one":["https:\/\/arantv.az\/wp-content\/uploads\/2020\/12\/907316.jpg",800,600,false]},"rttpg_author":{"display_name":"V\u00fcsal Rafiqo\u011flu","author_link":"https:\/\/arantv.az\/?author=2"},"rttpg_comment":0,"rttpg_category":"<a href=\"https:\/\/arantv.az\/?cat=4\" rel=\"category\">Siyas\u0259t<\/a>","rttpg_excerpt":"Prezident \u0130lham \u018fliyevin parlaq liderliyi v\u0259 m\u00fcdrikliyi Az\u0259rbaycan\u0131n \u0130kinci Qaraba\u011f m\u00fcharib\u0259sind\u0259 q\u0259l\u0259b\u0259sini t\u0259min etdi. ARANTV.AZ bildirir ki, bunu\u00a0Trend-\u0259 amerikal\u0131 ekspert, &#8220;Caspian Group Holdings&#8221;in ba\u015f direktoru Rob Sobhani deyib. O hesab edir ki, Az\u0259rbaycan\u0131n q\u0259l\u0259b\u0259si bir-biri il\u0259 qar\u015f\u0131l\u0131ql\u0131 \u015f\u0259kild\u0259 \u0259laq\u0259li olan amill\u0259r\u0259 \u0259saslan\u0131b: &#8220;Birinci amil Prezident \u0130lham \u018fliyevin parlaq liderliyidir. O, sanki, d\u00fcnya arenas\u0131nda vakuumu hiss&hellip;","_links":{"self":[{"href":"https:\/\/arantv.az\/index.php?rest_route=\/wp\/v2\/posts\/257813"}],"collection":[{"href":"https:\/\/arantv.az\/index.php?rest_route=\/wp\/v2\/posts"}],"about":[{"href":"https:\/\/arantv.az\/index.php?rest_route=\/wp\/v2\/types\/post"}],"author":[{"embeddable":true,"href":"https:\/\/arantv.az\/index.php?rest_route=\/wp\/v2\/users\/2"}],"replies":[{"embeddable":true,"href":"https:\/\/arantv.az\/index.php?rest_route=%2Fwp%2Fv2%2Fcomments&post=257813"}],"version-history":[{"count":0,"href":"https:\/\/arantv.az\/index.php?rest_route=\/wp\/v2\/posts\/257813\/revisions"}],"wp:featuredmedia":[{"embeddable":true,"href":"https:\/\/arantv.az\/index.php?rest_route=\/wp\/v2\/media\/257814"}],"wp:attachment":[{"href":"https:\/\/arantv.az\/index.php?rest_route=%2Fwp%2Fv2%2Fmedia&parent=257813"}],"wp:term":[{"taxonomy":"category","embeddable":true,"href":"https:\/\/arantv.az\/index.php?rest_route=%2Fwp%2Fv2%2Fcategories&post=257813"},{"taxonomy":"post_tag","embeddable":true,"href":"https:\/\/arantv.az\/index.php?rest_route=%2Fwp%2Fv2%2Ftags&post=257813"}],"curies":[{"name":"wp","href":"https:\/\/api.w.org\/{rel}","templated":true}]}}