{"id":25803,"date":"2018-12-01T09:17:41","date_gmt":"2018-12-01T06:17:41","guid":{"rendered":"http:\/\/arantv.az\/?p=25803"},"modified":"2018-12-01T09:17:41","modified_gmt":"2018-12-01T06:17:41","slug":"prezident-ilham-%c9%99liyev-ruminiyali-h%c9%99mkarini-t%c9%99brik-edib","status":"publish","type":"post","link":"https:\/\/arantv.az\/?p=25803","title":{"rendered":"Prezident \u0130lham \u018fliyev rum\u0131niyal\u0131 h\u0259mkar\u0131n\u0131 t\u0259brik edib"},"content":{"rendered":"<p><b>Az\u0259rbaycan Respublikas\u0131n\u0131n Prezidenti \u0130lham \u018fliyev Rum\u0131niyan\u0131n Prezidenti Klaus Verner \u0130ohannis\u0259 t\u0259brik m\u0259ktubu \u00fcnvanlay\u0131b.<\/p>\n<p>ARANTV.AZ-\u0131n x\u0259b\u0259rin\u0259 g\u00f6r\u0259, m\u0259tnind\u0259 deyilir:<\/p>\n<p>\u201cH\u00f6rm\u0259tli c\u0259nab Prezident,<\/p>\n<p>Rum\u0131niyan\u0131n birl\u0259\u015fm\u0259sinin 100 illiyi m\u00fcnasib\u0259til\u0259 Sizi v\u0259 b\u00fct\u00fcn xalq\u0131n\u0131z\u0131 \u00f6z ad\u0131mdan v\u0259 Az\u0259rbaycan xalq\u0131 ad\u0131ndan s\u0259mimi q\u0259lbd\u0259n t\u0259brik edir\u0259m.<\/p>\n<p>Az\u0259rbaycan-Rum\u0131niya m\u00fcnasib\u0259tl\u0259rinin haz\u0131rk\u0131 s\u0259viyy\u0259si m\u0259mnunluq do\u011furur. \u0130nan\u0131ram ki, strateji xarakter da\u015f\u0131yan t\u0259r\u0259fda\u015fl\u0131\u011f\u0131m\u0131z, ikit\u0259r\u0259fli v\u0259 \u00e7oxt\u0259r\u0259fli qaydada \u0259m\u0259kda\u015fl\u0131\u011f\u0131m\u0131z xalqlar\u0131m\u0131z\u0131n m\u0259nafel\u0259rin\u0259 uy\u011fun olaraq bundan sonra da inki\u015faf ed\u0259c\u0259k v\u0259 geni\u015fl\u0259n\u0259c\u0259kdir.<\/p>\n<p>Bu \u0259lam\u0259tdar g\u00fcnd\u0259 Siz\u0259 m\u00f6hk\u0259m cansa\u011fl\u0131\u011f\u0131, i\u015fl\u0259rinizd\u0259 u\u011furlar, dost Rum\u0131niya xalq\u0131na daim s\u00fclh v\u0259 firavanl\u0131q arzulay\u0131ram\u201d.<\/b>\u00a0report<\/p>\n","protected":false},"excerpt":{"rendered":"<p>Az\u0259rbaycan Respublikas\u0131n\u0131n Prezidenti \u0130lham \u018fliyev Rum\u0131niyan\u0131n Prezidenti Klaus Verner \u0130ohannis\u0259 t\u0259brik m\u0259ktubu \u00fcnvanlay\u0131b. ARANTV.AZ-\u0131n x\u0259b\u0259rin\u0259 g\u00f6r\u0259, m\u0259tnind\u0259 deyilir: \u201cH\u00f6rm\u0259tli c\u0259nab Prezident, Rum\u0131niyan\u0131n birl\u0259\u015fm\u0259sinin 100 illiyi m\u00fcnasib\u0259til\u0259 Sizi v\u0259 b\u00fct\u00fcn xalq\u0131n\u0131z\u0131 \u00f6z ad\u0131mdan v\u0259 Az\u0259rbaycan xalq\u0131 ad\u0131ndan s\u0259mimi q\u0259lbd\u0259n t\u0259brik edir\u0259m. Az\u0259rbaycan-Rum\u0131niya m\u00fcnasib\u0259tl\u0259rinin haz\u0131rk\u0131 s\u0259viyy\u0259si m\u0259mnunluq do\u011furur. \u0130nan\u0131ram ki, strateji xarakter da\u015f\u0131yan t\u0259r\u0259fda\u015fl\u0131\u011f\u0131m\u0131z, ikit\u0259r\u0259fli v\u0259 \u00e7oxt\u0259r\u0259fli qaydada \u0259m\u0259kda\u015fl\u0131\u011f\u0131m\u0131z xalqlar\u0131m\u0131z\u0131n m\u0259nafel\u0259rin\u0259 uy\u011fun olaraq bundan sonra da inki\u015faf ed\u0259c\u0259k v\u0259 geni\u015fl\u0259n\u0259c\u0259kdir. Bu \u0259lam\u0259tdar g\u00fcnd\u0259 Siz\u0259 m\u00f6hk\u0259m cansa\u011fl\u0131\u011f\u0131, i\u015fl\u0259rinizd\u0259 u\u011furlar, dost Rum\u0131niya xalq\u0131na daim s\u00fclh v\u0259 firavanl\u0131q arzulay\u0131ram\u201d.\u00a0report<\/p>\n","protected":false},"author":2,"featured_media":25804,"comment_status":"closed","ping_status":"closed","sticky":false,"template":"","format":"standard","meta":{"om_disable_all_campaigns":false,"_monsterinsights_skip_tracking":false,"_monsterinsights_sitenote_active":false,"_monsterinsights_sitenote_note":"","_monsterinsights_sitenote_category":0},"categories":[8],"tags":[],"aioseo_notices":[],"gutentor_comment":0,"rttpg_featured_image_url":{"full":["https:\/\/arantv.az\/wp-content\/uploads\/2018\/12\/1543587340_890bd8d8-1a16-4161-87bd-53326d4f0202.jpg",450,337,false],"landscape":["https:\/\/arantv.az\/wp-content\/uploads\/2018\/12\/1543587340_890bd8d8-1a16-4161-87bd-53326d4f0202.jpg",450,337,false],"portraits":["https:\/\/arantv.az\/wp-content\/uploads\/2018\/12\/1543587340_890bd8d8-1a16-4161-87bd-53326d4f0202.jpg",450,337,false],"thumbnail":["https:\/\/arantv.az\/wp-content\/uploads\/2018\/12\/1543587340_890bd8d8-1a16-4161-87bd-53326d4f0202-150x150.jpg",150,150,true],"medium":["https:\/\/arantv.az\/wp-content\/uploads\/2018\/12\/1543587340_890bd8d8-1a16-4161-87bd-53326d4f0202-300x225.jpg",300,225,true],"large":["https:\/\/arantv.az\/wp-content\/uploads\/2018\/12\/1543587340_890bd8d8-1a16-4161-87bd-53326d4f0202.jpg",450,337,false],"1536x1536":["https:\/\/arantv.az\/wp-content\/uploads\/2018\/12\/1543587340_890bd8d8-1a16-4161-87bd-53326d4f0202.jpg",450,337,false],"2048x2048":["https:\/\/arantv.az\/wp-content\/uploads\/2018\/12\/1543587340_890bd8d8-1a16-4161-87bd-53326d4f0202.jpg",450,337,false],"post-thumbnail":["https:\/\/arantv.az\/wp-content\/uploads\/2018\/12\/1543587340_890bd8d8-1a16-4161-87bd-53326d4f0202-240x172.jpg",240,172,true],"advps-thumb-one":["https:\/\/arantv.az\/wp-content\/uploads\/2018\/12\/1543587340_890bd8d8-1a16-4161-87bd-53326d4f0202.jpg",450,337,false]},"rttpg_author":{"display_name":"V\u00fcsal Rafiqo\u011flu","author_link":"https:\/\/arantv.az\/?author=2"},"rttpg_comment":0,"rttpg_category":"<a href=\"https:\/\/arantv.az\/?cat=8\" rel=\"category\">\u018fsas s\u0259hif\u0259<\/a>","rttpg_excerpt":"Az\u0259rbaycan Respublikas\u0131n\u0131n Prezidenti \u0130lham \u018fliyev Rum\u0131niyan\u0131n Prezidenti Klaus Verner \u0130ohannis\u0259 t\u0259brik m\u0259ktubu \u00fcnvanlay\u0131b. ARANTV.AZ-\u0131n x\u0259b\u0259rin\u0259 g\u00f6r\u0259, m\u0259tnind\u0259 deyilir: \u201cH\u00f6rm\u0259tli c\u0259nab Prezident, Rum\u0131niyan\u0131n birl\u0259\u015fm\u0259sinin 100 illiyi m\u00fcnasib\u0259til\u0259 Sizi v\u0259 b\u00fct\u00fcn xalq\u0131n\u0131z\u0131 \u00f6z ad\u0131mdan v\u0259 Az\u0259rbaycan xalq\u0131 ad\u0131ndan s\u0259mimi q\u0259lbd\u0259n t\u0259brik edir\u0259m. Az\u0259rbaycan-Rum\u0131niya m\u00fcnasib\u0259tl\u0259rinin haz\u0131rk\u0131 s\u0259viyy\u0259si m\u0259mnunluq do\u011furur. \u0130nan\u0131ram ki, strateji xarakter da\u015f\u0131yan t\u0259r\u0259fda\u015fl\u0131\u011f\u0131m\u0131z, ikit\u0259r\u0259fli v\u0259 \u00e7oxt\u0259r\u0259fli&hellip;","_links":{"self":[{"href":"https:\/\/arantv.az\/index.php?rest_route=\/wp\/v2\/posts\/25803"}],"collection":[{"href":"https:\/\/arantv.az\/index.php?rest_route=\/wp\/v2\/posts"}],"about":[{"href":"https:\/\/arantv.az\/index.php?rest_route=\/wp\/v2\/types\/post"}],"author":[{"embeddable":true,"href":"https:\/\/arantv.az\/index.php?rest_route=\/wp\/v2\/users\/2"}],"replies":[{"embeddable":true,"href":"https:\/\/arantv.az\/index.php?rest_route=%2Fwp%2Fv2%2Fcomments&post=25803"}],"version-history":[{"count":0,"href":"https:\/\/arantv.az\/index.php?rest_route=\/wp\/v2\/posts\/25803\/revisions"}],"wp:featuredmedia":[{"embeddable":true,"href":"https:\/\/arantv.az\/index.php?rest_route=\/wp\/v2\/media\/25804"}],"wp:attachment":[{"href":"https:\/\/arantv.az\/index.php?rest_route=%2Fwp%2Fv2%2Fmedia&parent=25803"}],"wp:term":[{"taxonomy":"category","embeddable":true,"href":"https:\/\/arantv.az\/index.php?rest_route=%2Fwp%2Fv2%2Fcategories&post=25803"},{"taxonomy":"post_tag","embeddable":true,"href":"https:\/\/arantv.az\/index.php?rest_route=%2Fwp%2Fv2%2Ftags&post=25803"}],"curies":[{"name":"wp","href":"https:\/\/api.w.org\/{rel}","templated":true}]}}