{"id":25819,"date":"2018-12-01T10:08:28","date_gmt":"2018-12-01T07:08:28","guid":{"rendered":"http:\/\/arantv.az\/?p=25819"},"modified":"2018-12-01T10:08:28","modified_gmt":"2018-12-01T07:08:28","slug":"matc-tv-bakidan-reportaj-hazirladi-video","status":"publish","type":"post","link":"https:\/\/arantv.az\/?p=25819","title":{"rendered":"\u201cMat\u00e7 TV\u201d Bak\u0131dan reportaj haz\u0131rlad\u0131 &#8211; V\u0130DEO"},"content":{"rendered":"<p>Rusiyan\u0131n m\u0259\u015fhur idman kanal\u0131 olan \u201cMat\u00e7 TV\u201d Bak\u0131 haqq\u0131nda 15 d\u0259qiq\u0259lik s\u00fcjet haz\u0131rlay\u0131b.<\/p>\n<p><strong>ARANTV.AZ<\/strong>-\u0131n m\u0259lumat\u0131na g\u00f6r\u0259, s\u00fcjetd\u0259 2020-ci ild\u0259 Bak\u0131da Olimpiya Stadionunda ke\u00e7iril\u0259c\u0259k futbol \u00fczr\u0259 Avropa \u00c7empionat\u0131n\u0131n d\u00f6rd oyunu bar\u0259d\u0259 s\u00f6z a\u00e7\u0131l\u0131b.<\/p>\n<p>Proqram\u0131n apar\u0131c\u0131s\u0131 izl\u0259yicil\u0259r\u0259 Az\u0259rbaycan bar\u0259sind\u0259, \u00f6lk\u0259mizd\u0259 yeti\u015f\u0259n meyv\u0259l\u0259r v\u0259 \u0259dviyyatlar, h\u0259m\u00e7inin oyunlar\u0131n ke\u00e7iril\u0259c\u0259yi Bak\u0131 Olimpiya Stadionu haqq\u0131nda m\u0259lumat verib.<\/p>\n<div id=\"AdributorNativeVideo0\" class=\"AdributorNativeVideo\"><\/div>\n<p>O, az\u0259rbaycanl\u0131 xan\u0131mlar\u0131n hans\u0131 s\u0259viyy\u0259d\u0259 futbol azarke\u015fi olmas\u0131 il\u0259 maraqlan\u0131b, \u0259fsan\u0259vi Tofiq B\u0259hramov bar\u0259sind\u0259 maraql\u0131 m\u0259lumatlar t\u0259qdim edib.<\/p>\n<p>Proqram\u0131n sonunda AFFA-n\u0131n ba\u015f katibi Elxan M\u0259mm\u0259dov Rusiya millisin\u0259 Avro-2020-y\u0259 d\u00fc\u015fm\u0259yi v\u0259 final oyununu Bak\u0131da ke\u00e7irm\u0259yi arzulay\u0131b.<\/p>\n<div>\n<div><iframe loading=\"lazy\" src=\"https:\/\/player.baku.tv\/embed\/5356\" width=\"560\" height=\"315\" frameborder=\"0\" allowfullscreen=\"allowfullscreen\" data-mce-fragment=\"1\"><\/iframe><\/div>\n<\/div>\n<div><b>oxu.az<\/b><\/div>\n","protected":false},"excerpt":{"rendered":"<p>Rusiyan\u0131n m\u0259\u015fhur idman kanal\u0131 olan \u201cMat\u00e7 TV\u201d Bak\u0131 haqq\u0131nda 15 d\u0259qiq\u0259lik s\u00fcjet haz\u0131rlay\u0131b. ARANTV.AZ-\u0131n m\u0259lumat\u0131na g\u00f6r\u0259, s\u00fcjetd\u0259 2020-ci ild\u0259 Bak\u0131da Olimpiya Stadionunda ke\u00e7iril\u0259c\u0259k futbol \u00fczr\u0259 Avropa \u00c7empionat\u0131n\u0131n d\u00f6rd oyunu bar\u0259d\u0259 s\u00f6z a\u00e7\u0131l\u0131b. Proqram\u0131n apar\u0131c\u0131s\u0131 izl\u0259yicil\u0259r\u0259 Az\u0259rbaycan bar\u0259sind\u0259, \u00f6lk\u0259mizd\u0259 yeti\u015f\u0259n meyv\u0259l\u0259r v\u0259 \u0259dviyyatlar, h\u0259m\u00e7inin oyunlar\u0131n ke\u00e7iril\u0259c\u0259yi Bak\u0131 Olimpiya Stadionu haqq\u0131nda m\u0259lumat verib. O, az\u0259rbaycanl\u0131 xan\u0131mlar\u0131n hans\u0131 s\u0259viyy\u0259d\u0259 futbol azarke\u015fi olmas\u0131 il\u0259 maraqlan\u0131b, \u0259fsan\u0259vi Tofiq B\u0259hramov bar\u0259sind\u0259 maraql\u0131 m\u0259lumatlar t\u0259qdim edib. Proqram\u0131n sonunda AFFA-n\u0131n ba\u015f katibi Elxan M\u0259mm\u0259dov Rusiya millisin\u0259 Avro-2020-y\u0259 d\u00fc\u015fm\u0259yi v\u0259 final oyununu Bak\u0131da ke\u00e7irm\u0259yi arzulay\u0131b. oxu.az<\/p>\n","protected":false},"author":2,"featured_media":25820,"comment_status":"closed","ping_status":"closed","sticky":false,"template":"","format":"standard","meta":{"om_disable_all_campaigns":false,"_monsterinsights_skip_tracking":false,"_monsterinsights_sitenote_active":false,"_monsterinsights_sitenote_note":"","_monsterinsights_sitenote_category":0},"categories":[6],"tags":[],"aioseo_notices":[],"gutentor_comment":0,"rttpg_featured_image_url":{"full":["https:\/\/arantv.az\/wp-content\/uploads\/2018\/12\/The_opening_ceremony_of_the_first_European_games_7.jpg",620,382,false],"landscape":["https:\/\/arantv.az\/wp-content\/uploads\/2018\/12\/The_opening_ceremony_of_the_first_European_games_7.jpg",620,382,false],"portraits":["https:\/\/arantv.az\/wp-content\/uploads\/2018\/12\/The_opening_ceremony_of_the_first_European_games_7.jpg",620,382,false],"thumbnail":["https:\/\/arantv.az\/wp-content\/uploads\/2018\/12\/The_opening_ceremony_of_the_first_European_games_7-150x150.jpg",150,150,true],"medium":["https:\/\/arantv.az\/wp-content\/uploads\/2018\/12\/The_opening_ceremony_of_the_first_European_games_7-300x185.jpg",300,185,true],"large":["https:\/\/arantv.az\/wp-content\/uploads\/2018\/12\/The_opening_ceremony_of_the_first_European_games_7.jpg",620,382,false],"1536x1536":["https:\/\/arantv.az\/wp-content\/uploads\/2018\/12\/The_opening_ceremony_of_the_first_European_games_7.jpg",620,382,false],"2048x2048":["https:\/\/arantv.az\/wp-content\/uploads\/2018\/12\/The_opening_ceremony_of_the_first_European_games_7.jpg",620,382,false],"post-thumbnail":["https:\/\/arantv.az\/wp-content\/uploads\/2018\/12\/The_opening_ceremony_of_the_first_European_games_7-240x172.jpg",240,172,true],"advps-thumb-one":["https:\/\/arantv.az\/wp-content\/uploads\/2018\/12\/The_opening_ceremony_of_the_first_European_games_7.jpg",620,382,false]},"rttpg_author":{"display_name":"V\u00fcsal Rafiqo\u011flu","author_link":"https:\/\/arantv.az\/?author=2"},"rttpg_comment":0,"rttpg_category":"<a href=\"https:\/\/arantv.az\/?cat=6\" rel=\"category\">\u0130dman<\/a>","rttpg_excerpt":"Rusiyan\u0131n m\u0259\u015fhur idman kanal\u0131 olan \u201cMat\u00e7 TV\u201d Bak\u0131 haqq\u0131nda 15 d\u0259qiq\u0259lik s\u00fcjet haz\u0131rlay\u0131b. ARANTV.AZ-\u0131n m\u0259lumat\u0131na g\u00f6r\u0259, s\u00fcjetd\u0259 2020-ci ild\u0259 Bak\u0131da Olimpiya Stadionunda ke\u00e7iril\u0259c\u0259k futbol \u00fczr\u0259 Avropa \u00c7empionat\u0131n\u0131n d\u00f6rd oyunu bar\u0259d\u0259 s\u00f6z a\u00e7\u0131l\u0131b. Proqram\u0131n apar\u0131c\u0131s\u0131 izl\u0259yicil\u0259r\u0259 Az\u0259rbaycan bar\u0259sind\u0259, \u00f6lk\u0259mizd\u0259 yeti\u015f\u0259n meyv\u0259l\u0259r v\u0259 \u0259dviyyatlar, h\u0259m\u00e7inin oyunlar\u0131n ke\u00e7iril\u0259c\u0259yi Bak\u0131 Olimpiya Stadionu haqq\u0131nda m\u0259lumat verib. O, az\u0259rbaycanl\u0131 xan\u0131mlar\u0131n hans\u0131&hellip;","_links":{"self":[{"href":"https:\/\/arantv.az\/index.php?rest_route=\/wp\/v2\/posts\/25819"}],"collection":[{"href":"https:\/\/arantv.az\/index.php?rest_route=\/wp\/v2\/posts"}],"about":[{"href":"https:\/\/arantv.az\/index.php?rest_route=\/wp\/v2\/types\/post"}],"author":[{"embeddable":true,"href":"https:\/\/arantv.az\/index.php?rest_route=\/wp\/v2\/users\/2"}],"replies":[{"embeddable":true,"href":"https:\/\/arantv.az\/index.php?rest_route=%2Fwp%2Fv2%2Fcomments&post=25819"}],"version-history":[{"count":0,"href":"https:\/\/arantv.az\/index.php?rest_route=\/wp\/v2\/posts\/25819\/revisions"}],"wp:featuredmedia":[{"embeddable":true,"href":"https:\/\/arantv.az\/index.php?rest_route=\/wp\/v2\/media\/25820"}],"wp:attachment":[{"href":"https:\/\/arantv.az\/index.php?rest_route=%2Fwp%2Fv2%2Fmedia&parent=25819"}],"wp:term":[{"taxonomy":"category","embeddable":true,"href":"https:\/\/arantv.az\/index.php?rest_route=%2Fwp%2Fv2%2Fcategories&post=25819"},{"taxonomy":"post_tag","embeddable":true,"href":"https:\/\/arantv.az\/index.php?rest_route=%2Fwp%2Fv2%2Ftags&post=25819"}],"curies":[{"name":"wp","href":"https:\/\/api.w.org\/{rel}","templated":true}]}}