{"id":25838,"date":"2018-12-01T13:46:16","date_gmt":"2018-12-01T10:46:16","guid":{"rendered":"http:\/\/arantv.az\/?p=25838"},"modified":"2018-12-01T13:46:16","modified_gmt":"2018-12-01T10:46:16","slug":"ilham-%c9%99liyev-donald-trampa-bassagligi-verib","status":"publish","type":"post","link":"https:\/\/arantv.az\/?p=25838","title":{"rendered":"\u0130lham \u018fliyev Donald Trampa ba\u015fsa\u011fl\u0131\u011f\u0131 verib"},"content":{"rendered":"<p>Az\u0259rbaycan Prezidenti\u00a0<strong>\u0130lham \u018fliyev\u00a0<\/strong>AB\u015e-\u0131n ke\u00e7mi\u015f prezidenti\u00a0<strong>ata Corc Bu\u015f<\/strong>un v\u0259fat\u0131 il\u0259 \u0259laq\u0259dar bu \u00f6lk\u0259nin haz\u0131rk\u0131 r\u0259hb\u0259ri\u00a0<strong>Donald Tramp<\/strong>a ba\u015fsa\u011fl\u0131\u011f\u0131 verib.<\/p>\n<p><b>ARANTV.AZ\u00a0<\/b>x\u0259b\u0259r verir ki, ba\u015fsa\u011fl\u0131\u011f\u0131nda deyilir:<\/p>\n<p>\u201cH\u00f6rm\u0259tli c\u0259nab Prezident,<\/p>\n<div id=\"AdributorNativeVideo0\" class=\"AdributorNativeVideo\"><\/div>\n<p>Amerika Birl\u0259\u015fmi\u015f \u015etatlar\u0131n\u0131n 41-ci Prezidenti, g\u00f6rk\u0259mli d\u00f6vl\u0259t xadimi Corc Herbert Uoker Bu\u015fun v\u0259fat\u0131 x\u0259b\u0259ri m\u0259ni olduqca k\u0259d\u0259rl\u0259ndirdi.<\/p>\n<p>Bu a\u011f\u0131r itki il\u0259 \u0259laq\u0259dar Siz\u0259, m\u0259rhumun ail\u0259sin\u0259 v\u0259 b\u00fct\u00fcn Amerika xalq\u0131na \u00f6z ad\u0131mdan v\u0259 Az\u0259rbaycan xalq\u0131 ad\u0131ndan d\u0259rin h\u00fcznl\u0259 ba\u015fsa\u011fl\u0131\u011f\u0131 verir\u0259m\u201d.oxu.az<\/p>\n","protected":false},"excerpt":{"rendered":"<p>Az\u0259rbaycan Prezidenti\u00a0\u0130lham \u018fliyev\u00a0AB\u015e-\u0131n ke\u00e7mi\u015f prezidenti\u00a0ata Corc Bu\u015fun v\u0259fat\u0131 il\u0259 \u0259laq\u0259dar bu \u00f6lk\u0259nin haz\u0131rk\u0131 r\u0259hb\u0259ri\u00a0Donald Trampa ba\u015fsa\u011fl\u0131\u011f\u0131 verib. ARANTV.AZ\u00a0x\u0259b\u0259r verir ki, ba\u015fsa\u011fl\u0131\u011f\u0131nda deyilir: \u201cH\u00f6rm\u0259tli c\u0259nab Prezident, Amerika Birl\u0259\u015fmi\u015f \u015etatlar\u0131n\u0131n 41-ci Prezidenti, g\u00f6rk\u0259mli d\u00f6vl\u0259t xadimi Corc Herbert Uoker Bu\u015fun v\u0259fat\u0131 x\u0259b\u0259ri m\u0259ni olduqca k\u0259d\u0259rl\u0259ndirdi. Bu a\u011f\u0131r itki il\u0259 \u0259laq\u0259dar Siz\u0259, m\u0259rhumun ail\u0259sin\u0259 v\u0259 b\u00fct\u00fcn Amerika xalq\u0131na \u00f6z ad\u0131mdan v\u0259 Az\u0259rbaycan xalq\u0131 ad\u0131ndan d\u0259rin h\u00fcznl\u0259 ba\u015fsa\u011fl\u0131\u011f\u0131 verir\u0259m\u201d.oxu.az<\/p>\n","protected":false},"author":2,"featured_media":25839,"comment_status":"closed","ping_status":"closed","sticky":false,"template":"","format":"standard","meta":{"om_disable_all_campaigns":false,"_monsterinsights_skip_tracking":false,"_monsterinsights_sitenote_active":false,"_monsterinsights_sitenote_note":"","_monsterinsights_sitenote_category":0},"categories":[8],"tags":[],"aioseo_notices":[],"gutentor_comment":0,"rttpg_featured_image_url":{"full":["https:\/\/arantv.az\/wp-content\/uploads\/2018\/12\/ilham.jpg",620,423,false],"landscape":["https:\/\/arantv.az\/wp-content\/uploads\/2018\/12\/ilham.jpg",620,423,false],"portraits":["https:\/\/arantv.az\/wp-content\/uploads\/2018\/12\/ilham.jpg",620,423,false],"thumbnail":["https:\/\/arantv.az\/wp-content\/uploads\/2018\/12\/ilham-150x150.jpg",150,150,true],"medium":["https:\/\/arantv.az\/wp-content\/uploads\/2018\/12\/ilham-300x205.jpg",300,205,true],"large":["https:\/\/arantv.az\/wp-content\/uploads\/2018\/12\/ilham.jpg",620,423,false],"1536x1536":["https:\/\/arantv.az\/wp-content\/uploads\/2018\/12\/ilham.jpg",620,423,false],"2048x2048":["https:\/\/arantv.az\/wp-content\/uploads\/2018\/12\/ilham.jpg",620,423,false],"post-thumbnail":["https:\/\/arantv.az\/wp-content\/uploads\/2018\/12\/ilham-240x172.jpg",240,172,true],"advps-thumb-one":["https:\/\/arantv.az\/wp-content\/uploads\/2018\/12\/ilham.jpg",620,423,false]},"rttpg_author":{"display_name":"V\u00fcsal Rafiqo\u011flu","author_link":"https:\/\/arantv.az\/?author=2"},"rttpg_comment":0,"rttpg_category":"<a href=\"https:\/\/arantv.az\/?cat=8\" rel=\"category\">\u018fsas s\u0259hif\u0259<\/a>","rttpg_excerpt":"Az\u0259rbaycan Prezidenti\u00a0\u0130lham \u018fliyev\u00a0AB\u015e-\u0131n ke\u00e7mi\u015f prezidenti\u00a0ata Corc Bu\u015fun v\u0259fat\u0131 il\u0259 \u0259laq\u0259dar bu \u00f6lk\u0259nin haz\u0131rk\u0131 r\u0259hb\u0259ri\u00a0Donald Trampa ba\u015fsa\u011fl\u0131\u011f\u0131 verib. ARANTV.AZ\u00a0x\u0259b\u0259r verir ki, ba\u015fsa\u011fl\u0131\u011f\u0131nda deyilir: \u201cH\u00f6rm\u0259tli c\u0259nab Prezident, Amerika Birl\u0259\u015fmi\u015f \u015etatlar\u0131n\u0131n 41-ci Prezidenti, g\u00f6rk\u0259mli d\u00f6vl\u0259t xadimi Corc Herbert Uoker Bu\u015fun v\u0259fat\u0131 x\u0259b\u0259ri m\u0259ni olduqca k\u0259d\u0259rl\u0259ndirdi. Bu a\u011f\u0131r itki il\u0259 \u0259laq\u0259dar Siz\u0259, m\u0259rhumun ail\u0259sin\u0259 v\u0259 b\u00fct\u00fcn Amerika xalq\u0131na \u00f6z&hellip;","_links":{"self":[{"href":"https:\/\/arantv.az\/index.php?rest_route=\/wp\/v2\/posts\/25838"}],"collection":[{"href":"https:\/\/arantv.az\/index.php?rest_route=\/wp\/v2\/posts"}],"about":[{"href":"https:\/\/arantv.az\/index.php?rest_route=\/wp\/v2\/types\/post"}],"author":[{"embeddable":true,"href":"https:\/\/arantv.az\/index.php?rest_route=\/wp\/v2\/users\/2"}],"replies":[{"embeddable":true,"href":"https:\/\/arantv.az\/index.php?rest_route=%2Fwp%2Fv2%2Fcomments&post=25838"}],"version-history":[{"count":0,"href":"https:\/\/arantv.az\/index.php?rest_route=\/wp\/v2\/posts\/25838\/revisions"}],"wp:featuredmedia":[{"embeddable":true,"href":"https:\/\/arantv.az\/index.php?rest_route=\/wp\/v2\/media\/25839"}],"wp:attachment":[{"href":"https:\/\/arantv.az\/index.php?rest_route=%2Fwp%2Fv2%2Fmedia&parent=25838"}],"wp:term":[{"taxonomy":"category","embeddable":true,"href":"https:\/\/arantv.az\/index.php?rest_route=%2Fwp%2Fv2%2Fcategories&post=25838"},{"taxonomy":"post_tag","embeddable":true,"href":"https:\/\/arantv.az\/index.php?rest_route=%2Fwp%2Fv2%2Ftags&post=25838"}],"curies":[{"name":"wp","href":"https:\/\/api.w.org\/{rel}","templated":true}]}}