{"id":25851,"date":"2018-12-01T14:27:34","date_gmt":"2018-12-01T11:27:34","guid":{"rendered":"http:\/\/arantv.az\/?p=25851"},"modified":"2018-12-01T14:27:34","modified_gmt":"2018-12-01T11:27:34","slug":"bes-usaq-atasi-aliment%c9%99-gor%c9%99-h%c9%99bs-edildi-foto","status":"publish","type":"post","link":"https:\/\/arantv.az\/?p=25851","title":{"rendered":"Be\u015f u\u015faq atas\u0131 aliment\u0259 g\u00f6r\u0259 h\u0259bs edildi-Foto"},"content":{"rendered":"<p><strong>ARANTV.AZ<\/strong> x\u0259b\u0259r verir ki, Astv \u0130nformasiya Agentliyinin qaynar x\u0259ttin\u0259,Quba rayonunun A\u015fa\u011f\u0131 Atuc\u00a0 k\u0259nd sakini M\u00fct\u0259llimova D\u00fcrdan\u0259 Allahverdi q\u0131z\u0131 t\u0259r\u0259find\u0259n m\u0259lumat daxil olub. D\u00fcrdan\u0259 M\u00fct\u0259llimovan\u0131n\u00a0 verdiyi m\u0259lumata g\u00f6r\u0259,onun h\u0259yat yolda\u015f\u0131\u00a0 Xo\u015fb\u0259xt M\u00fct\u0259llimovu\u00a029 Noyabrda i\u015fl\u0259diyi avtoyuma m\u0259nt\u0259q\u0259sind\u0259n, Quba raron Polis idar\u0259sin\u0259 apar\u0131l\u0131b v\u0259 10 sutka h\u0259bs verilib. Xo\u015fb\u0259xt M\u00fct\u0259llimovun saxlanma s\u0259b\u0259bi is\u0259 onun birinci\u00a0 nigahdan olan iki q\u0131z \u00f6vlad\u0131n\u0131n alimentini \u00f6d\u0259y\u0259 bilm\u0259m\u0259sidir.<\/p>\n<p>Agentlik D\u00fcrdan\u0259 M\u00fct\u0259llimova il\u0259 \u0259laq\u0259 saxlad\u0131.<\/p>\n<p>D\u00fcrdan\u0259 M\u00fct\u0259llimova bildirdi ki,onun h\u0259yat yolda\u015f\u0131n\u0131n birinci xan\u0131m\u0131 Xa\u00e7maz rayonunun Yerg\u00fcc k\u0259nd sakini G\u00fcnel Oktyar q\u0131z\u0131 H\u00fcseynova olub v\u0259 bu birg\u0259 nigahdan 2 q\u0131z \u00f6vlad\u0131 d\u00fcnyaya g\u0259lib. Daha sonra is\u0259 onlar 2011-ci ild\u0259 r\u0259smi qaydada m\u0259hk\u0259m\u0259nin q\u0259rar\u0131 il\u0259 ayr\u0131l\u0131blar v\u0259 hakim Xo\u015fb\u0259xt M\u00fct\u0259llimova 200 AZN aliment k\u0259sib.<\/p>\n<p>Bundan sonra el\u0259 h\u0259min ild\u0259 D\u00fcrdan\u0259 Allahverdi q\u0131z\u0131 il\u0259 ail\u0259 h\u0259yat\u0131 qurub v\u0259 bu birg\u0259 nigahdan 4 u\u015faqlar\u0131 d\u00fcnyaya g\u0259lib, 1 u\u015faq is\u0259 D\u00fcrdan\u0259 Allahverdi q\u0131z\u0131n\u0131n 1-ci nigah\u0131ndan olub.Bel\u0259likl\u0259 haz\u0131rda ail\u0259nin 5 \u00f6vlad\u0131 var. Ail\u0259 \u00e7ox \u00e7\u0259tin v\u0259 ac\u0131nanaql\u0131 v\u0259ziyy\u0259td\u0259 ya\u015fay\u0131r.Ail\u0259nin qalacaq yerl\u0259ri olmad\u0131\u011f\u0131ndan \u0130cra n\u00fcmay\u0259nd\u0259sinin k\u00f6m\u0259kliyi il\u0259 onlara m\u00fcv\u0259qq\u0259ti ya\u015fayacaq yer kimi icra n\u00fcmay\u0259nd\u0259liyinin binas\u0131ndan 1 otaq verilib.Haz\u0131rda ail\u0259 o 1 otaqda ya\u015fay\u0131r. \u00c7ox \u00e7\u0259tin durumda ya\u015fayan ail\u0259 May ay\u0131ndan alimenti \u00f6d\u0259y\u0259 bilm\u0259yib. Ancaq onuda qeyd etm\u0259k ist\u0259rdik ki,ail\u0259 tam da olmasa h\u0259r ay qism\u0259n aliment \u00f6d\u0259yirl\u0259rmi\u015f. May ay\u0131na kimi.<\/p>\n<p>M\u00f6vzunu n\u0259zar\u0259td\u0259 saxlayaca\u011f\u0131q.<\/p>\n<p><img loading=\"lazy\" class=\"alignnone size-medium wp-image-1876\" src=\"https:\/\/astv.news\/wp-content\/uploads\/2018\/12\/IMG-20181201-WA0000-225x300.jpg\" sizes=\"(max-width: 225px) 100vw, 225px\" srcset=\"https:\/\/astv.news\/wp-content\/uploads\/2018\/12\/IMG-20181201-WA0000-225x300.jpg 225w, https:\/\/astv.news\/wp-content\/uploads\/2018\/12\/IMG-20181201-WA0000-768x1024.jpg 768w, https:\/\/astv.news\/wp-content\/uploads\/2018\/12\/IMG-20181201-WA0000.jpg 960w\" alt=\"\" width=\"225\" height=\"300\" \/>\u00a0<img loading=\"lazy\" class=\"alignnone size-medium wp-image-1875\" src=\"https:\/\/astv.news\/wp-content\/uploads\/2018\/12\/IMG-20181201-WA0001-225x300.jpg\" sizes=\"(max-width: 225px) 100vw, 225px\" srcset=\"https:\/\/astv.news\/wp-content\/uploads\/2018\/12\/IMG-20181201-WA0001-225x300.jpg 225w, https:\/\/astv.news\/wp-content\/uploads\/2018\/12\/IMG-20181201-WA0001-768x1024.jpg 768w, https:\/\/astv.news\/wp-content\/uploads\/2018\/12\/IMG-20181201-WA0001.jpg 960w\" alt=\"\" width=\"225\" height=\"300\" \/>\u00a0<img loading=\"lazy\" class=\"alignnone size-medium wp-image-1874\" src=\"https:\/\/astv.news\/wp-content\/uploads\/2018\/12\/IMG-20181201-WA0006-225x300.jpg\" sizes=\"(max-width: 225px) 100vw, 225px\" srcset=\"https:\/\/astv.news\/wp-content\/uploads\/2018\/12\/IMG-20181201-WA0006-225x300.jpg 225w, https:\/\/astv.news\/wp-content\/uploads\/2018\/12\/IMG-20181201-WA0006-768x1024.jpg 768w, https:\/\/astv.news\/wp-content\/uploads\/2018\/12\/IMG-20181201-WA0006.jpg 960w\" alt=\"\" width=\"225\" height=\"300\" \/>\u00a0<img loading=\"lazy\" class=\"alignnone size-medium wp-image-1873\" src=\"https:\/\/astv.news\/wp-content\/uploads\/2018\/12\/IMG-20181201-WA0007-225x300.jpg\" sizes=\"(max-width: 225px) 100vw, 225px\" srcset=\"https:\/\/astv.news\/wp-content\/uploads\/2018\/12\/IMG-20181201-WA0007-225x300.jpg 225w, https:\/\/astv.news\/wp-content\/uploads\/2018\/12\/IMG-20181201-WA0007-768x1024.jpg 768w, https:\/\/astv.news\/wp-content\/uploads\/2018\/12\/IMG-20181201-WA0007.jpg 960w\" alt=\"\" width=\"225\" height=\"300\" \/>\u00a0<img loading=\"lazy\" class=\"alignnone size-medium wp-image-1872\" src=\"https:\/\/astv.news\/wp-content\/uploads\/2018\/12\/IMG-20181201-WA0002-300x225.jpg\" sizes=\"(max-width: 300px) 100vw, 300px\" srcset=\"https:\/\/astv.news\/wp-content\/uploads\/2018\/12\/IMG-20181201-WA0002-300x225.jpg 300w, https:\/\/astv.news\/wp-content\/uploads\/2018\/12\/IMG-20181201-WA0002-768x576.jpg 768w, https:\/\/astv.news\/wp-content\/uploads\/2018\/12\/IMG-20181201-WA0002-1024x768.jpg 1024w, https:\/\/astv.news\/wp-content\/uploads\/2018\/12\/IMG-20181201-WA0002.jpg 1280w\" alt=\"\" width=\"300\" height=\"225\" \/>\u00a0<img loading=\"lazy\" class=\"alignnone size-medium wp-image-1871\" src=\"https:\/\/astv.news\/wp-content\/uploads\/2018\/12\/IMG-20181201-WA0003-225x300.jpg\" sizes=\"(max-width: 225px) 100vw, 225px\" srcset=\"https:\/\/astv.news\/wp-content\/uploads\/2018\/12\/IMG-20181201-WA0003-225x300.jpg 225w, https:\/\/astv.news\/wp-content\/uploads\/2018\/12\/IMG-20181201-WA0003-768x1024.jpg 768w, https:\/\/astv.news\/wp-content\/uploads\/2018\/12\/IMG-20181201-WA0003.jpg 960w\" alt=\"\" width=\"225\" height=\"300\" \/>\u00a0<img loading=\"lazy\" class=\"alignnone size-medium wp-image-1870\" src=\"https:\/\/astv.news\/wp-content\/uploads\/2018\/12\/IMG-20181201-WA0004-225x300.jpg\" sizes=\"(max-width: 225px) 100vw, 225px\" srcset=\"https:\/\/astv.news\/wp-content\/uploads\/2018\/12\/IMG-20181201-WA0004-225x300.jpg 225w, https:\/\/astv.news\/wp-content\/uploads\/2018\/12\/IMG-20181201-WA0004-768x1024.jpg 768w, https:\/\/astv.news\/wp-content\/uploads\/2018\/12\/IMG-20181201-WA0004.jpg 960w\" alt=\"\" width=\"225\" height=\"300\" \/>\u00a0<img loading=\"lazy\" class=\"alignnone size-medium wp-image-1869\" src=\"https:\/\/astv.news\/wp-content\/uploads\/2018\/12\/IMG-20181201-WA0005-300x225.jpg\" sizes=\"(max-width: 300px) 100vw, 300px\" srcset=\"https:\/\/astv.news\/wp-content\/uploads\/2018\/12\/IMG-20181201-WA0005-300x225.jpg 300w, https:\/\/astv.news\/wp-content\/uploads\/2018\/12\/IMG-20181201-WA0005-768x576.jpg 768w, https:\/\/astv.news\/wp-content\/uploads\/2018\/12\/IMG-20181201-WA0005-1024x768.jpg 1024w, https:\/\/astv.news\/wp-content\/uploads\/2018\/12\/IMG-20181201-WA0005.jpg 1280w\" alt=\"\" width=\"300\" height=\"225\" \/><\/p>\n<p>&nbsp;<\/p>\n<p>&nbsp;<\/p>\n<p>&nbsp;<\/p>\n","protected":false},"excerpt":{"rendered":"<p>ARANTV.AZ x\u0259b\u0259r verir ki, Astv \u0130nformasiya Agentliyinin qaynar x\u0259ttin\u0259,Quba rayonunun A\u015fa\u011f\u0131 Atuc\u00a0 k\u0259nd sakini M\u00fct\u0259llimova D\u00fcrdan\u0259 Allahverdi q\u0131z\u0131 t\u0259r\u0259find\u0259n m\u0259lumat daxil olub. D\u00fcrdan\u0259 M\u00fct\u0259llimovan\u0131n\u00a0 verdiyi m\u0259lumata g\u00f6r\u0259,onun h\u0259yat yolda\u015f\u0131\u00a0 Xo\u015fb\u0259xt M\u00fct\u0259llimovu\u00a029 Noyabrda i\u015fl\u0259diyi avtoyuma m\u0259nt\u0259q\u0259sind\u0259n, Quba raron Polis idar\u0259sin\u0259 apar\u0131l\u0131b v\u0259 10 sutka h\u0259bs verilib. Xo\u015fb\u0259xt M\u00fct\u0259llimovun saxlanma s\u0259b\u0259bi is\u0259 onun birinci\u00a0 nigahdan olan iki q\u0131z \u00f6vlad\u0131n\u0131n alimentini \u00f6d\u0259y\u0259 bilm\u0259m\u0259sidir. Agentlik D\u00fcrdan\u0259 M\u00fct\u0259llimova il\u0259 \u0259laq\u0259 saxlad\u0131. D\u00fcrdan\u0259 M\u00fct\u0259llimova bildirdi ki,onun h\u0259yat yolda\u015f\u0131n\u0131n birinci xan\u0131m\u0131 Xa\u00e7maz rayonunun Yerg\u00fcc k\u0259nd sakini G\u00fcnel Oktyar q\u0131z\u0131 H\u00fcseynova olub v\u0259 bu birg\u0259 nigahdan 2 q\u0131z&hellip;<\/p>\n","protected":false},"author":2,"featured_media":25852,"comment_status":"closed","ping_status":"closed","sticky":false,"template":"","format":"standard","meta":{"om_disable_all_campaigns":false,"_monsterinsights_skip_tracking":false,"_monsterinsights_sitenote_active":false,"_monsterinsights_sitenote_note":"","_monsterinsights_sitenote_category":0},"categories":[1,2],"tags":[],"aioseo_notices":[],"gutentor_comment":0,"rttpg_featured_image_url":{"full":["https:\/\/arantv.az\/wp-content\/uploads\/2018\/12\/IMG-20181201-WA0005-735x400.jpg",735,400,false],"landscape":["https:\/\/arantv.az\/wp-content\/uploads\/2018\/12\/IMG-20181201-WA0005-735x400.jpg",735,400,false],"portraits":["https:\/\/arantv.az\/wp-content\/uploads\/2018\/12\/IMG-20181201-WA0005-735x400.jpg",735,400,false],"thumbnail":["https:\/\/arantv.az\/wp-content\/uploads\/2018\/12\/IMG-20181201-WA0005-735x400-150x150.jpg",150,150,true],"medium":["https:\/\/arantv.az\/wp-content\/uploads\/2018\/12\/IMG-20181201-WA0005-735x400-300x163.jpg",300,163,true],"large":["https:\/\/arantv.az\/wp-content\/uploads\/2018\/12\/IMG-20181201-WA0005-735x400.jpg",640,348,false],"1536x1536":["https:\/\/arantv.az\/wp-content\/uploads\/2018\/12\/IMG-20181201-WA0005-735x400.jpg",735,400,false],"2048x2048":["https:\/\/arantv.az\/wp-content\/uploads\/2018\/12\/IMG-20181201-WA0005-735x400.jpg",735,400,false],"post-thumbnail":["https:\/\/arantv.az\/wp-content\/uploads\/2018\/12\/IMG-20181201-WA0005-735x400-240x172.jpg",240,172,true],"advps-thumb-one":["https:\/\/arantv.az\/wp-content\/uploads\/2018\/12\/IMG-20181201-WA0005-735x400.jpg",735,400,false]},"rttpg_author":{"display_name":"V\u00fcsal Rafiqo\u011flu","author_link":"https:\/\/arantv.az\/?author=2"},"rttpg_comment":0,"rttpg_category":"<a href=\"https:\/\/arantv.az\/?cat=1\" rel=\"category\">C\u0259miyy\u0259t<\/a> <a href=\"https:\/\/arantv.az\/?cat=2\" rel=\"category\">Region X\u0259b\u0259rl\u0259ri<\/a>","rttpg_excerpt":"ARANTV.AZ x\u0259b\u0259r verir ki, Astv \u0130nformasiya Agentliyinin qaynar x\u0259ttin\u0259,Quba rayonunun A\u015fa\u011f\u0131 Atuc\u00a0 k\u0259nd sakini M\u00fct\u0259llimova D\u00fcrdan\u0259 Allahverdi q\u0131z\u0131 t\u0259r\u0259find\u0259n m\u0259lumat daxil olub. D\u00fcrdan\u0259 M\u00fct\u0259llimovan\u0131n\u00a0 verdiyi m\u0259lumata g\u00f6r\u0259,onun h\u0259yat yolda\u015f\u0131\u00a0 Xo\u015fb\u0259xt M\u00fct\u0259llimovu\u00a029 Noyabrda i\u015fl\u0259diyi avtoyuma m\u0259nt\u0259q\u0259sind\u0259n, Quba raron Polis idar\u0259sin\u0259 apar\u0131l\u0131b v\u0259 10 sutka h\u0259bs verilib. Xo\u015fb\u0259xt M\u00fct\u0259llimovun saxlanma s\u0259b\u0259bi is\u0259 onun birinci\u00a0 nigahdan olan iki&hellip;","_links":{"self":[{"href":"https:\/\/arantv.az\/index.php?rest_route=\/wp\/v2\/posts\/25851"}],"collection":[{"href":"https:\/\/arantv.az\/index.php?rest_route=\/wp\/v2\/posts"}],"about":[{"href":"https:\/\/arantv.az\/index.php?rest_route=\/wp\/v2\/types\/post"}],"author":[{"embeddable":true,"href":"https:\/\/arantv.az\/index.php?rest_route=\/wp\/v2\/users\/2"}],"replies":[{"embeddable":true,"href":"https:\/\/arantv.az\/index.php?rest_route=%2Fwp%2Fv2%2Fcomments&post=25851"}],"version-history":[{"count":0,"href":"https:\/\/arantv.az\/index.php?rest_route=\/wp\/v2\/posts\/25851\/revisions"}],"wp:featuredmedia":[{"embeddable":true,"href":"https:\/\/arantv.az\/index.php?rest_route=\/wp\/v2\/media\/25852"}],"wp:attachment":[{"href":"https:\/\/arantv.az\/index.php?rest_route=%2Fwp%2Fv2%2Fmedia&parent=25851"}],"wp:term":[{"taxonomy":"category","embeddable":true,"href":"https:\/\/arantv.az\/index.php?rest_route=%2Fwp%2Fv2%2Fcategories&post=25851"},{"taxonomy":"post_tag","embeddable":true,"href":"https:\/\/arantv.az\/index.php?rest_route=%2Fwp%2Fv2%2Ftags&post=25851"}],"curies":[{"name":"wp","href":"https:\/\/api.w.org\/{rel}","templated":true}]}}