{"id":25858,"date":"2018-12-01T14:49:33","date_gmt":"2018-12-01T11:49:33","guid":{"rendered":"http:\/\/arantv.az\/?p=25858"},"modified":"2018-12-01T14:49:33","modified_gmt":"2018-12-01T11:49:33","slug":"x%c9%99b%c9%99rdarliq-11","status":"publish","type":"post","link":"https:\/\/arantv.az\/?p=25858","title":{"rendered":"X\u0259b\u0259rdarl\u0131q"},"content":{"rendered":"<p><strong>ARANTV.AZ<\/strong> x\u0259b\u0259r verir ki, Ekologiya v\u0259 T\u0259bii S\u0259rv\u0259tl\u0259r Nazirliyinin Milli Hidrometeorologiya Departamentinin verdiyi m\u0259lumata g\u00f6r\u0259:<\/p>\n<p><strong>Bak\u0131da v\u0259 Ab\u015feron yar\u0131madas\u0131nda<\/strong><\/p>\n<p>Dekabr\u0131n 01-02-d\u0259 \u00a0Bak\u0131da v\u0259 Ab\u015feron yar\u0131madas\u0131nda arabir ya\u011f\u0131\u015f ya\u011faca\u011f\u0131 g\u00f6zl\u0259nilir. Yar\u0131madan\u0131n b\u0259zi yerl\u0259rind\u0259 intensiv olaca\u011f\u0131 ehtimal\u0131 var. Dekabr\u0131n-02-si g\u00fcn \u0259rzind\u0259 \u015fimal-q\u0259rb k\u00fcl\u0259yinin arabir g\u00fccl\u0259n\u0259c\u0259yi g\u00f6zl\u0259nilir.<\/p>\n<p><strong>Az\u0259rbaycan\u0131n rayonlar\u0131nda<\/strong><\/p>\n<p>Qeyri-sabit hava \u015f\u0259raiti dekabr\u0131n 02-si g\u00fcnd\u00fcz\u0259d\u0259k davam ed\u0259c\u0259k. Arabir ya\u011f\u0131\u015f, da\u011fl\u0131q v\u0259 da\u011f\u0259t\u0259yi rayonlarda qar ya\u011faca\u011f\u0131 g\u00f6zl\u0259nilir. B\u0259zi yerl\u0259rd\u0259 intensiv olaca\u011f\u0131 ehtimal\u0131 var.<\/p>\n","protected":false},"excerpt":{"rendered":"<p>ARANTV.AZ x\u0259b\u0259r verir ki, Ekologiya v\u0259 T\u0259bii S\u0259rv\u0259tl\u0259r Nazirliyinin Milli Hidrometeorologiya Departamentinin verdiyi m\u0259lumata g\u00f6r\u0259: Bak\u0131da v\u0259 Ab\u015feron yar\u0131madas\u0131nda Dekabr\u0131n 01-02-d\u0259 \u00a0Bak\u0131da v\u0259 Ab\u015feron yar\u0131madas\u0131nda arabir ya\u011f\u0131\u015f ya\u011faca\u011f\u0131 g\u00f6zl\u0259nilir. Yar\u0131madan\u0131n b\u0259zi yerl\u0259rind\u0259 intensiv olaca\u011f\u0131 ehtimal\u0131 var. Dekabr\u0131n-02-si g\u00fcn \u0259rzind\u0259 \u015fimal-q\u0259rb k\u00fcl\u0259yinin arabir g\u00fccl\u0259n\u0259c\u0259yi g\u00f6zl\u0259nilir. Az\u0259rbaycan\u0131n rayonlar\u0131nda Qeyri-sabit hava \u015f\u0259raiti dekabr\u0131n 02-si g\u00fcnd\u00fcz\u0259d\u0259k davam ed\u0259c\u0259k. Arabir ya\u011f\u0131\u015f, da\u011fl\u0131q v\u0259 da\u011f\u0259t\u0259yi rayonlarda qar ya\u011faca\u011f\u0131 g\u00f6zl\u0259nilir. B\u0259zi yerl\u0259rd\u0259 intensiv olaca\u011f\u0131 ehtimal\u0131 var.<\/p>\n","protected":false},"author":2,"featured_media":25859,"comment_status":"closed","ping_status":"closed","sticky":false,"template":"","format":"standard","meta":{"om_disable_all_campaigns":false,"_monsterinsights_skip_tracking":false,"_monsterinsights_sitenote_active":false,"_monsterinsights_sitenote_note":"","_monsterinsights_sitenote_category":0},"categories":[1],"tags":[],"aioseo_notices":[],"gutentor_comment":0,"rttpg_featured_image_url":{"full":["https:\/\/arantv.az\/wp-content\/uploads\/2018\/12\/qarli-yol_1515689069.jpg",800,450,false],"landscape":["https:\/\/arantv.az\/wp-content\/uploads\/2018\/12\/qarli-yol_1515689069.jpg",800,450,false],"portraits":["https:\/\/arantv.az\/wp-content\/uploads\/2018\/12\/qarli-yol_1515689069.jpg",800,450,false],"thumbnail":["https:\/\/arantv.az\/wp-content\/uploads\/2018\/12\/qarli-yol_1515689069-150x150.jpg",150,150,true],"medium":["https:\/\/arantv.az\/wp-content\/uploads\/2018\/12\/qarli-yol_1515689069-300x169.jpg",300,169,true],"large":["https:\/\/arantv.az\/wp-content\/uploads\/2018\/12\/qarli-yol_1515689069.jpg",640,360,false],"1536x1536":["https:\/\/arantv.az\/wp-content\/uploads\/2018\/12\/qarli-yol_1515689069.jpg",800,450,false],"2048x2048":["https:\/\/arantv.az\/wp-content\/uploads\/2018\/12\/qarli-yol_1515689069.jpg",800,450,false],"post-thumbnail":["https:\/\/arantv.az\/wp-content\/uploads\/2018\/12\/qarli-yol_1515689069-240x172.jpg",240,172,true],"advps-thumb-one":["https:\/\/arantv.az\/wp-content\/uploads\/2018\/12\/qarli-yol_1515689069.jpg",800,450,false]},"rttpg_author":{"display_name":"V\u00fcsal Rafiqo\u011flu","author_link":"https:\/\/arantv.az\/?author=2"},"rttpg_comment":0,"rttpg_category":"<a href=\"https:\/\/arantv.az\/?cat=1\" rel=\"category\">C\u0259miyy\u0259t<\/a>","rttpg_excerpt":"ARANTV.AZ x\u0259b\u0259r verir ki, Ekologiya v\u0259 T\u0259bii S\u0259rv\u0259tl\u0259r Nazirliyinin Milli Hidrometeorologiya Departamentinin verdiyi m\u0259lumata g\u00f6r\u0259: Bak\u0131da v\u0259 Ab\u015feron yar\u0131madas\u0131nda Dekabr\u0131n 01-02-d\u0259 \u00a0Bak\u0131da v\u0259 Ab\u015feron yar\u0131madas\u0131nda arabir ya\u011f\u0131\u015f ya\u011faca\u011f\u0131 g\u00f6zl\u0259nilir. Yar\u0131madan\u0131n b\u0259zi yerl\u0259rind\u0259 intensiv olaca\u011f\u0131 ehtimal\u0131 var. Dekabr\u0131n-02-si g\u00fcn \u0259rzind\u0259 \u015fimal-q\u0259rb k\u00fcl\u0259yinin arabir g\u00fccl\u0259n\u0259c\u0259yi g\u00f6zl\u0259nilir. Az\u0259rbaycan\u0131n rayonlar\u0131nda Qeyri-sabit hava \u015f\u0259raiti dekabr\u0131n 02-si g\u00fcnd\u00fcz\u0259d\u0259k davam ed\u0259c\u0259k. Arabir&hellip;","_links":{"self":[{"href":"https:\/\/arantv.az\/index.php?rest_route=\/wp\/v2\/posts\/25858"}],"collection":[{"href":"https:\/\/arantv.az\/index.php?rest_route=\/wp\/v2\/posts"}],"about":[{"href":"https:\/\/arantv.az\/index.php?rest_route=\/wp\/v2\/types\/post"}],"author":[{"embeddable":true,"href":"https:\/\/arantv.az\/index.php?rest_route=\/wp\/v2\/users\/2"}],"replies":[{"embeddable":true,"href":"https:\/\/arantv.az\/index.php?rest_route=%2Fwp%2Fv2%2Fcomments&post=25858"}],"version-history":[{"count":0,"href":"https:\/\/arantv.az\/index.php?rest_route=\/wp\/v2\/posts\/25858\/revisions"}],"wp:featuredmedia":[{"embeddable":true,"href":"https:\/\/arantv.az\/index.php?rest_route=\/wp\/v2\/media\/25859"}],"wp:attachment":[{"href":"https:\/\/arantv.az\/index.php?rest_route=%2Fwp%2Fv2%2Fmedia&parent=25858"}],"wp:term":[{"taxonomy":"category","embeddable":true,"href":"https:\/\/arantv.az\/index.php?rest_route=%2Fwp%2Fv2%2Fcategories&post=25858"},{"taxonomy":"post_tag","embeddable":true,"href":"https:\/\/arantv.az\/index.php?rest_route=%2Fwp%2Fv2%2Ftags&post=25858"}],"curies":[{"name":"wp","href":"https:\/\/api.w.org\/{rel}","templated":true}]}}