{"id":25862,"date":"2018-12-01T14:50:48","date_gmt":"2018-12-01T11:50:48","guid":{"rendered":"http:\/\/arantv.az\/?p=25862"},"modified":"2018-12-01T14:50:48","modified_gmt":"2018-12-01T11:50:48","slug":"dizell%c9%99-isl%c9%99y%c9%99n-avtomobill%c9%99r-istifad%c9%99d%c9%99n-cixarila-bil%c9%99r-s%c9%99dr-yeni-t%c9%99l%c9%99bl%c9%99ri-aciqladi","status":"publish","type":"post","link":"https:\/\/arantv.az\/?p=25862","title":{"rendered":"Dizell\u0259 i\u015fl\u0259y\u0259n avtomobill\u0259r istifad\u0259d\u0259n \u00c7IXARILA B\u0130L\u018fR &#8211; S\u0259dr yeni T\u018fL\u018fBL\u018fR\u0130 A\u00c7IQLADI"},"content":{"rendered":"<p><strong>Bak\u0131da dizel yanaca\u011f\u0131 il\u0259 i\u015fl\u0259y\u0259n avtobuslar istifad\u0259d\u0259n \u00e7\u0131xar\u0131la bil\u0259r.<\/strong><\/p>\n<p><strong>ARANTV.AZ<\/strong>-\u0131n Trend-\u0259 istinad\u0259n verdiyi m\u0259lumata g\u00f6r\u0259, bunu Bak\u0131 N\u0259qliyyat Agentliyinin (BNA) \u0130dar\u0259 Hey\u0259tinin s\u0259dri V\u00fcsal K\u0259rimli Parlament Jurnalistl\u0259r Birliyinin BNA-ya t\u0259\u015fkil etdiyi media tur zaman\u0131 bildirib.<\/p>\n<p>V.K\u0259rimli deyib ki, avtobuslara, taksil\u0259r\u0259, s\u00fcr\u00fcc\u00fcl\u0259r\u0259 v\u0259 da\u015f\u0131y\u0131c\u0131lara dair yeni t\u0259l\u0259bl\u0259r haz\u0131rlan\u0131b.<\/p>\n<p>BNA r\u0259hb\u0259ri qeyd edib ki, h\u0259min t\u0259l\u0259bl\u0259r h\u00f6kum\u0259t\u0259 t\u0259qdim olunub: &#8220;T\u0259l\u0259bl\u0259rd\u0259n biri d\u0259 odur ki, 2022-ci ild\u0259n etibar\u0259n paytaxtda f\u0259aliyy\u0259t g\u00f6st\u0259r\u0259n ictimai n\u0259qliyyat vasit\u0259l\u0259ri s\u0131x\u0131lm\u0131\u015f qaz v\u0259 elektrikl\u0259 i\u015fl\u0259y\u0259n avtomobill\u0259rd\u0259n ibar\u0259t olsun. Bizim \u00fc\u00e7\u00fcn \u0259traf m\u00fchit vacibdir&#8221;.<\/p>\n","protected":false},"excerpt":{"rendered":"<p>Bak\u0131da dizel yanaca\u011f\u0131 il\u0259 i\u015fl\u0259y\u0259n avtobuslar istifad\u0259d\u0259n \u00e7\u0131xar\u0131la bil\u0259r. ARANTV.AZ-\u0131n Trend-\u0259 istinad\u0259n verdiyi m\u0259lumata g\u00f6r\u0259, bunu Bak\u0131 N\u0259qliyyat Agentliyinin (BNA) \u0130dar\u0259 Hey\u0259tinin s\u0259dri V\u00fcsal K\u0259rimli Parlament Jurnalistl\u0259r Birliyinin BNA-ya t\u0259\u015fkil etdiyi media tur zaman\u0131 bildirib. V.K\u0259rimli deyib ki, avtobuslara, taksil\u0259r\u0259, s\u00fcr\u00fcc\u00fcl\u0259r\u0259 v\u0259 da\u015f\u0131y\u0131c\u0131lara dair yeni t\u0259l\u0259bl\u0259r haz\u0131rlan\u0131b. BNA r\u0259hb\u0259ri qeyd edib ki, h\u0259min t\u0259l\u0259bl\u0259r h\u00f6kum\u0259t\u0259 t\u0259qdim olunub: &#8220;T\u0259l\u0259bl\u0259rd\u0259n biri d\u0259 odur ki, 2022-ci ild\u0259n etibar\u0259n paytaxtda f\u0259aliyy\u0259t g\u00f6st\u0259r\u0259n ictimai n\u0259qliyyat vasit\u0259l\u0259ri s\u0131x\u0131lm\u0131\u015f qaz v\u0259 elektrikl\u0259 i\u015fl\u0259y\u0259n avtomobill\u0259rd\u0259n ibar\u0259t olsun. Bizim \u00fc\u00e7\u00fcn \u0259traf m\u00fchit vacibdir&#8221;.<\/p>\n","protected":false},"author":2,"featured_media":25863,"comment_status":"closed","ping_status":"closed","sticky":false,"template":"","format":"standard","meta":{"om_disable_all_campaigns":false,"_monsterinsights_skip_tracking":false,"_monsterinsights_sitenote_active":false,"_monsterinsights_sitenote_note":"","_monsterinsights_sitenote_category":0},"categories":[19],"tags":[],"aioseo_notices":[],"gutentor_comment":0,"rttpg_featured_image_url":{"full":["https:\/\/arantv.az\/wp-content\/uploads\/2018\/12\/yanacaq.jpg",800,450,false],"landscape":["https:\/\/arantv.az\/wp-content\/uploads\/2018\/12\/yanacaq.jpg",800,450,false],"portraits":["https:\/\/arantv.az\/wp-content\/uploads\/2018\/12\/yanacaq.jpg",800,450,false],"thumbnail":["https:\/\/arantv.az\/wp-content\/uploads\/2018\/12\/yanacaq-150x150.jpg",150,150,true],"medium":["https:\/\/arantv.az\/wp-content\/uploads\/2018\/12\/yanacaq-300x169.jpg",300,169,true],"large":["https:\/\/arantv.az\/wp-content\/uploads\/2018\/12\/yanacaq.jpg",640,360,false],"1536x1536":["https:\/\/arantv.az\/wp-content\/uploads\/2018\/12\/yanacaq.jpg",800,450,false],"2048x2048":["https:\/\/arantv.az\/wp-content\/uploads\/2018\/12\/yanacaq.jpg",800,450,false],"post-thumbnail":["https:\/\/arantv.az\/wp-content\/uploads\/2018\/12\/yanacaq-240x172.jpg",240,172,true],"advps-thumb-one":["https:\/\/arantv.az\/wp-content\/uploads\/2018\/12\/yanacaq.jpg",800,450,false]},"rttpg_author":{"display_name":"V\u00fcsal Rafiqo\u011flu","author_link":"https:\/\/arantv.az\/?author=2"},"rttpg_comment":0,"rttpg_category":"<a href=\"https:\/\/arantv.az\/?cat=19\" rel=\"category\">G\u00fcnd\u0259m<\/a>","rttpg_excerpt":"Bak\u0131da dizel yanaca\u011f\u0131 il\u0259 i\u015fl\u0259y\u0259n avtobuslar istifad\u0259d\u0259n \u00e7\u0131xar\u0131la bil\u0259r. ARANTV.AZ-\u0131n Trend-\u0259 istinad\u0259n verdiyi m\u0259lumata g\u00f6r\u0259, bunu Bak\u0131 N\u0259qliyyat Agentliyinin (BNA) \u0130dar\u0259 Hey\u0259tinin s\u0259dri V\u00fcsal K\u0259rimli Parlament Jurnalistl\u0259r Birliyinin BNA-ya t\u0259\u015fkil etdiyi media tur zaman\u0131 bildirib. V.K\u0259rimli deyib ki, avtobuslara, taksil\u0259r\u0259, s\u00fcr\u00fcc\u00fcl\u0259r\u0259 v\u0259 da\u015f\u0131y\u0131c\u0131lara dair yeni t\u0259l\u0259bl\u0259r haz\u0131rlan\u0131b. BNA r\u0259hb\u0259ri qeyd edib ki, h\u0259min t\u0259l\u0259bl\u0259r h\u00f6kum\u0259t\u0259&hellip;","_links":{"self":[{"href":"https:\/\/arantv.az\/index.php?rest_route=\/wp\/v2\/posts\/25862"}],"collection":[{"href":"https:\/\/arantv.az\/index.php?rest_route=\/wp\/v2\/posts"}],"about":[{"href":"https:\/\/arantv.az\/index.php?rest_route=\/wp\/v2\/types\/post"}],"author":[{"embeddable":true,"href":"https:\/\/arantv.az\/index.php?rest_route=\/wp\/v2\/users\/2"}],"replies":[{"embeddable":true,"href":"https:\/\/arantv.az\/index.php?rest_route=%2Fwp%2Fv2%2Fcomments&post=25862"}],"version-history":[{"count":0,"href":"https:\/\/arantv.az\/index.php?rest_route=\/wp\/v2\/posts\/25862\/revisions"}],"wp:featuredmedia":[{"embeddable":true,"href":"https:\/\/arantv.az\/index.php?rest_route=\/wp\/v2\/media\/25863"}],"wp:attachment":[{"href":"https:\/\/arantv.az\/index.php?rest_route=%2Fwp%2Fv2%2Fmedia&parent=25862"}],"wp:term":[{"taxonomy":"category","embeddable":true,"href":"https:\/\/arantv.az\/index.php?rest_route=%2Fwp%2Fv2%2Fcategories&post=25862"},{"taxonomy":"post_tag","embeddable":true,"href":"https:\/\/arantv.az\/index.php?rest_route=%2Fwp%2Fv2%2Ftags&post=25862"}],"curies":[{"name":"wp","href":"https:\/\/api.w.org\/{rel}","templated":true}]}}