{"id":25870,"date":"2018-12-03T07:55:54","date_gmt":"2018-12-03T04:55:54","guid":{"rendered":"http:\/\/arantv.az\/?p=25870"},"modified":"2018-12-03T09:02:47","modified_gmt":"2018-12-03T06:02:47","slug":"elektra-hallu-bu-d%c9%99f%c9%99-aygun-cosdurdu-fotolar","status":"publish","type":"post","link":"https:\/\/arantv.az\/?p=25870","title":{"rendered":"Q\u0131z\u0131l paltarl\u0131 qad\u0131n &#8211;  FOTOLAR"},"content":{"rendered":"<p>Estrada ulduzu yen\u0259 d\u0259 sev\u0259nl\u0259rinin qar\u015f\u0131s\u0131nda&#8230; <strong>ARANTV.AZ<\/strong> x\u0259b\u0259r verir ki, yenilikl\u0259ri il\u0259 h\u0259r zaman t\u0259\u0259cc\u00fcbl\u0259ndir\u0259n Az\u0259rbaycan \u015fou &#8211; biznesinin \u00f6nd\u0259 ged\u0259n isiml\u0259rind\u0259n biri, Az\u0259rbaycan\u0131n xalq artisti, estrada ulduzu Ayg\u00fcn Kaz\u0131movan\u0131n uzun m\u00fcdd\u0259tdir haz\u0131rla\u015fd\u0131\u011f\u0131 &#8220;Duy&#8221; adl\u0131 konsert proqram\u0131 ba\u015f tutub. &#8220;Elektra Events Hall&#8221;un s\u0259hn\u0259sind\u0259 ba\u015f tutan gec\u0259d\u0259 m\u00fc\u011f\u0259nni \u015foular\u0131 il\u0259 yadda qal\u0131b. H\u0259r mahn\u0131s\u0131 \u00fc\u00e7\u00fcn f\u0259rqli r\u0259qs haz\u0131rlay\u0131b, libas d\u0259yi\u015f\u0259n A.Kaz\u0131movan\u0131 \u0259cn\u0259bi r\u0259qqaslar m\u00fc\u015fayi\u0259t edibl\u0259r. M\u00fc\u011f\u0259nni gec\u0259d\u0259 tama\u015fa\u00e7\u0131lar\u0131 il\u0259 \u00e7ox az s\u00f6hb\u0259t edib, 3 saat\u0131n\u0131 ancaqoxuma\u011fa h\u0259sr edib. Kaz\u0131mova &#8220;30 ildir sizinl\u0259 birlikd\u0259y\u0259m&#8221;. Konserti &#8220;\u042f \u0438 \u0442\u044b&#8221; (M\u0259n v\u0259 s\u0259n) mahn\u0131s\u0131 il\u0259 ba\u015flayan Ayg\u00fcn sonda d\u00fcnya \u00fczr\u0259 m\u0259\u015fhur frans\u0131z DJ- David Vendetta il\u0259 birlikd\u0259 \u0259rs\u0259y\u0259 g\u0259tir\u0259n &#8220;Duy&#8221; b\u0259st\u0259sini s\u0259sl\u0259ndirib. Elektra Events Hall-da Ayg\u00fcnl\u0259 birlikd\u0259 x\u00fcsusi musiqi qonaqlarlar m\u0259\u015fhur frans\u0131z DJ- David Vendetta v\u0259 \u00f6z\u00fcn\u0259m\u0259xsus t\u0259rzi il\u0259 d\u00fcnyan\u0131n bir \u00e7ox m\u0259kanlar\u0131nda s\u0259hn\u0259nin alt\u0131n\u0131 \u00fcst\u00fcn\u0259 g\u0259tir\u0259n g\u00fcrc\u00fc DJ Kahaberi v\u0259 onun &#8220;Kahaberi&#8221; qrupu s\u0259hn\u0259ni \u00e7o\u015fdurub. H\u0259mi\u015f\u0259ki kimi Ayg\u00fcn\u00fcn pe\u015f\u0259kar komandas\u0131 onu yaln\u0131z qoymay\u0131b. Gec\u0259 boyu davam ed\u0259n konsertd\u0259 estrada ulduzu &#8220;Afffair&#8221; moda laboratoriyas\u0131n\u0131n kreativ direktoru, T\u00fcrkiy\u0259d\u0259 ya\u015fayan tan\u0131nm\u0131\u015f modelyer R\u00fcf\u0259t \u0130smay\u0131l\u0131n haz\u0131rlad\u0131\u011f\u0131 \u00fc\u00e7 f\u0259rqli libas geyinib. Konsert zaman\u0131 Ayg\u00fcn\u00fcn bir q\u0131z\u0131l\u0131 modelli geyimi x\u00fcsusi f\u0259rql\u0259nib. Ayg\u00fcn sa\u00e7 d\u00fcz\u00fcm\u00fcn\u00fc Telmana, vizaj\u0131n\u0131 m\u0259\u015fhur stilist Ruxaya h\u0259val\u0259 edib. Gec\u0259d\u0259 s\u0259n\u0259t dostlar\u0131 da A.Kaz\u0131movan\u0131 t\u0259k qoymay\u0131blar. Konserti izl\u0259m\u0259y\u0259 g\u0259l\u0259nl\u0259r aras\u0131nda bir \u00e7ox m\u0259\u015fhur da yer al\u0131b.<\/p>\n<p><img loading=\"lazy\" class=\"alignnone size-medium wp-image-25871\" src=\"https:\/\/arantv.az\/wp-content\/uploads\/2018\/12\/47308262_1185030371648924_2939528350990860288_n-300x216.jpg\" alt=\"\" width=\"300\" height=\"216\" \/><\/p>\n<p><img loading=\"lazy\" class=\"alignnone size-medium wp-image-25872\" src=\"https:\/\/arantv.az\/wp-content\/uploads\/2018\/12\/47423408_2718352861723508_7695463809581842432_n-300x200.jpg\" alt=\"\" width=\"300\" height=\"200\" \/><\/p>\n<p><img loading=\"lazy\" class=\"alignnone size-medium wp-image-25873\" src=\"https:\/\/arantv.az\/wp-content\/uploads\/2018\/12\/47683504_340881046723725_4922296245092876288_n-300x208.jpg\" alt=\"\" width=\"300\" height=\"208\" \/><\/p>\n<p><img loading=\"lazy\" class=\"alignnone size-medium wp-image-25874\" src=\"https:\/\/arantv.az\/wp-content\/uploads\/2018\/12\/47370991_951284028403513_6480879283412664320_n-300x200.jpg\" alt=\"\" width=\"300\" height=\"200\" \/><\/p>\n","protected":false},"excerpt":{"rendered":"<p>Estrada ulduzu yen\u0259 d\u0259 sev\u0259nl\u0259rinin qar\u015f\u0131s\u0131nda&#8230; ARANTV.AZ x\u0259b\u0259r verir ki, yenilikl\u0259ri il\u0259 h\u0259r zaman t\u0259\u0259cc\u00fcbl\u0259ndir\u0259n Az\u0259rbaycan \u015fou &#8211; biznesinin \u00f6nd\u0259 ged\u0259n isiml\u0259rind\u0259n biri, Az\u0259rbaycan\u0131n xalq artisti, estrada ulduzu Ayg\u00fcn Kaz\u0131movan\u0131n uzun m\u00fcdd\u0259tdir haz\u0131rla\u015fd\u0131\u011f\u0131 &#8220;Duy&#8221; adl\u0131 konsert proqram\u0131 ba\u015f tutub. &#8220;Elektra Events Hall&#8221;un s\u0259hn\u0259sind\u0259 ba\u015f tutan gec\u0259d\u0259 m\u00fc\u011f\u0259nni \u015foular\u0131 il\u0259 yadda qal\u0131b. H\u0259r mahn\u0131s\u0131 \u00fc\u00e7\u00fcn f\u0259rqli r\u0259qs haz\u0131rlay\u0131b, libas d\u0259yi\u015f\u0259n A.Kaz\u0131movan\u0131 \u0259cn\u0259bi r\u0259qqaslar m\u00fc\u015fayi\u0259t edibl\u0259r. M\u00fc\u011f\u0259nni gec\u0259d\u0259 tama\u015fa\u00e7\u0131lar\u0131 il\u0259 \u00e7ox az s\u00f6hb\u0259t edib, 3 saat\u0131n\u0131 ancaqoxuma\u011fa h\u0259sr edib. Kaz\u0131mova &#8220;30 ildir sizinl\u0259 birlikd\u0259y\u0259m&#8221;. Konserti &#8220;\u042f \u0438 \u0442\u044b&#8221; (M\u0259n v\u0259 s\u0259n) mahn\u0131s\u0131&hellip;<\/p>\n","protected":false},"author":2,"featured_media":25906,"comment_status":"closed","ping_status":"closed","sticky":false,"template":"","format":"standard","meta":{"om_disable_all_campaigns":false,"_monsterinsights_skip_tracking":false,"_monsterinsights_sitenote_active":false,"_monsterinsights_sitenote_note":"","_monsterinsights_sitenote_category":0},"categories":[20],"tags":[],"aioseo_notices":[],"gutentor_comment":0,"rttpg_featured_image_url":{"full":["https:\/\/arantv.az\/wp-content\/uploads\/2018\/12\/47049857_761195410902977_4577596321833156608_n.jpg",960,640,false],"landscape":["https:\/\/arantv.az\/wp-content\/uploads\/2018\/12\/47049857_761195410902977_4577596321833156608_n.jpg",960,640,false],"portraits":["https:\/\/arantv.az\/wp-content\/uploads\/2018\/12\/47049857_761195410902977_4577596321833156608_n.jpg",960,640,false],"thumbnail":["https:\/\/arantv.az\/wp-content\/uploads\/2018\/12\/47049857_761195410902977_4577596321833156608_n-150x150.jpg",150,150,true],"medium":["https:\/\/arantv.az\/wp-content\/uploads\/2018\/12\/47049857_761195410902977_4577596321833156608_n-300x200.jpg",300,200,true],"large":["https:\/\/arantv.az\/wp-content\/uploads\/2018\/12\/47049857_761195410902977_4577596321833156608_n.jpg",640,427,false],"1536x1536":["https:\/\/arantv.az\/wp-content\/uploads\/2018\/12\/47049857_761195410902977_4577596321833156608_n.jpg",960,640,false],"2048x2048":["https:\/\/arantv.az\/wp-content\/uploads\/2018\/12\/47049857_761195410902977_4577596321833156608_n.jpg",960,640,false],"post-thumbnail":["https:\/\/arantv.az\/wp-content\/uploads\/2018\/12\/47049857_761195410902977_4577596321833156608_n-240x172.jpg",240,172,true],"advps-thumb-one":["https:\/\/arantv.az\/wp-content\/uploads\/2018\/12\/47049857_761195410902977_4577596321833156608_n-960x620.jpg",960,620,true]},"rttpg_author":{"display_name":"V\u00fcsal Rafiqo\u011flu","author_link":"https:\/\/arantv.az\/?author=2"},"rttpg_comment":0,"rttpg_category":"<a href=\"https:\/\/arantv.az\/?cat=20\" rel=\"category\">\u015eou biznes<\/a>","rttpg_excerpt":"Estrada ulduzu yen\u0259 d\u0259 sev\u0259nl\u0259rinin qar\u015f\u0131s\u0131nda&#8230; ARANTV.AZ x\u0259b\u0259r verir ki, yenilikl\u0259ri il\u0259 h\u0259r zaman t\u0259\u0259cc\u00fcbl\u0259ndir\u0259n Az\u0259rbaycan \u015fou &#8211; biznesinin \u00f6nd\u0259 ged\u0259n isiml\u0259rind\u0259n biri, Az\u0259rbaycan\u0131n xalq artisti, estrada ulduzu Ayg\u00fcn Kaz\u0131movan\u0131n uzun m\u00fcdd\u0259tdir haz\u0131rla\u015fd\u0131\u011f\u0131 &#8220;Duy&#8221; adl\u0131 konsert proqram\u0131 ba\u015f tutub. &#8220;Elektra Events Hall&#8221;un s\u0259hn\u0259sind\u0259 ba\u015f tutan gec\u0259d\u0259 m\u00fc\u011f\u0259nni \u015foular\u0131 il\u0259 yadda qal\u0131b. H\u0259r mahn\u0131s\u0131 \u00fc\u00e7\u00fcn f\u0259rqli&hellip;","_links":{"self":[{"href":"https:\/\/arantv.az\/index.php?rest_route=\/wp\/v2\/posts\/25870"}],"collection":[{"href":"https:\/\/arantv.az\/index.php?rest_route=\/wp\/v2\/posts"}],"about":[{"href":"https:\/\/arantv.az\/index.php?rest_route=\/wp\/v2\/types\/post"}],"author":[{"embeddable":true,"href":"https:\/\/arantv.az\/index.php?rest_route=\/wp\/v2\/users\/2"}],"replies":[{"embeddable":true,"href":"https:\/\/arantv.az\/index.php?rest_route=%2Fwp%2Fv2%2Fcomments&post=25870"}],"version-history":[{"count":0,"href":"https:\/\/arantv.az\/index.php?rest_route=\/wp\/v2\/posts\/25870\/revisions"}],"wp:featuredmedia":[{"embeddable":true,"href":"https:\/\/arantv.az\/index.php?rest_route=\/wp\/v2\/media\/25906"}],"wp:attachment":[{"href":"https:\/\/arantv.az\/index.php?rest_route=%2Fwp%2Fv2%2Fmedia&parent=25870"}],"wp:term":[{"taxonomy":"category","embeddable":true,"href":"https:\/\/arantv.az\/index.php?rest_route=%2Fwp%2Fv2%2Fcategories&post=25870"},{"taxonomy":"post_tag","embeddable":true,"href":"https:\/\/arantv.az\/index.php?rest_route=%2Fwp%2Fv2%2Ftags&post=25870"}],"curies":[{"name":"wp","href":"https:\/\/api.w.org\/{rel}","templated":true}]}}