{"id":258733,"date":"2020-12-23T15:56:33","date_gmt":"2020-12-23T12:56:33","guid":{"rendered":"http:\/\/arantv.az\/?p=258733"},"modified":"2020-12-23T15:56:33","modified_gmt":"2020-12-23T12:56:33","slug":"ivo-yosipovic-az%c9%99rbaycan-isgaldan-azad-olunmus-%c9%99razil%c9%99rini-tezlikl%c9%99-yenid%c9%99n-quracaq","status":"publish","type":"post","link":"https:\/\/arantv.az\/?p=258733","title":{"rendered":"\u0130vo Yosipovi\u00e7: \u201cAz\u0259rbaycan i\u015f\u011faldan azad olunmu\u015f \u0259razil\u0259rini tezlikl\u0259 yenid\u0259n quracaq\u201d"},"content":{"rendered":"<p>2010-2015-ci ill\u0259rd\u0259 Xorvatiyan\u0131n Prezidenti olmu\u015f \u0130vo Yosipovi\u00e7 Prezident \u0130lham \u018fliyevi do\u011fum g\u00fcn\u00fc m\u00fcnasib\u0259til\u0259 t\u0259brik edib.<\/p>\n<p><a href=\"https:\/\/azertag.az\/xeber\/2010_2015_ci_illerde_Xorvatiyanin_Prezidenti_Ivo_Yosipovichden-1672795\" target=\"_blank\" rel=\"noopener\">AZ\u018fRTAC<\/a>-\u0131n yay\u0131mlad\u0131\u011f\u0131 t\u0259brik m\u0259tnind\u0259 deyilir:<\/p>\n<p>\u201cZati-alil\u0259ri, h\u00f6rm\u0259tli Prezident \u018fliyev.<\/p>\n<div id=\"AdviadNativeVideo0\" class=\"AdviadNativeVideo\"><\/div>\n<p>Sizi do\u011fum g\u00fcn\u00fcn\u00fcz m\u00fcnasib\u0259til\u0259 t\u0259brik edir v\u0259 \u0259n xo\u015f arzular\u0131m\u0131 \u00e7atd\u0131r\u0131ram.<\/p>\n<p>Prezidentliyim d\u00f6vr\u00fcnd\u0259 Sizinl\u0259 bir ne\u00e7\u0259 d\u0259f\u0259 g\u00f6r\u00fc\u015f\u00fcm\u00fcz olub. Sizin Xorvatiyaya r\u0259smi s\u0259f\u0259riniz v\u0259 m\u0259nim Az\u0259rbaycana r\u0259smi s\u0259f\u0259riml\u0259 ba\u011fl\u0131 \u0259n xo\u015f xatir\u0259l\u0259rim var. Bir s\u0131ra beyn\u0259lxalq g\u00f6r\u00fc\u015fl\u0259rd\u0259 Sizinl\u0259 ikit\u0259r\u0259fli v\u0259 qlobal m\u0259s\u0259l\u0259l\u0259ri m\u00fczakir\u0259 etm\u0259k imkan\u0131m\u0131z olub.<\/p>\n<p>Sizin beyn\u0259lxalq m\u00fcnasib\u0259tl\u0259rd\u0259ki \u00e7ox \u0259h\u0259miyy\u0259tli rolunuzu y\u00fcks\u0259k qiym\u0259tl\u0259ndirir\u0259m. Xorvatiya il\u0259 Az\u0259rbaycan\u0131n \u00e7oxillik s\u0259mimi m\u00fcnasib\u0259tl\u0259rinin x\u0259l\u0259fim Zati-alil\u0259ri Kolinda Qrabar-Kitarovi\u00e7in prezidentliyi d\u00f6vr\u00fcnd\u0259 d\u0259 davam etm\u0259si \u00f6lk\u0259l\u0259rimiz aras\u0131nda m\u00f6vcud olan qar\u015f\u0131l\u0131ql\u0131 h\u00f6rm\u0259t v\u0259 dostlu\u011fu t\u0259c\u0259ss\u00fcm etdirir.<\/p>\n<p>\u00dcmidvaram ki, bu \u0259m\u0259kda\u015fl\u0131q \u0259laq\u0259l\u0259ri bundan sonra da davam ed\u0259c\u0259k. Sizin prezidentliyiniz d\u00f6vr\u00fcnd\u0259 Az\u0259rbaycan\u0131n s\u00fcr\u0259tli inki\u015faf\u0131 h\u0259qiq\u0259t\u0259n d\u0259 heyranl\u0131q do\u011furur.<\/p>\n<p>\u018fmin\u0259m ki, Sizin r\u0259hb\u0259rliyinizl\u0259 Az\u0259rbaycan i\u015f\u011faldan azad olunmu\u015f \u0259razil\u0259rini tezlikl\u0259 yenid\u0259n quracaq v\u0259 u\u011furlu inki\u015faf yoluna davam ed\u0259c\u0259kdir.<\/p>\n<p>M\u0259n Nizami G\u0259nc\u0259vi Beyn\u0259lxalq M\u0259rk\u0259zinin Q\u0259yyumlar \u015euras\u0131n\u0131n \u00fczv\u00fc olma\u011f\u0131mdan q\u00fcrur duyuram. Bu M\u0259rk\u0259z m\u0259hz Sizin b\u00f6y\u00fck d\u0259st\u0259yiniz say\u0259sind\u0259 beyn\u0259lxalq al\u0259md\u0259 m\u00fch\u00fcm rol oynayan n\u00fcfuzlu t\u0259\u015fkilatlardan birin\u0259 \u00e7evrilib.<\/p>\n<p>Nizami G\u0259nc\u0259vi Beyn\u0259lxalq M\u0259rk\u0259zinin f\u0259aliyy\u0259ti Az\u0259rbaycan\u0131n d\u00fcnyada tan\u0131nmas\u0131na v\u0259 m\u00f6vqeyinin m\u00f6hk\u0259ml\u0259nm\u0259sin\u0259 t\u00f6hf\u0259 verm\u0259kd\u0259 davam edir. D\u0259y\u0259rli d\u0259st\u0259yiniz\u0259 g\u00f6r\u0259 Siz\u0259 bir daha minn\u0259tdarl\u0131\u011f\u0131m\u0131 bildirir\u0259m.<\/p>\n<p>Siz\u0259 uzun \u00f6m\u00fcr, cansa\u011fl\u0131\u011f\u0131 v\u0259 xo\u015fb\u0259xtlik arzulay\u0131ram\u201d.<\/p>\n","protected":false},"excerpt":{"rendered":"<p>2010-2015-ci ill\u0259rd\u0259 Xorvatiyan\u0131n Prezidenti olmu\u015f \u0130vo Yosipovi\u00e7 Prezident \u0130lham \u018fliyevi do\u011fum g\u00fcn\u00fc m\u00fcnasib\u0259til\u0259 t\u0259brik edib. AZ\u018fRTAC-\u0131n yay\u0131mlad\u0131\u011f\u0131 t\u0259brik m\u0259tnind\u0259 deyilir: \u201cZati-alil\u0259ri, h\u00f6rm\u0259tli Prezident \u018fliyev. Sizi do\u011fum g\u00fcn\u00fcn\u00fcz m\u00fcnasib\u0259til\u0259 t\u0259brik edir v\u0259 \u0259n xo\u015f arzular\u0131m\u0131 \u00e7atd\u0131r\u0131ram. Prezidentliyim d\u00f6vr\u00fcnd\u0259 Sizinl\u0259 bir ne\u00e7\u0259 d\u0259f\u0259 g\u00f6r\u00fc\u015f\u00fcm\u00fcz olub. Sizin Xorvatiyaya r\u0259smi s\u0259f\u0259riniz v\u0259 m\u0259nim Az\u0259rbaycana r\u0259smi s\u0259f\u0259riml\u0259 ba\u011fl\u0131 \u0259n xo\u015f xatir\u0259l\u0259rim var. Bir s\u0131ra beyn\u0259lxalq g\u00f6r\u00fc\u015fl\u0259rd\u0259 Sizinl\u0259 ikit\u0259r\u0259fli v\u0259 qlobal m\u0259s\u0259l\u0259l\u0259ri m\u00fczakir\u0259 etm\u0259k imkan\u0131m\u0131z olub. Sizin beyn\u0259lxalq m\u00fcnasib\u0259tl\u0259rd\u0259ki \u00e7ox \u0259h\u0259miyy\u0259tli rolunuzu y\u00fcks\u0259k qiym\u0259tl\u0259ndirir\u0259m. Xorvatiya il\u0259 Az\u0259rbaycan\u0131n \u00e7oxillik s\u0259mimi m\u00fcnasib\u0259tl\u0259rinin x\u0259l\u0259fim Zati-alil\u0259ri Kolinda Qrabar-Kitarovi\u00e7in prezidentliyi d\u00f6vr\u00fcnd\u0259&hellip;<\/p>\n","protected":false},"author":2,"featured_media":258734,"comment_status":"closed","ping_status":"closed","sticky":false,"template":"","format":"standard","meta":{"om_disable_all_campaigns":false,"_monsterinsights_skip_tracking":false,"_monsterinsights_sitenote_active":false,"_monsterinsights_sitenote_note":"","_monsterinsights_sitenote_category":0},"categories":[4],"tags":[],"aioseo_notices":[],"gutentor_comment":0,"rttpg_featured_image_url":{"full":["https:\/\/arantv.az\/wp-content\/uploads\/2020\/12\/ivo-josipovic-1.jpg",620,367,false],"landscape":["https:\/\/arantv.az\/wp-content\/uploads\/2020\/12\/ivo-josipovic-1.jpg",620,367,false],"portraits":["https:\/\/arantv.az\/wp-content\/uploads\/2020\/12\/ivo-josipovic-1.jpg",620,367,false],"thumbnail":["https:\/\/arantv.az\/wp-content\/uploads\/2020\/12\/ivo-josipovic-1-150x150.jpg",150,150,true],"medium":["https:\/\/arantv.az\/wp-content\/uploads\/2020\/12\/ivo-josipovic-1-300x178.jpg",300,178,true],"large":["https:\/\/arantv.az\/wp-content\/uploads\/2020\/12\/ivo-josipovic-1.jpg",620,367,false],"1536x1536":["https:\/\/arantv.az\/wp-content\/uploads\/2020\/12\/ivo-josipovic-1.jpg",620,367,false],"2048x2048":["https:\/\/arantv.az\/wp-content\/uploads\/2020\/12\/ivo-josipovic-1.jpg",620,367,false],"post-thumbnail":["https:\/\/arantv.az\/wp-content\/uploads\/2020\/12\/ivo-josipovic-1-240x172.jpg",240,172,true],"advps-thumb-one":["https:\/\/arantv.az\/wp-content\/uploads\/2020\/12\/ivo-josipovic-1.jpg",620,367,false]},"rttpg_author":{"display_name":"V\u00fcsal Rafiqo\u011flu","author_link":"https:\/\/arantv.az\/?author=2"},"rttpg_comment":0,"rttpg_category":"<a href=\"https:\/\/arantv.az\/?cat=4\" rel=\"category\">Siyas\u0259t<\/a>","rttpg_excerpt":"2010-2015-ci ill\u0259rd\u0259 Xorvatiyan\u0131n Prezidenti olmu\u015f \u0130vo Yosipovi\u00e7 Prezident \u0130lham \u018fliyevi do\u011fum g\u00fcn\u00fc m\u00fcnasib\u0259til\u0259 t\u0259brik edib. AZ\u018fRTAC-\u0131n yay\u0131mlad\u0131\u011f\u0131 t\u0259brik m\u0259tnind\u0259 deyilir: \u201cZati-alil\u0259ri, h\u00f6rm\u0259tli Prezident \u018fliyev. Sizi do\u011fum g\u00fcn\u00fcn\u00fcz m\u00fcnasib\u0259til\u0259 t\u0259brik edir v\u0259 \u0259n xo\u015f arzular\u0131m\u0131 \u00e7atd\u0131r\u0131ram. Prezidentliyim d\u00f6vr\u00fcnd\u0259 Sizinl\u0259 bir ne\u00e7\u0259 d\u0259f\u0259 g\u00f6r\u00fc\u015f\u00fcm\u00fcz olub. Sizin Xorvatiyaya r\u0259smi s\u0259f\u0259riniz v\u0259 m\u0259nim Az\u0259rbaycana r\u0259smi s\u0259f\u0259riml\u0259 ba\u011fl\u0131 \u0259n xo\u015f&hellip;","_links":{"self":[{"href":"https:\/\/arantv.az\/index.php?rest_route=\/wp\/v2\/posts\/258733"}],"collection":[{"href":"https:\/\/arantv.az\/index.php?rest_route=\/wp\/v2\/posts"}],"about":[{"href":"https:\/\/arantv.az\/index.php?rest_route=\/wp\/v2\/types\/post"}],"author":[{"embeddable":true,"href":"https:\/\/arantv.az\/index.php?rest_route=\/wp\/v2\/users\/2"}],"replies":[{"embeddable":true,"href":"https:\/\/arantv.az\/index.php?rest_route=%2Fwp%2Fv2%2Fcomments&post=258733"}],"version-history":[{"count":0,"href":"https:\/\/arantv.az\/index.php?rest_route=\/wp\/v2\/posts\/258733\/revisions"}],"wp:featuredmedia":[{"embeddable":true,"href":"https:\/\/arantv.az\/index.php?rest_route=\/wp\/v2\/media\/258734"}],"wp:attachment":[{"href":"https:\/\/arantv.az\/index.php?rest_route=%2Fwp%2Fv2%2Fmedia&parent=258733"}],"wp:term":[{"taxonomy":"category","embeddable":true,"href":"https:\/\/arantv.az\/index.php?rest_route=%2Fwp%2Fv2%2Fcategories&post=258733"},{"taxonomy":"post_tag","embeddable":true,"href":"https:\/\/arantv.az\/index.php?rest_route=%2Fwp%2Fv2%2Ftags&post=258733"}],"curies":[{"name":"wp","href":"https:\/\/api.w.org\/{rel}","templated":true}]}}