{"id":258737,"date":"2020-12-23T15:57:10","date_gmt":"2020-12-23T12:57:10","guid":{"rendered":"http:\/\/arantv.az\/?p=258737"},"modified":"2020-12-23T15:57:10","modified_gmt":"2020-12-23T12:57:10","slug":"az%c9%99rbaycanda-daha-bir-v%c9%99kil-koronavirusdan-v%c9%99fat-etdi","status":"publish","type":"post","link":"https:\/\/arantv.az\/?p=258737","title":{"rendered":"Az\u0259rbaycanda daha bir v\u0259kil koronavirusdan v\u0259fat etdi"},"content":{"rendered":"<p>Az\u0259rbaycanda daha bir v\u0259kil d\u00fcnyas\u0131n\u0131 d\u0259yi\u015fib.<\/p>\n<p><strong>ARANTV.AZ\u00a0<\/strong> x\u0259b\u0259r verir ki, 15 sayl\u0131 v\u0259kil b\u00fcrosunun v\u0259kili Heyd\u0259r \u018fsg\u0259rov COVID-19 s\u0259b\u0259bind\u0259n\u00a0v\u0259fat edib.<\/p>\n<div id=\"AdviadNativeVideo0\" class=\"AdviadNativeVideo\"><\/div>\n<p>V\u0259kill\u0259r Kollegiyas\u0131ndan m\u0259lumat\u0131 t\u0259sdiql\u0259yibl\u0259r.<\/p>\n<p>66 ya\u015fl\u0131 H.\u018fsg\u0259rov 17 il v\u0259killik f\u0259aliyy\u0259ti il\u0259 m\u0259\u015f\u011ful olub.<\/p>\n<p>Qeyd ed\u0259k ki, son bir ay \u0259rzind\u0259 Az\u0259rbaycan V\u0259kill\u0259r Kollegiyas\u0131n\u0131n \u00fczvl\u0259ri &#8211; \u018fli \u018fl\u0259kb\u0259rov, Adil \u0130smay\u0131lov, Yusif Seyidov v\u0259 Tahir \u018flirzayev koronavirusdan, \u0130dris Qas\u0131mov is\u0259 uzun s\u00fcr\u0259n x\u0259st\u0259likd\u0259n v\u0259fat edib.Report<\/p>\n","protected":false},"excerpt":{"rendered":"<p>Az\u0259rbaycanda daha bir v\u0259kil d\u00fcnyas\u0131n\u0131 d\u0259yi\u015fib. ARANTV.AZ\u00a0 x\u0259b\u0259r verir ki, 15 sayl\u0131 v\u0259kil b\u00fcrosunun v\u0259kili Heyd\u0259r \u018fsg\u0259rov COVID-19 s\u0259b\u0259bind\u0259n\u00a0v\u0259fat edib. V\u0259kill\u0259r Kollegiyas\u0131ndan m\u0259lumat\u0131 t\u0259sdiql\u0259yibl\u0259r. 66 ya\u015fl\u0131 H.\u018fsg\u0259rov 17 il v\u0259killik f\u0259aliyy\u0259ti il\u0259 m\u0259\u015f\u011ful olub. Qeyd ed\u0259k ki, son bir ay \u0259rzind\u0259 Az\u0259rbaycan V\u0259kill\u0259r Kollegiyas\u0131n\u0131n \u00fczvl\u0259ri &#8211; \u018fli \u018fl\u0259kb\u0259rov, Adil \u0130smay\u0131lov, Yusif Seyidov v\u0259 Tahir \u018flirzayev koronavirusdan, \u0130dris Qas\u0131mov is\u0259 uzun s\u00fcr\u0259n x\u0259st\u0259likd\u0259n v\u0259fat edib.Report<\/p>\n","protected":false},"author":2,"featured_media":258738,"comment_status":"closed","ping_status":"closed","sticky":false,"template":"","format":"standard","meta":{"om_disable_all_campaigns":false,"_monsterinsights_skip_tracking":false,"_monsterinsights_sitenote_active":false,"_monsterinsights_sitenote_note":"","_monsterinsights_sitenote_category":0},"categories":[5],"tags":[],"aioseo_notices":[],"gutentor_comment":0,"rttpg_featured_image_url":{"full":["https:\/\/arantv.az\/wp-content\/uploads\/2020\/12\/3a079127-8d4c-3ecc-8490-6e8007411ca2.jpg",620,459,false],"landscape":["https:\/\/arantv.az\/wp-content\/uploads\/2020\/12\/3a079127-8d4c-3ecc-8490-6e8007411ca2.jpg",620,459,false],"portraits":["https:\/\/arantv.az\/wp-content\/uploads\/2020\/12\/3a079127-8d4c-3ecc-8490-6e8007411ca2.jpg",620,459,false],"thumbnail":["https:\/\/arantv.az\/wp-content\/uploads\/2020\/12\/3a079127-8d4c-3ecc-8490-6e8007411ca2-150x150.jpg",150,150,true],"medium":["https:\/\/arantv.az\/wp-content\/uploads\/2020\/12\/3a079127-8d4c-3ecc-8490-6e8007411ca2-300x222.jpg",300,222,true],"large":["https:\/\/arantv.az\/wp-content\/uploads\/2020\/12\/3a079127-8d4c-3ecc-8490-6e8007411ca2.jpg",620,459,false],"1536x1536":["https:\/\/arantv.az\/wp-content\/uploads\/2020\/12\/3a079127-8d4c-3ecc-8490-6e8007411ca2.jpg",620,459,false],"2048x2048":["https:\/\/arantv.az\/wp-content\/uploads\/2020\/12\/3a079127-8d4c-3ecc-8490-6e8007411ca2.jpg",620,459,false],"post-thumbnail":["https:\/\/arantv.az\/wp-content\/uploads\/2020\/12\/3a079127-8d4c-3ecc-8490-6e8007411ca2-240x172.jpg",240,172,true],"advps-thumb-one":["https:\/\/arantv.az\/wp-content\/uploads\/2020\/12\/3a079127-8d4c-3ecc-8490-6e8007411ca2.jpg",620,459,false]},"rttpg_author":{"display_name":"V\u00fcsal Rafiqo\u011flu","author_link":"https:\/\/arantv.az\/?author=2"},"rttpg_comment":0,"rttpg_category":"<a href=\"https:\/\/arantv.az\/?cat=5\" rel=\"category\">Hadis\u0259<\/a>","rttpg_excerpt":"Az\u0259rbaycanda daha bir v\u0259kil d\u00fcnyas\u0131n\u0131 d\u0259yi\u015fib. ARANTV.AZ\u00a0 x\u0259b\u0259r verir ki, 15 sayl\u0131 v\u0259kil b\u00fcrosunun v\u0259kili Heyd\u0259r \u018fsg\u0259rov COVID-19 s\u0259b\u0259bind\u0259n\u00a0v\u0259fat edib. V\u0259kill\u0259r Kollegiyas\u0131ndan m\u0259lumat\u0131 t\u0259sdiql\u0259yibl\u0259r. 66 ya\u015fl\u0131 H.\u018fsg\u0259rov 17 il v\u0259killik f\u0259aliyy\u0259ti il\u0259 m\u0259\u015f\u011ful olub. Qeyd ed\u0259k ki, son bir ay \u0259rzind\u0259 Az\u0259rbaycan V\u0259kill\u0259r Kollegiyas\u0131n\u0131n \u00fczvl\u0259ri &#8211; \u018fli \u018fl\u0259kb\u0259rov, Adil \u0130smay\u0131lov, Yusif Seyidov v\u0259 Tahir \u018flirzayev&hellip;","_links":{"self":[{"href":"https:\/\/arantv.az\/index.php?rest_route=\/wp\/v2\/posts\/258737"}],"collection":[{"href":"https:\/\/arantv.az\/index.php?rest_route=\/wp\/v2\/posts"}],"about":[{"href":"https:\/\/arantv.az\/index.php?rest_route=\/wp\/v2\/types\/post"}],"author":[{"embeddable":true,"href":"https:\/\/arantv.az\/index.php?rest_route=\/wp\/v2\/users\/2"}],"replies":[{"embeddable":true,"href":"https:\/\/arantv.az\/index.php?rest_route=%2Fwp%2Fv2%2Fcomments&post=258737"}],"version-history":[{"count":0,"href":"https:\/\/arantv.az\/index.php?rest_route=\/wp\/v2\/posts\/258737\/revisions"}],"wp:featuredmedia":[{"embeddable":true,"href":"https:\/\/arantv.az\/index.php?rest_route=\/wp\/v2\/media\/258738"}],"wp:attachment":[{"href":"https:\/\/arantv.az\/index.php?rest_route=%2Fwp%2Fv2%2Fmedia&parent=258737"}],"wp:term":[{"taxonomy":"category","embeddable":true,"href":"https:\/\/arantv.az\/index.php?rest_route=%2Fwp%2Fv2%2Fcategories&post=258737"},{"taxonomy":"post_tag","embeddable":true,"href":"https:\/\/arantv.az\/index.php?rest_route=%2Fwp%2Fv2%2Ftags&post=258737"}],"curies":[{"name":"wp","href":"https:\/\/api.w.org\/{rel}","templated":true}]}}