{"id":258749,"date":"2020-12-23T16:02:01","date_gmt":"2020-12-23T13:02:01","guid":{"rendered":"http:\/\/arantv.az\/?p=258749"},"modified":"2020-12-23T16:02:01","modified_gmt":"2020-12-23T13:02:01","slug":"s%c9%99hidin-son-mesaji-yayildi-ols%c9%99m-d%c9%99","status":"publish","type":"post","link":"https:\/\/arantv.az\/?p=258749","title":{"rendered":"\u015e\u0259hidin SON MESAJI YAYILDI: &#8220;\u00d6ls\u0259m d\u0259&#8230;&#8221;"},"content":{"rendered":"<p>\u0130kinci Qaraba\u011f m\u00fcharib\u0259si zaman\u0131 \u015f\u0259hid olan q\u0259hr\u0259manlar\u0131m\u0131zdan biri XTQ-y\u0259 k\u00f6n\u00fcll\u00fc yaz\u0131lan 2 u\u015faq atas\u0131, 27 ya\u015fl\u0131 M\u0259mm\u0259dli R\u00fcf\u0259t Vidadi o\u011fludur.<\/p>\n<p><strong>ARANTV.AZ<\/strong>\u00a0 Sonxeber.az-a istinad\u0259n x\u0259b\u0259r verir ki, o, \u015eu\u015fan\u0131n azadl\u0131\u011f\u0131 u\u011frunda ged\u0259n d\u00f6y\u00fc\u015fl\u0259rd\u0259 q\u0259hr\u0259mancas\u0131na \u015f\u0259hid olub.<\/p>\n<p>M\u0259mm\u0259dli R\u00fcf\u0259t Vidadi o\u011flu 1993-c\u00fc il 23 noyabrda A\u011fstafa rayon Salo\u011flu q\u0259s\u0259b\u0259sind\u0259 anadan olub.<\/p>\n<p>2014-c\u00fc il 27 oktyabr-21 dekabr tarixl\u0259rind\u0259 196 sayl\u0131 h\u0259rbi hiss\u0259d\u0259 k\u0259\u015ffiyyat\u00e7\u0131 ixtisas\u0131 \u00fczr\u0259 kurs ke\u00e7ib.<\/p>\n<p>2015-ci ild\u0259 n\u00fcmun\u0259vi h\u0259rbi xidm\u0259tin\u0259, d\u00f6y\u00fc\u015f v\u0259 ictimai-siyas\u0131 haz\u0131rl\u0131\u011f\u0131nda \u0259ld\u0259 etdiyi nailiyy\u0259tl\u0259rin\u0259 v\u0259 14 may 2016-c\u0131 il tarixind\u0259 \u0259n yax\u015f\u0131 k\u0259\u015ffiyyat\u00e7\u0131 snayper ad\u0131 u\u011frunda yar\u0131\u015fda birinci yer tutdu\u011funa g\u00f6r\u0259 F\u0259xri f\u0259rmanla t\u0259ltif olunub.<\/p>\n<p>2016-c\u0131 ild\u0259 T\u00fcrkiy\u0259 C\u00fcmhuriyy\u0259tind\u0259 1 ayl\u0131q\u00a0<a title=\"kurslar\" href=\"https:\/\/kurslarim.az\/\" target=\"_blank\" rel=\"noopener\">kursla<\/a>\u00a0At\u0131c\u0131l\u0131k v\u0259 Uzman ni\u015fanc\u0131 E\u011fitim Birik Komutanl\u0131\u011f\u0131 t\u0259r\u0259find\u0259n 25.01.2016 &#8211; 26.02.2016 tarixl\u0259ri aras\u0131nda a\u00e7\u0131lan 4- c\u00fc D\u00f6n\u0259m Uzman Ni\u015fanc\u0131 kursunu m\u00fcv\u0259ff\u0259qiyy\u0259tl\u0259 bitirib. 2015-c\u0131 ilin aprel d\u00f6y\u00fc\u015fl\u0259rind\u0259 i\u015ftirak edib.<\/p>\n<p>10 may 2017-ci il tarixind\u0259 ki\u00e7ik gizir M\u0259mm\u0259dli R\u00fcf\u0259t \u0259n yax\u015f\u0131 k\u0259\u015ffiyyat\u00e7\u0131 snayper ad\u0131 u\u011frunda yar\u0131\u015fda birinci yer tutdu\u011funa, d\u00f6y\u00fc\u015f v\u0259 m\u0259n\u0259vi haz\u0131rl\u0131qla \u0259ld\u0259 etdiyi m\u00fcsb\u0259t n\u0259tic\u0259l\u0259r\u0259 g\u00f6r\u0259 bir daha F\u0259xri f\u0259rmanla t\u0259ltif olunub.<\/p>\n<p>2020- ci ilin iyul ay\u0131nda Tovuz d\u00f6y\u00fc\u015fl\u0259rind\u0259 i\u015ftirak edib.<\/p>\n<p>R\u00fcf\u0259t son arzusunu el\u0259 d\u00f6y\u00fc\u015fd\u0259 olark\u0259n &#8220;\u015e\u0259hid olsam, k\u0259ndin gir\u0259c\u0259yind\u0259 ad\u0131ma bir bulaq d\u00fcz\u0259ld\u0259rsiniz, suyu daimi g\u0259l\u0259n olsun&#8221; dey\u0259 yax\u0131nlar\u0131na bildirib.<\/p>\n<p>Qeyd ed\u0259k ki, \u015f\u0259hidin son mesaj\u0131 yay\u0131l\u0131b. O, s\u0259s yaz\u0131s\u0131nda &#8220;Sa\u011f ik\u0259n d\u0259, \u00f6l\u00fc ik\u0259n d\u0259 h\u0259mi\u015f\u0259 m\u0259niml\u0259 f\u0259xr edin. M\u0259n siz\u0259 h\u0259mi\u015f\u0259 f\u0259xrli qarda\u015f olmu\u015fam, siz d\u0259 m\u0259n\u0259 f\u0259xrli bac\u0131lar olmusunuz. Siz\u0259 qurban olaram, \u00f6ls\u0259m d\u0259, m\u0259ni ya\u015fad\u0131n&#8221;.<\/p>\n<div class=\"embed-responsive embed-responsive-16by9\"><iframe loading=\"lazy\" id=\"nmqembedid\" class=\"embed-responsive-item\" title=\"video player\" src=\"https:\/\/izle.az\/embed\/88065\" width=\"600\" height=\"340\" frameborder=\"0\" scrolling=\"no\" allowfullscreen=\"allowfullscreen\" data-mce-fragment=\"1\"><\/iframe><\/div>\n<p>&nbsp;<\/p>\n","protected":false},"excerpt":{"rendered":"<p>\u0130kinci Qaraba\u011f m\u00fcharib\u0259si zaman\u0131 \u015f\u0259hid olan q\u0259hr\u0259manlar\u0131m\u0131zdan biri XTQ-y\u0259 k\u00f6n\u00fcll\u00fc yaz\u0131lan 2 u\u015faq atas\u0131, 27 ya\u015fl\u0131 M\u0259mm\u0259dli R\u00fcf\u0259t Vidadi o\u011fludur. ARANTV.AZ\u00a0 Sonxeber.az-a istinad\u0259n x\u0259b\u0259r verir ki, o, \u015eu\u015fan\u0131n azadl\u0131\u011f\u0131 u\u011frunda ged\u0259n d\u00f6y\u00fc\u015fl\u0259rd\u0259 q\u0259hr\u0259mancas\u0131na \u015f\u0259hid olub. M\u0259mm\u0259dli R\u00fcf\u0259t Vidadi o\u011flu 1993-c\u00fc il 23 noyabrda A\u011fstafa rayon Salo\u011flu q\u0259s\u0259b\u0259sind\u0259 anadan olub. 2014-c\u00fc il 27 oktyabr-21 dekabr tarixl\u0259rind\u0259 196 sayl\u0131 h\u0259rbi hiss\u0259d\u0259 k\u0259\u015ffiyyat\u00e7\u0131 ixtisas\u0131 \u00fczr\u0259 kurs ke\u00e7ib. 2015-ci ild\u0259 n\u00fcmun\u0259vi h\u0259rbi xidm\u0259tin\u0259, d\u00f6y\u00fc\u015f v\u0259 ictimai-siyas\u0131 haz\u0131rl\u0131\u011f\u0131nda \u0259ld\u0259 etdiyi nailiyy\u0259tl\u0259rin\u0259 v\u0259 14 may 2016-c\u0131 il tarixind\u0259 \u0259n yax\u015f\u0131 k\u0259\u015ffiyyat\u00e7\u0131 snayper ad\u0131 u\u011frunda yar\u0131\u015fda birinci&hellip;<\/p>\n","protected":false},"author":2,"featured_media":258750,"comment_status":"closed","ping_status":"closed","sticky":false,"template":"","format":"standard","meta":{"om_disable_all_campaigns":false,"_monsterinsights_skip_tracking":false,"_monsterinsights_sitenote_active":false,"_monsterinsights_sitenote_note":"","_monsterinsights_sitenote_category":0},"categories":[26],"tags":[],"aioseo_notices":[],"gutentor_comment":0,"rttpg_featured_image_url":{"full":["https:\/\/arantv.az\/wp-content\/uploads\/2020\/12\/son_mesaj.jpg",546,599,false],"landscape":["https:\/\/arantv.az\/wp-content\/uploads\/2020\/12\/son_mesaj.jpg",546,599,false],"portraits":["https:\/\/arantv.az\/wp-content\/uploads\/2020\/12\/son_mesaj.jpg",546,599,false],"thumbnail":["https:\/\/arantv.az\/wp-content\/uploads\/2020\/12\/son_mesaj-150x150.jpg",150,150,true],"medium":["https:\/\/arantv.az\/wp-content\/uploads\/2020\/12\/son_mesaj-273x300.jpg",273,300,true],"large":["https:\/\/arantv.az\/wp-content\/uploads\/2020\/12\/son_mesaj.jpg",546,599,false],"1536x1536":["https:\/\/arantv.az\/wp-content\/uploads\/2020\/12\/son_mesaj.jpg",546,599,false],"2048x2048":["https:\/\/arantv.az\/wp-content\/uploads\/2020\/12\/son_mesaj.jpg",546,599,false],"post-thumbnail":["https:\/\/arantv.az\/wp-content\/uploads\/2020\/12\/son_mesaj-240x172.jpg",240,172,true],"advps-thumb-one":["https:\/\/arantv.az\/wp-content\/uploads\/2020\/12\/son_mesaj.jpg",546,599,false]},"rttpg_author":{"display_name":"V\u00fcsal Rafiqo\u011flu","author_link":"https:\/\/arantv.az\/?author=2"},"rttpg_comment":0,"rttpg_category":"<a href=\"https:\/\/arantv.az\/?cat=26\" rel=\"category\">Sosial<\/a>","rttpg_excerpt":"\u0130kinci Qaraba\u011f m\u00fcharib\u0259si zaman\u0131 \u015f\u0259hid olan q\u0259hr\u0259manlar\u0131m\u0131zdan biri XTQ-y\u0259 k\u00f6n\u00fcll\u00fc yaz\u0131lan 2 u\u015faq atas\u0131, 27 ya\u015fl\u0131 M\u0259mm\u0259dli R\u00fcf\u0259t Vidadi o\u011fludur. ARANTV.AZ\u00a0 Sonxeber.az-a istinad\u0259n x\u0259b\u0259r verir ki, o, \u015eu\u015fan\u0131n azadl\u0131\u011f\u0131 u\u011frunda ged\u0259n d\u00f6y\u00fc\u015fl\u0259rd\u0259 q\u0259hr\u0259mancas\u0131na \u015f\u0259hid olub. M\u0259mm\u0259dli R\u00fcf\u0259t Vidadi o\u011flu 1993-c\u00fc il 23 noyabrda A\u011fstafa rayon Salo\u011flu q\u0259s\u0259b\u0259sind\u0259 anadan olub. 2014-c\u00fc il 27 oktyabr-21 dekabr tarixl\u0259rind\u0259&hellip;","_links":{"self":[{"href":"https:\/\/arantv.az\/index.php?rest_route=\/wp\/v2\/posts\/258749"}],"collection":[{"href":"https:\/\/arantv.az\/index.php?rest_route=\/wp\/v2\/posts"}],"about":[{"href":"https:\/\/arantv.az\/index.php?rest_route=\/wp\/v2\/types\/post"}],"author":[{"embeddable":true,"href":"https:\/\/arantv.az\/index.php?rest_route=\/wp\/v2\/users\/2"}],"replies":[{"embeddable":true,"href":"https:\/\/arantv.az\/index.php?rest_route=%2Fwp%2Fv2%2Fcomments&post=258749"}],"version-history":[{"count":0,"href":"https:\/\/arantv.az\/index.php?rest_route=\/wp\/v2\/posts\/258749\/revisions"}],"wp:featuredmedia":[{"embeddable":true,"href":"https:\/\/arantv.az\/index.php?rest_route=\/wp\/v2\/media\/258750"}],"wp:attachment":[{"href":"https:\/\/arantv.az\/index.php?rest_route=%2Fwp%2Fv2%2Fmedia&parent=258749"}],"wp:term":[{"taxonomy":"category","embeddable":true,"href":"https:\/\/arantv.az\/index.php?rest_route=%2Fwp%2Fv2%2Fcategories&post=258749"},{"taxonomy":"post_tag","embeddable":true,"href":"https:\/\/arantv.az\/index.php?rest_route=%2Fwp%2Fv2%2Ftags&post=258749"}],"curies":[{"name":"wp","href":"https:\/\/api.w.org\/{rel}","templated":true}]}}