{"id":258753,"date":"2020-12-23T16:02:59","date_gmt":"2020-12-23T13:02:59","guid":{"rendered":"http:\/\/arantv.az\/?p=258753"},"modified":"2020-12-23T16:02:59","modified_gmt":"2020-12-23T13:02:59","slug":"ol%c9%99nl%c9%99rd%c9%99n-artiq-deyil%c9%99m-ki-s%c9%99hid-elvini-qardasinin-dilind%c9%99n-taniyaq-foto","status":"publish","type":"post","link":"https:\/\/arantv.az\/?p=258753","title":{"rendered":"&#8220;\u00d6l\u0259nl\u0259rd\u0259n art\u0131q deyil\u0259m ki&#8230;&#8221; &#8211; \u015e\u0259hid Elvini qarda\u015f\u0131n\u0131n dilind\u0259n TANIYAQ &#8211; FOTO"},"content":{"rendered":"<p>M\u00fcharib\u0259 a\u011fr\u0131, ac\u0131, itkil\u0259r dem\u0259kdir. M\u00fcharib\u0259 arzular\u0131n bitdiyi yerdir. \u018fll\u0259rini do\u011fmalar\u0131ndan, \u0259zizl\u0259rind\u0259n \u00fcz\u00fcb odun, alovun i\u00e7in\u0259 getm\u0259kdir. Q\u0259lbind\u0259 ba\u015f al\u0131b ged\u0259n \u00fcmidl\u0259rin, dil\u0259kl\u0259rin arxas\u0131nca deyil, \u0259n ali bir v\u0259zif\u0259ni yerin\u0259 yetirm\u0259k \u00fc\u00e7\u00fcn yollanmaqd\u0131r. Arxanda g\u00f6z\u00fcya\u015fl\u0131 qoyub getdiyin k\u00f6rp\u0259nin g\u00f6z ya\u015flar\u0131n\u0131 silib, b\u00fct\u00fcn u\u015faqlar\u0131n xo\u015f g\u0259l\u0259c\u0259yi u\u011fruna ir\u0259li at\u0131lmaqd\u0131r.<\/p>\n<p>M\u00fcharib\u0259 c\u0259sar\u0259t, h\u00fcn\u0259r m\u0259kt\u0259bidir. Bu m\u0259kt\u0259bin iki c\u00fcr m\u0259zunu olur. Onlardan birini torpaq \u00f6z k\u00f6ks\u00fcn\u0259 al\u0131r, ruhunu is\u0259 m\u00fcq\u0259dd\u0259sl\u0259rin yan\u0131nda q\u0259rar verir. \u0130kincisini is\u0259 V\u0259t\u0259n\u0259 \u0259man\u0259t qoyub gedir. Az\u0259rbaycan \u0259sg\u0259ri d\u0259 iki yoldan birini &#8211; \u015f\u0259r\u0259fl\u0259 d\u00f6y\u00fc\u015fm\u0259yi, \u015f\u0259had\u0259t\u0259 qovu\u015fma\u011f\u0131 \u00fcst\u00fcn tutdu.<\/p>\n<div id=\"AdviadNativeVideo0\" class=\"AdviadNativeVideo\"><\/div>\n<p><strong>ARANTV.AZ\u00a0<\/strong> oxuculara bel\u0259 igidl\u0259rimizd\u0259n biri olan \u015f\u0259hid H\u0259s\u0259nov Elvin H\u00f6k\u00fcm\u0259li o\u011flu haqq\u0131nda dan\u0131\u015fmaq ist\u0259yir.<\/p>\n<p><img class=\"imgbcode\" src=\"https:\/\/upload.az\/foto\/arxiv\/b_31608723586.jpg\" alt=\"&quot;\u00d6l\u0259nl\u0259rd\u0259n art\u0131q deyil\u0259m ki...&quot; - \u015e\u0259hid Elvini qarda\u015f\u0131n\u0131n dilind\u0259n TANIYAQ - FOTO\" \/>O, 8 iyul 1992-ci ild\u0259 Saatl\u0131 rayonu \u018fhm\u0259db\u0259yli k\u0259ndind\u0259 anadan olub. Orta t\u0259hsilini Saatl\u0131 rayon \u018fhm\u0259db\u0259yli k\u0259ndind\u0259ki 269 sayl\u0131 m\u0259kt\u0259bd\u0259 al\u0131b. \u0130mkans\u0131z olduqlar\u0131ndan t\u0259hsil arxas\u0131nca getm\u0259y\u0259n Elvin \u00f6z \u015f\u0259xsi motosikleti il\u0259 s\u00fcp\u00fcrg\u0259 satmaqla evini, ail\u0259sini doland\u0131r\u0131b. H\u0259rbi xidm\u0259t\u0259 getm\u0259zd\u0259n \u00f6nc\u0259 bir m\u00fcdd\u0259t pamb\u0131q zavodunda i\u015fl\u0259yib.<\/p>\n<p>Sentyabr ay\u0131n\u0131n 29-da \u00f6lk\u0259 Prezidentinin qism\u0259n s\u0259f\u0259rb\u0259rlik \u0259mrind\u0259n sonra c\u0259bh\u0259y\u0259 yollan\u0131b. Qism\u0259tin\u0259 c\u0259mi 23 g\u00fcn d\u00f6y\u00fc\u015fm\u0259k d\u00fc\u015f\u00fcb. Oktyabr\u0131n 22-d\u0259 o, \u015f\u0259had\u0259t\u0259 ucal\u0131b.<\/p>\n<p><img class=\"imgbcode\" src=\"https:\/\/upload.az\/foto\/arxiv\/a_41608723586.jpg\" alt=\"&quot;\u00d6l\u0259nl\u0259rd\u0259n art\u0131q deyil\u0259m ki...&quot; - \u015e\u0259hid Elvini qarda\u015f\u0131n\u0131n dilind\u0259n TANIYAQ - FOTO\" \/>Elvin v\u0259t\u0259ni sevdiyi kimi, ail\u0259sini, \u00f6vladlar\u0131n\u0131 da \u00e7ox sevirdi. \u00c7ox \u00e7\u0259tinlikl\u0259r \u00e7\u0259ks\u0259 d\u0259, ruh\u0259n m\u00fcbariz insan idi. Qarda\u015f\u0131 A\u011fah\u0259s\u0259n H\u0259s\u0259nov onunla ke\u00e7\u0259n g\u00fcnl\u0259rin xatir\u0259l\u0259rini v\u0259r\u0259ql\u0259y\u0259rk\u0259 bu s\u00f6zl\u0259ri dan\u0131\u015f\u0131b:<\/p>\n<p><img class=\"imgbcode\" src=\"https:\/\/upload.az\/foto\/arxiv\/d_21608723586.jpg\" alt=\"&quot;\u00d6l\u0259nl\u0259rd\u0259n art\u0131q deyil\u0259m ki...&quot; - \u015e\u0259hid Elvini qarda\u015f\u0131n\u0131n dilind\u0259n TANIYAQ - FOTO\" \/>&#8220;Qarda\u015f\u0131m \u00e7ox z\u0259hm\u0259tke\u015f bir insan idi. Biz el\u0259 \u0259vv\u0259ld\u0259n kas\u0131b\u00e7\u0131l\u0131q il\u0259 b\u00f6y\u00fcm\u00fc\u015f\u00fck. Elvin orta t\u0259hsil alm\u0131\u015f, 9 ilik m\u0259kt\u0259bi bitirmi\u015fdi. Qarda\u015f\u0131m\u0131n 18 ya\u015f\u0131 tamam olanda h\u0259rbi xidm\u0259t\u0259 yolland\u0131. \u018fvv\u0259lc\u0259 Bak\u0131da h\u0259rbi xidm\u0259td\u0259 oldu, sonra is\u0259 Murova g\u00f6nd\u0259rdil\u0259r. Qalan 1il 5 ay\u0131 da Murovda h\u0259rbi xidm\u0259td\u0259 oldu. \u00c7ox \u0259ziyy\u0259tl\u0259rd\u0259n sonra 2012 ci ild\u0259 h\u0259rbi xidm\u0259tini ba\u015fa vurub qay\u0131td\u0131. Atam infarkt ke\u00e7ir\u0259n \u00fcr\u0259k x\u0259st\u0259sidir. Ail\u0259miz\u0259 Elvin bax\u0131rd\u0131. M\u0259n d\u0259 beyindaxili t\u0259zyiqd\u0259n \u0259ziyy\u0259t c\u0259kir\u0259m. M\u00fcharib\u0259 ba\u015flayanda qarda\u015f\u0131m h\u0259r g\u00fcn deyirdi ki, m\u0259ni d\u0259 ca\u011f\u0131rs\u0131nlar, \u00e7\u00fcnki o V\u0259t\u0259nini h\u0259qiq\u0259t\u0259n \u00e7ox sevirdi. Day\u0131m\u0131n o\u011flu da 2017-ci ild\u0259 \u015f\u0259hid olub. O, m\u00fcharib\u0259y\u0259 ged\u0259nd\u0259 \u0259vv\u0259lc\u0259 day\u0131m o\u011flunun m\u0259zar\u0131n\u0131 ziyar\u0259t etdi. Onun m\u0259zar\u0131 ba\u015f\u0131nda qan\u0131n\u0131n qisas\u0131n\u0131 alaca\u011f\u0131na s\u00f6z vermi\u015fdi. Sonuncu telefon dan\u0131\u015f\u0131\u011f\u0131m\u0131zda da &#8220;Cabbar\u0131n qisas\u0131n\u0131 ald\u0131q&#8221; s\u00f6zl\u0259rini f\u0259xrl\u0259 demi\u015fdi. Bir an bel\u0259, qorxmurdu. H\u0259mi\u015f\u0259 deyirdi: &#8220;\u00d6l\u0259nl\u0259rd\u0259n art\u0131q deyil\u0259m ki&#8230;&#8221;<\/p>\n<p><img class=\"imgbcode\" src=\"https:\/\/upload.az\/foto\/arxiv\/c_81608723586.jpg\" alt=\"&quot;\u00d6l\u0259nl\u0259rd\u0259n art\u0131q deyil\u0259m ki...&quot; - \u015e\u0259hid Elvini qarda\u015f\u0131n\u0131n dilind\u0259n TANIYAQ - FOTO\" \/>\u00d6t\u0259n il m\u0259nim balaca o\u011flum \u0259m\u0259liyyat ke\u00e7irm\u0259li idi. \u00dc\u00e7 min manat pul laz\u0131m idi. Dedim ki, qarda\u015f, pulum yoxdur, v\u0259ziyy\u0259t pisdir. Qarda\u015f\u0131m heyvanlar\u0131n\u0131 satd\u0131, qoymad\u0131 ki, m\u0259nim balam x\u0259st\u0259likd\u0259n \u0259ziyy\u0259t \u00e7\u0259ksin. Bu g\u00fcn m\u0259nim \u00f6vlad\u0131m ona g\u00f6r\u0259 h\u0259yatdad\u0131r.<\/p>\n<p>Arzular\u0131 \u00e7ox idi. Evini b\u0259z\u0259yib, o\u011fluna toy etm\u0259k ist\u0259yirdi. Amma qism\u0259t olmad\u0131. Elvin bir q\u0131z, bir o\u011ful \u0259man\u0259tini biz\u0259 yadigar qoyub getdi. O\u011flunun 6, q\u0131z\u0131n\u0131n is\u0259 3 ya\u015f\u0131 var.<\/p>\n<p>\u0130ndi bizim t\u0259k t\u0259s\u0259lli yerimiz var: Elvin Az\u0259rbaycan\u0131n \u0259razi b\u00fct\u00f6vl\u00fcy\u00fc, azadl\u0131\u011f\u0131 yolunda \u015f\u0259hid olub. O, ad\u0131n\u0131 Az\u0259rbaycan\u0131n z\u0259f\u0259r tarixin\u0259 q\u0131z\u0131l h\u0259rfl\u0259rl\u0259 yaz\u0131b. \u0130ll\u0259r \u00f6t\u0259c\u0259k, amma Elvin kimi 2802 \u015f\u0259hidimiz unudulmayacaq, \u00e7\u00fcnki onlar g\u0259l\u0259c\u0259yimiz olan k\u00f6rp\u0259l\u0259rimiz\u0259 azad, b\u00fct\u00f6v Az\u0259rbaycan\u0131 miras qoyub getdil\u0259r. Ruhlar\u0131 \u015fad olsun!&#8221;<\/p>\n<p><img class=\"imgbcode\" src=\"https:\/\/upload.az\/foto\/arxiv\/e_11608723586.jpg\" alt=\"&quot;\u00d6l\u0259nl\u0259rd\u0259n art\u0131q deyil\u0259m ki...&quot; - \u015e\u0259hid Elvini qarda\u015f\u0131n\u0131n dilind\u0259n TANIYAQ - FOTO\" \/><\/p>\n","protected":false},"excerpt":{"rendered":"<p>M\u00fcharib\u0259 a\u011fr\u0131, ac\u0131, itkil\u0259r dem\u0259kdir. M\u00fcharib\u0259 arzular\u0131n bitdiyi yerdir. \u018fll\u0259rini do\u011fmalar\u0131ndan, \u0259zizl\u0259rind\u0259n \u00fcz\u00fcb odun, alovun i\u00e7in\u0259 getm\u0259kdir. Q\u0259lbind\u0259 ba\u015f al\u0131b ged\u0259n \u00fcmidl\u0259rin, dil\u0259kl\u0259rin arxas\u0131nca deyil, \u0259n ali bir v\u0259zif\u0259ni yerin\u0259 yetirm\u0259k \u00fc\u00e7\u00fcn yollanmaqd\u0131r. Arxanda g\u00f6z\u00fcya\u015fl\u0131 qoyub getdiyin k\u00f6rp\u0259nin g\u00f6z ya\u015flar\u0131n\u0131 silib, b\u00fct\u00fcn u\u015faqlar\u0131n xo\u015f g\u0259l\u0259c\u0259yi u\u011fruna ir\u0259li at\u0131lmaqd\u0131r. M\u00fcharib\u0259 c\u0259sar\u0259t, h\u00fcn\u0259r m\u0259kt\u0259bidir. Bu m\u0259kt\u0259bin iki c\u00fcr m\u0259zunu olur. Onlardan birini torpaq \u00f6z k\u00f6ks\u00fcn\u0259 al\u0131r, ruhunu is\u0259 m\u00fcq\u0259dd\u0259sl\u0259rin yan\u0131nda q\u0259rar verir. \u0130kincisini is\u0259 V\u0259t\u0259n\u0259 \u0259man\u0259t qoyub gedir. Az\u0259rbaycan \u0259sg\u0259ri d\u0259 iki yoldan birini &#8211; \u015f\u0259r\u0259fl\u0259 d\u00f6y\u00fc\u015fm\u0259yi, \u015f\u0259had\u0259t\u0259 qovu\u015fma\u011f\u0131 \u00fcst\u00fcn tutdu. ARANTV.AZ\u00a0&hellip;<\/p>\n","protected":false},"author":2,"featured_media":258754,"comment_status":"closed","ping_status":"closed","sticky":false,"template":"","format":"standard","meta":{"om_disable_all_campaigns":false,"_monsterinsights_skip_tracking":false,"_monsterinsights_sitenote_active":false,"_monsterinsights_sitenote_note":"","_monsterinsights_sitenote_category":0},"categories":[26],"tags":[],"aioseo_notices":[],"gutentor_comment":0,"rttpg_featured_image_url":{"full":["https:\/\/arantv.az\/wp-content\/uploads\/2020\/12\/3_21608723586.png",403,272,false],"landscape":["https:\/\/arantv.az\/wp-content\/uploads\/2020\/12\/3_21608723586.png",403,272,false],"portraits":["https:\/\/arantv.az\/wp-content\/uploads\/2020\/12\/3_21608723586.png",403,272,false],"thumbnail":["https:\/\/arantv.az\/wp-content\/uploads\/2020\/12\/3_21608723586-150x150.png",150,150,true],"medium":["https:\/\/arantv.az\/wp-content\/uploads\/2020\/12\/3_21608723586-300x202.png",300,202,true],"large":["https:\/\/arantv.az\/wp-content\/uploads\/2020\/12\/3_21608723586.png",403,272,false],"1536x1536":["https:\/\/arantv.az\/wp-content\/uploads\/2020\/12\/3_21608723586.png",403,272,false],"2048x2048":["https:\/\/arantv.az\/wp-content\/uploads\/2020\/12\/3_21608723586.png",403,272,false],"post-thumbnail":["https:\/\/arantv.az\/wp-content\/uploads\/2020\/12\/3_21608723586-240x172.png",240,172,true],"advps-thumb-one":["https:\/\/arantv.az\/wp-content\/uploads\/2020\/12\/3_21608723586.png",403,272,false]},"rttpg_author":{"display_name":"V\u00fcsal Rafiqo\u011flu","author_link":"https:\/\/arantv.az\/?author=2"},"rttpg_comment":0,"rttpg_category":"<a href=\"https:\/\/arantv.az\/?cat=26\" rel=\"category\">Sosial<\/a>","rttpg_excerpt":"M\u00fcharib\u0259 a\u011fr\u0131, ac\u0131, itkil\u0259r dem\u0259kdir. M\u00fcharib\u0259 arzular\u0131n bitdiyi yerdir. \u018fll\u0259rini do\u011fmalar\u0131ndan, \u0259zizl\u0259rind\u0259n \u00fcz\u00fcb odun, alovun i\u00e7in\u0259 getm\u0259kdir. Q\u0259lbind\u0259 ba\u015f al\u0131b ged\u0259n \u00fcmidl\u0259rin, dil\u0259kl\u0259rin arxas\u0131nca deyil, \u0259n ali bir v\u0259zif\u0259ni yerin\u0259 yetirm\u0259k \u00fc\u00e7\u00fcn yollanmaqd\u0131r. Arxanda g\u00f6z\u00fcya\u015fl\u0131 qoyub getdiyin k\u00f6rp\u0259nin g\u00f6z ya\u015flar\u0131n\u0131 silib, b\u00fct\u00fcn u\u015faqlar\u0131n xo\u015f g\u0259l\u0259c\u0259yi u\u011fruna ir\u0259li at\u0131lmaqd\u0131r. M\u00fcharib\u0259 c\u0259sar\u0259t, h\u00fcn\u0259r m\u0259kt\u0259bidir. Bu m\u0259kt\u0259bin iki&hellip;","_links":{"self":[{"href":"https:\/\/arantv.az\/index.php?rest_route=\/wp\/v2\/posts\/258753"}],"collection":[{"href":"https:\/\/arantv.az\/index.php?rest_route=\/wp\/v2\/posts"}],"about":[{"href":"https:\/\/arantv.az\/index.php?rest_route=\/wp\/v2\/types\/post"}],"author":[{"embeddable":true,"href":"https:\/\/arantv.az\/index.php?rest_route=\/wp\/v2\/users\/2"}],"replies":[{"embeddable":true,"href":"https:\/\/arantv.az\/index.php?rest_route=%2Fwp%2Fv2%2Fcomments&post=258753"}],"version-history":[{"count":0,"href":"https:\/\/arantv.az\/index.php?rest_route=\/wp\/v2\/posts\/258753\/revisions"}],"wp:featuredmedia":[{"embeddable":true,"href":"https:\/\/arantv.az\/index.php?rest_route=\/wp\/v2\/media\/258754"}],"wp:attachment":[{"href":"https:\/\/arantv.az\/index.php?rest_route=%2Fwp%2Fv2%2Fmedia&parent=258753"}],"wp:term":[{"taxonomy":"category","embeddable":true,"href":"https:\/\/arantv.az\/index.php?rest_route=%2Fwp%2Fv2%2Fcategories&post=258753"},{"taxonomy":"post_tag","embeddable":true,"href":"https:\/\/arantv.az\/index.php?rest_route=%2Fwp%2Fv2%2Ftags&post=258753"}],"curies":[{"name":"wp","href":"https:\/\/api.w.org\/{rel}","templated":true}]}}