{"id":258761,"date":"2020-12-23T16:04:40","date_gmt":"2020-12-23T13:04:40","guid":{"rendered":"http:\/\/arantv.az\/?p=258761"},"modified":"2020-12-23T16:04:40","modified_gmt":"2020-12-23T13:04:40","slug":"%c9%99sg%c9%99rl%c9%99rin-siqaret-problemi-il%c9%99-bagli-r%c9%99smi-aciqlama","status":"publish","type":"post","link":"https:\/\/arantv.az\/?p=258761","title":{"rendered":"\u018fsg\u0259rl\u0259rin siqaret problemi il\u0259 ba\u011fl\u0131 R\u018fSM\u0130 A\u00c7IQLAMA"},"content":{"rendered":"<p>&#8220;B\u0259zi sosial \u015f\u0259b\u0259k\u0259 istifad\u0259\u00e7il\u0259ri h\u0259tta h\u0259rbi qulluq\u00e7ular\u0131n siqaret il\u0259 t\u0259min edilm\u0259m\u0259si il\u0259 \u0259laq\u0259dar naraz\u0131l\u0131qlar\u0131 \u0259ks etdir\u0259n videolar da payla\u015f\u0131rlar. Bildiririk ki, Az\u0259rbaycan Silahl\u0131 Q\u00fcvv\u0259l\u0259rinin \u015f\u0259xsi hey\u0259ti \u00fc\u00e7\u00fcn \u0259rzaq pay\u0131 normalar\u0131 haqq\u0131nda Nazirl\u0259r Kabinetinin m\u00fcvafiq q\u0259rar\u0131nda h\u0259rbi qulluq\u00e7ular\u0131n t\u00fct\u00fcn m\u0259mulatlar\u0131 il\u0259 t\u0259min edilm\u0259si n\u0259z\u0259rd\u0259 tutulmay\u0131b&#8221;.<\/p>\n<p>Bu bar\u0259d\u0259\u00a0<a title=\"xeberler son xeberler 2020\" href=\"https:\/\/big.az\/\" target=\"_blank\" rel=\"noopener\">BiG.AZ<\/a>-a M\u00fcdafi\u0259 Nazirliyind\u0259n m\u0259lumat verilib.&#8221;Bununla bel\u0259 d\u00f6vl\u0259t t\u0259r\u0259find\u0259n olunan humanitar yard\u0131mlar aras\u0131nda m\u00fcxt\u0259lif n\u00f6v siqaretl\u0259r d\u0259 vard\u0131r ki, bunlar da t\u00fct\u00fcn m\u0259mulat\u0131ndan istifad\u0259 ed\u0259n h\u0259r bir h\u0259rbi qulluq\u00e7uya f\u0259rdi qaydada \u00e7atd\u0131r\u0131l\u0131r&#8221;, &#8211; nazirlikd\u0259n bildirilib.<\/p>\n","protected":false},"excerpt":{"rendered":"<p>&#8220;B\u0259zi sosial \u015f\u0259b\u0259k\u0259 istifad\u0259\u00e7il\u0259ri h\u0259tta h\u0259rbi qulluq\u00e7ular\u0131n siqaret il\u0259 t\u0259min edilm\u0259m\u0259si il\u0259 \u0259laq\u0259dar naraz\u0131l\u0131qlar\u0131 \u0259ks etdir\u0259n videolar da payla\u015f\u0131rlar. Bildiririk ki, Az\u0259rbaycan Silahl\u0131 Q\u00fcvv\u0259l\u0259rinin \u015f\u0259xsi hey\u0259ti \u00fc\u00e7\u00fcn \u0259rzaq pay\u0131 normalar\u0131 haqq\u0131nda Nazirl\u0259r Kabinetinin m\u00fcvafiq q\u0259rar\u0131nda h\u0259rbi qulluq\u00e7ular\u0131n t\u00fct\u00fcn m\u0259mulatlar\u0131 il\u0259 t\u0259min edilm\u0259si n\u0259z\u0259rd\u0259 tutulmay\u0131b&#8221;. Bu bar\u0259d\u0259\u00a0BiG.AZ-a M\u00fcdafi\u0259 Nazirliyind\u0259n m\u0259lumat verilib.&#8221;Bununla bel\u0259 d\u00f6vl\u0259t t\u0259r\u0259find\u0259n olunan humanitar yard\u0131mlar aras\u0131nda m\u00fcxt\u0259lif n\u00f6v siqaretl\u0259r d\u0259 vard\u0131r ki, bunlar da t\u00fct\u00fcn m\u0259mulat\u0131ndan istifad\u0259 ed\u0259n h\u0259r bir h\u0259rbi qulluq\u00e7uya f\u0259rdi qaydada \u00e7atd\u0131r\u0131l\u0131r&#8221;, &#8211; nazirlikd\u0259n bildirilib.<\/p>\n","protected":false},"author":2,"featured_media":258762,"comment_status":"closed","ping_status":"closed","sticky":false,"template":"","format":"standard","meta":{"om_disable_all_campaigns":false,"_monsterinsights_skip_tracking":false,"_monsterinsights_sitenote_active":false,"_monsterinsights_sitenote_note":"","_monsterinsights_sitenote_category":0},"categories":[19],"tags":[],"aioseo_notices":[],"gutentor_comment":0,"rttpg_featured_image_url":{"full":["https:\/\/arantv.az\/wp-content\/uploads\/2020\/12\/esger_11608719953.jpg",650,405,false],"landscape":["https:\/\/arantv.az\/wp-content\/uploads\/2020\/12\/esger_11608719953.jpg",650,405,false],"portraits":["https:\/\/arantv.az\/wp-content\/uploads\/2020\/12\/esger_11608719953.jpg",650,405,false],"thumbnail":["https:\/\/arantv.az\/wp-content\/uploads\/2020\/12\/esger_11608719953-150x150.jpg",150,150,true],"medium":["https:\/\/arantv.az\/wp-content\/uploads\/2020\/12\/esger_11608719953-300x187.jpg",300,187,true],"large":["https:\/\/arantv.az\/wp-content\/uploads\/2020\/12\/esger_11608719953.jpg",640,399,false],"1536x1536":["https:\/\/arantv.az\/wp-content\/uploads\/2020\/12\/esger_11608719953.jpg",650,405,false],"2048x2048":["https:\/\/arantv.az\/wp-content\/uploads\/2020\/12\/esger_11608719953.jpg",650,405,false],"post-thumbnail":["https:\/\/arantv.az\/wp-content\/uploads\/2020\/12\/esger_11608719953-240x172.jpg",240,172,true],"advps-thumb-one":["https:\/\/arantv.az\/wp-content\/uploads\/2020\/12\/esger_11608719953.jpg",650,405,false]},"rttpg_author":{"display_name":"V\u00fcsal Rafiqo\u011flu","author_link":"https:\/\/arantv.az\/?author=2"},"rttpg_comment":0,"rttpg_category":"<a href=\"https:\/\/arantv.az\/?cat=19\" rel=\"category\">G\u00fcnd\u0259m<\/a>","rttpg_excerpt":"&#8220;B\u0259zi sosial \u015f\u0259b\u0259k\u0259 istifad\u0259\u00e7il\u0259ri h\u0259tta h\u0259rbi qulluq\u00e7ular\u0131n siqaret il\u0259 t\u0259min edilm\u0259m\u0259si il\u0259 \u0259laq\u0259dar naraz\u0131l\u0131qlar\u0131 \u0259ks etdir\u0259n videolar da payla\u015f\u0131rlar. Bildiririk ki, Az\u0259rbaycan Silahl\u0131 Q\u00fcvv\u0259l\u0259rinin \u015f\u0259xsi hey\u0259ti \u00fc\u00e7\u00fcn \u0259rzaq pay\u0131 normalar\u0131 haqq\u0131nda Nazirl\u0259r Kabinetinin m\u00fcvafiq q\u0259rar\u0131nda h\u0259rbi qulluq\u00e7ular\u0131n t\u00fct\u00fcn m\u0259mulatlar\u0131 il\u0259 t\u0259min edilm\u0259si n\u0259z\u0259rd\u0259 tutulmay\u0131b&#8221;. Bu bar\u0259d\u0259\u00a0BiG.AZ-a M\u00fcdafi\u0259 Nazirliyind\u0259n m\u0259lumat verilib.&#8221;Bununla bel\u0259 d\u00f6vl\u0259t t\u0259r\u0259find\u0259n olunan humanitar&hellip;","_links":{"self":[{"href":"https:\/\/arantv.az\/index.php?rest_route=\/wp\/v2\/posts\/258761"}],"collection":[{"href":"https:\/\/arantv.az\/index.php?rest_route=\/wp\/v2\/posts"}],"about":[{"href":"https:\/\/arantv.az\/index.php?rest_route=\/wp\/v2\/types\/post"}],"author":[{"embeddable":true,"href":"https:\/\/arantv.az\/index.php?rest_route=\/wp\/v2\/users\/2"}],"replies":[{"embeddable":true,"href":"https:\/\/arantv.az\/index.php?rest_route=%2Fwp%2Fv2%2Fcomments&post=258761"}],"version-history":[{"count":0,"href":"https:\/\/arantv.az\/index.php?rest_route=\/wp\/v2\/posts\/258761\/revisions"}],"wp:featuredmedia":[{"embeddable":true,"href":"https:\/\/arantv.az\/index.php?rest_route=\/wp\/v2\/media\/258762"}],"wp:attachment":[{"href":"https:\/\/arantv.az\/index.php?rest_route=%2Fwp%2Fv2%2Fmedia&parent=258761"}],"wp:term":[{"taxonomy":"category","embeddable":true,"href":"https:\/\/arantv.az\/index.php?rest_route=%2Fwp%2Fv2%2Fcategories&post=258761"},{"taxonomy":"post_tag","embeddable":true,"href":"https:\/\/arantv.az\/index.php?rest_route=%2Fwp%2Fv2%2Ftags&post=258761"}],"curies":[{"name":"wp","href":"https:\/\/api.w.org\/{rel}","templated":true}]}}