{"id":258777,"date":"2020-12-23T16:07:37","date_gmt":"2020-12-23T13:07:37","guid":{"rendered":"http:\/\/arantv.az\/?p=258777"},"modified":"2020-12-23T16:07:37","modified_gmt":"2020-12-23T13:07:37","slug":"az%c9%99rbaycan-t%c9%99l%c9%99b%c9%99-g%c9%99ncl%c9%99r-t%c9%99skilatlari-ittifaqinin-yeni-s%c9%99dri-v%c9%99-idar%c9%99-hey%c9%99ti-m%c9%99lum-oldu-foto","status":"publish","type":"post","link":"https:\/\/arantv.az\/?p=258777","title":{"rendered":"Az\u0259rbaycan T\u0259l\u0259b\u0259 G\u0259ncl\u0259r T\u0259\u015fkilatlar\u0131 \u0130ttifaq\u0131n\u0131n yeni s\u0259dri v\u0259 idar\u0259 hey\u0259ti m\u0259lum oldu &#8211; FOTO"},"content":{"rendered":"<p>\u00d6lk\u0259mizin \u0259n b\u00f6y\u00fck t\u0259l\u0259b\u0259 platformas\u0131 olan Az\u0259rbaycan T\u0259l\u0259b\u0259 G\u0259ncl\u0259r T\u0259\u015fkilatlar\u0131 \u0130ttifaq\u0131n\u0131n (ATGT\u0130) 5-ci Hesabat-Se\u00e7ki Konfrans\u0131 ke\u00e7irilib.<\/p>\n<p>T\u0259dbird\u0259 \u00e7\u0131x\u0131\u015f ed\u0259n natiql\u0259r M\u00fcz\u0259ff\u0259r Ali Ba\u015f Komandan \u0130lham \u018fliyevin r\u0259hb\u0259rliyi alt\u0131nda r\u0259\u015fad\u0259tli ordumuzun 30 il\u0259 yax\u0131nd\u0131r i\u015f\u011fal alt\u0131nda olan torpaqlar\u0131m\u0131z\u0131 azad etm\u0259si m\u00fcnasib\u0259til\u0259 i\u015ftirak\u00e7\u0131lar\u0131 t\u0259brik edib, z\u0259f\u0259ri Az\u0259rbaycan xalq\u0131na ya\u015fatd\u0131\u011f\u0131na g\u00f6r\u0259 Az\u0259rbaycan\u0131n r\u0259\u015fad\u0259tli ordusu v\u0259 m\u00fcz\u0259ff\u0259r Prezidentin\u0259 t\u0259\u015f\u0259kk\u00fcr edib, el\u0259c\u0259 d\u0259 V\u0259t\u0259n m\u00fcharib\u0259si d\u00f6vr\u00fcnd\u0259 Az\u0259rbaycan g\u0259ncliyinin, o c\u00fcml\u0259d\u0259n t\u0259l\u0259b\u0259l\u0259rin h\u0259m \u00f6n, h\u0259m d\u0259 arxa c\u0259bh\u0259d\u0259 f\u0259aliyy\u0259ti y\u00fcks\u0259k d\u0259y\u0259rl\u0259ndirilib.<\/p>\n<p>Hesabat-Se\u00e7ki Konfrans\u0131 zaman\u0131 S\u0259dr, \u0130dar\u0259 Hey\u0259ti v\u0259 Katiblik t\u0259r\u0259find\u0259n son 2 il \u0259rzind\u0259 g\u00f6r\u00fclm\u00fc\u015f i\u015fl\u0259r haqq\u0131nda hesabat t\u0259qdim olunub, el\u0259c\u0259 d\u0259 \u0130ttifaqa 2020-2022-ci ill\u0259r \u00fc\u00e7\u00fcn S\u0259dr, S\u0259dr m\u00fcavini v\u0259 \u0130dar\u0259 hey\u0259ti \u00fczvl\u00fcy\u00fcn\u0259 ke\u00e7irilmi\u015f se\u00e7kil\u0259rin n\u0259tic\u0259l\u0259ri elan edilib.<\/p>\n<p>Se\u00e7kil\u0259rin n\u0259tic\u0259l\u0259rin\u0259 \u0259sas\u0259n Slavyan Universitetinin t\u0259l\u0259b\u0259si P\u0259rviz Mir\u0259l\u0259mli \u0130ttifaq\u0131n yeni s\u0259dri se\u00e7ilib. P\u0259rviz Mir\u0259l\u0259mli se\u00e7kil\u0259rd\u0259n sonra \u00e7\u0131x\u0131\u015f ed\u0259r\u0259k ona g\u00f6st\u0259ril\u0259n etimada g\u00f6r\u0259 t\u0259\u015f\u0259kk\u00fcr\u00fcn\u00fc ifad\u0259 edib\u00a0v\u0259 se\u00e7ki \u00f6nc\u0259si platformas\u0131nda b\u0259yan etdiyi kimi ATGT\u0130-nin s\u0259dri kimi d\u00f6rd\u00a0\u0259sas m\u0259s\u0259l\u0259y\u0259 diqq\u0259t yetir\u0259c\u0259yini v\u0259d edib: t\u0259l\u0259b\u0259l\u0259rin h\u00fcquqlar\u0131n\u0131n m\u00fcdafi\u0259sinin g\u00fccl\u0259ndirilm\u0259si, t\u0259l\u0259b\u0259 g\u0259ncl\u0259r t\u0259\u015fkilatlar\u0131n\u0131n islahat\u0131, beyn\u0259lxalq \u0259laq\u0259l\u0259rin m\u00f6hk\u0259ml\u0259ndirilm\u0259si v\u0259 ATGT\u0130 \u00e7\u0259r\u00e7iv\u0259sind\u0259 keyfiyy\u0259t\u0259 n\u0259zar\u0259t mexanizminin yarad\u0131lmas\u0131.<\/p>\n<p>T\u0259dbird\u0259 G\u0259ncl\u0259r v\u0259 \u0130dman Nazirinin m\u00fcavini \u0130ntiqam Babayev, Az\u0259rbaycan Respublikas\u0131 T\u0259hsil Nazirinin m\u00fcavini Firudin Qurbanov, Az\u0259rbaycan Respublikas\u0131n\u0131n G\u0259ncl\u0259r Fondunun \u0130cra\u00e7\u0131 Direktoru F\u0259rid C\u0259f\u0259rov, Az\u0259rbaycan Respublikas\u0131 Prezident\u00a0Administrasiyas\u0131n\u0131n G\u0259ncl\u0259r siyas\u0259ti v\u0259 idman m\u0259s\u0259l\u0259l\u0259ri \u015f\u00f6b\u0259sinin sektor m\u00fcdiri H\u0259mid N\u0259sibov, Az\u0259rbaycan Respublikas\u0131 Milli M\u0259clisinin Deputat\u0131 \u015eahin \u0130smay\u0131lov, Bak\u0131 D\u00f6vl\u0259t Universitetinin Rektoru El\u00e7in Babayev, ADA Universitetinin prorektoru Fariz \u0130smay\u0131lzad\u0259, Az\u0259rbaycan D\u00f6vl\u0259t \u0130qtisad Universitetinin prorektoru S\u0259ad\u0259t Q\u0259ndilova \u00e7\u0131x\u0131\u015f edibl\u0259r.<\/p>\n<p>\u00c7\u0131x\u0131\u015f\u00e7\u0131lar ATGT\u0130-nin g\u0259l\u0259c\u0259k f\u0259aliyy\u0259tin\u0259 u\u011furlar arzu ed\u0259r\u0259k, bu f\u0259aliyy\u0259t\u0259 d\u0259st\u0259k g\u00f6st\u0259rm\u0259y\u0259 haz\u0131rl\u0131q olduqlar\u0131n\u0131 ifad\u0259 edibl\u0259r\u00a0v\u0259 f\u0259aliyy\u0259tin daha da g\u00fccl\u0259ndirilm\u0259si \u00fc\u00e7\u00fcn \u00f6z t\u00f6vsiy\u0259l\u0259rini ATGT\u0130-nin diqq\u0259tin\u0259 \u00e7atd\u0131r\u0131blar.<\/p>\n<p>Qeyd ed\u0259k ki, Zoom onlayn\u00a0platformas\u0131 \u00fcz\u0259rind\u0259n ke\u00e7iril\u0259n g\u00f6r\u00fc\u015fd\u0259 800-d\u0259k t\u0259l\u0259b\u0259 i\u015ftirak edib, t\u0259qrib\u0259n bir o q\u0259d\u0259r \u015f\u0259xs d\u0259 konfrans\u0131 \u201cFacebook\u201d \u00fcz\u0259rind\u0259n canl\u0131 izl\u0259yib. Bununla, ATGT\u0130 tarixinin \u0259n k\u00fctl\u0259vi hesabat-se\u00e7ki konfrans\u0131n\u0131 ke\u00e7irilib.<\/p>\n<div class=\"gallery\">\n<div class=\"gallery-i\"><img src=\"https:\/\/cdn.oxu.az\/uploads\/W1siZiIsIjIwMjAvMTIvMjMvMTYvNDgvNDkvYzk4YjBkZjctODA2MS00NDM0LWIwOGUtYjg0ZDFkNzgyM2FlL3ozLmpwZyJdLFsicCIsImVuY29kZSIsImpwZyIsIi1xdWFsaXR5IDgwIl0sWyJwIiwidGh1bWIiLCI1OTB4NTkwXHUwMDNlIl1d?sha=1845a9b9d01218b9\" alt=\"\" \/><\/p>\n<div class=\"gallery-i-caption\"><\/div>\n<\/div>\n<div class=\"gallery-i\"><img src=\"https:\/\/cdn.oxu.az\/uploads\/W1siZiIsIjIwMjAvMTIvMjMvMTYvNDgvNDkvOGY0YjNmM2UtNGMzZS00ODViLWIyMGQtZTJiZTBmZTI1ZjEzL3oyLmpwZyJdLFsicCIsImVuY29kZSIsImpwZyIsIi1xdWFsaXR5IDgwIl0sWyJwIiwidGh1bWIiLCI1OTB4NTkwXHUwMDNlIl1d?sha=e3b16f3103d0b5d2\" alt=\"\" \/><\/p>\n<div class=\"gallery-i-caption\"><\/div>\n<\/div>\n<div class=\"gallery-i\"><img src=\"https:\/\/cdn.oxu.az\/uploads\/W1siZiIsIjIwMjAvMTIvMjMvMTYvNDgvNDkvNmI4ODc3NjEtNDI0ZS00OTIzLTgyOTUtMjA4NGQxNjQ4MTA2L3oxLmpwZyJdLFsicCIsImVuY29kZSIsImpwZyIsIi1xdWFsaXR5IDgwIl0sWyJwIiwidGh1bWIiLCI1OTB4NTkwXHUwMDNlIl1d?sha=e5ced719eb3dd1de\" alt=\"\" \/><\/div>\n<\/div>\n","protected":false},"excerpt":{"rendered":"<p>\u00d6lk\u0259mizin \u0259n b\u00f6y\u00fck t\u0259l\u0259b\u0259 platformas\u0131 olan Az\u0259rbaycan T\u0259l\u0259b\u0259 G\u0259ncl\u0259r T\u0259\u015fkilatlar\u0131 \u0130ttifaq\u0131n\u0131n (ATGT\u0130) 5-ci Hesabat-Se\u00e7ki Konfrans\u0131 ke\u00e7irilib. T\u0259dbird\u0259 \u00e7\u0131x\u0131\u015f ed\u0259n natiql\u0259r M\u00fcz\u0259ff\u0259r Ali Ba\u015f Komandan \u0130lham \u018fliyevin r\u0259hb\u0259rliyi alt\u0131nda r\u0259\u015fad\u0259tli ordumuzun 30 il\u0259 yax\u0131nd\u0131r i\u015f\u011fal alt\u0131nda olan torpaqlar\u0131m\u0131z\u0131 azad etm\u0259si m\u00fcnasib\u0259til\u0259 i\u015ftirak\u00e7\u0131lar\u0131 t\u0259brik edib, z\u0259f\u0259ri Az\u0259rbaycan xalq\u0131na ya\u015fatd\u0131\u011f\u0131na g\u00f6r\u0259 Az\u0259rbaycan\u0131n r\u0259\u015fad\u0259tli ordusu v\u0259 m\u00fcz\u0259ff\u0259r Prezidentin\u0259 t\u0259\u015f\u0259kk\u00fcr edib, el\u0259c\u0259 d\u0259 V\u0259t\u0259n m\u00fcharib\u0259si d\u00f6vr\u00fcnd\u0259 Az\u0259rbaycan g\u0259ncliyinin, o c\u00fcml\u0259d\u0259n t\u0259l\u0259b\u0259l\u0259rin h\u0259m \u00f6n, h\u0259m d\u0259 arxa c\u0259bh\u0259d\u0259 f\u0259aliyy\u0259ti y\u00fcks\u0259k d\u0259y\u0259rl\u0259ndirilib. Hesabat-Se\u00e7ki Konfrans\u0131 zaman\u0131 S\u0259dr, \u0130dar\u0259 Hey\u0259ti v\u0259 Katiblik t\u0259r\u0259find\u0259n son 2 il \u0259rzind\u0259 g\u00f6r\u00fclm\u00fc\u015f i\u015fl\u0259r&hellip;<\/p>\n","protected":false},"author":2,"featured_media":258778,"comment_status":"closed","ping_status":"closed","sticky":false,"template":"","format":"standard","meta":{"om_disable_all_campaigns":false,"_monsterinsights_skip_tracking":false,"_monsterinsights_sitenote_active":false,"_monsterinsights_sitenote_note":"","_monsterinsights_sitenote_category":0},"categories":[26],"tags":[],"aioseo_notices":[],"gutentor_comment":0,"rttpg_featured_image_url":{"full":["https:\/\/arantv.az\/wp-content\/uploads\/2020\/12\/z1.jpg",620,404,false],"landscape":["https:\/\/arantv.az\/wp-content\/uploads\/2020\/12\/z1.jpg",620,404,false],"portraits":["https:\/\/arantv.az\/wp-content\/uploads\/2020\/12\/z1.jpg",620,404,false],"thumbnail":["https:\/\/arantv.az\/wp-content\/uploads\/2020\/12\/z1-150x150.jpg",150,150,true],"medium":["https:\/\/arantv.az\/wp-content\/uploads\/2020\/12\/z1-300x195.jpg",300,195,true],"large":["https:\/\/arantv.az\/wp-content\/uploads\/2020\/12\/z1.jpg",620,404,false],"1536x1536":["https:\/\/arantv.az\/wp-content\/uploads\/2020\/12\/z1.jpg",620,404,false],"2048x2048":["https:\/\/arantv.az\/wp-content\/uploads\/2020\/12\/z1.jpg",620,404,false],"post-thumbnail":["https:\/\/arantv.az\/wp-content\/uploads\/2020\/12\/z1-240x172.jpg",240,172,true],"advps-thumb-one":["https:\/\/arantv.az\/wp-content\/uploads\/2020\/12\/z1.jpg",620,404,false]},"rttpg_author":{"display_name":"V\u00fcsal Rafiqo\u011flu","author_link":"https:\/\/arantv.az\/?author=2"},"rttpg_comment":0,"rttpg_category":"<a href=\"https:\/\/arantv.az\/?cat=26\" rel=\"category\">Sosial<\/a>","rttpg_excerpt":"\u00d6lk\u0259mizin \u0259n b\u00f6y\u00fck t\u0259l\u0259b\u0259 platformas\u0131 olan Az\u0259rbaycan T\u0259l\u0259b\u0259 G\u0259ncl\u0259r T\u0259\u015fkilatlar\u0131 \u0130ttifaq\u0131n\u0131n (ATGT\u0130) 5-ci Hesabat-Se\u00e7ki Konfrans\u0131 ke\u00e7irilib. T\u0259dbird\u0259 \u00e7\u0131x\u0131\u015f ed\u0259n natiql\u0259r M\u00fcz\u0259ff\u0259r Ali Ba\u015f Komandan \u0130lham \u018fliyevin r\u0259hb\u0259rliyi alt\u0131nda r\u0259\u015fad\u0259tli ordumuzun 30 il\u0259 yax\u0131nd\u0131r i\u015f\u011fal alt\u0131nda olan torpaqlar\u0131m\u0131z\u0131 azad etm\u0259si m\u00fcnasib\u0259til\u0259 i\u015ftirak\u00e7\u0131lar\u0131 t\u0259brik edib, z\u0259f\u0259ri Az\u0259rbaycan xalq\u0131na ya\u015fatd\u0131\u011f\u0131na g\u00f6r\u0259 Az\u0259rbaycan\u0131n r\u0259\u015fad\u0259tli ordusu v\u0259 m\u00fcz\u0259ff\u0259r Prezidentin\u0259 t\u0259\u015f\u0259kk\u00fcr&hellip;","_links":{"self":[{"href":"https:\/\/arantv.az\/index.php?rest_route=\/wp\/v2\/posts\/258777"}],"collection":[{"href":"https:\/\/arantv.az\/index.php?rest_route=\/wp\/v2\/posts"}],"about":[{"href":"https:\/\/arantv.az\/index.php?rest_route=\/wp\/v2\/types\/post"}],"author":[{"embeddable":true,"href":"https:\/\/arantv.az\/index.php?rest_route=\/wp\/v2\/users\/2"}],"replies":[{"embeddable":true,"href":"https:\/\/arantv.az\/index.php?rest_route=%2Fwp%2Fv2%2Fcomments&post=258777"}],"version-history":[{"count":0,"href":"https:\/\/arantv.az\/index.php?rest_route=\/wp\/v2\/posts\/258777\/revisions"}],"wp:featuredmedia":[{"embeddable":true,"href":"https:\/\/arantv.az\/index.php?rest_route=\/wp\/v2\/media\/258778"}],"wp:attachment":[{"href":"https:\/\/arantv.az\/index.php?rest_route=%2Fwp%2Fv2%2Fmedia&parent=258777"}],"wp:term":[{"taxonomy":"category","embeddable":true,"href":"https:\/\/arantv.az\/index.php?rest_route=%2Fwp%2Fv2%2Fcategories&post=258777"},{"taxonomy":"post_tag","embeddable":true,"href":"https:\/\/arantv.az\/index.php?rest_route=%2Fwp%2Fv2%2Ftags&post=258777"}],"curies":[{"name":"wp","href":"https:\/\/api.w.org\/{rel}","templated":true}]}}