{"id":258781,"date":"2020-12-23T16:08:10","date_gmt":"2020-12-23T13:08:10","guid":{"rendered":"http:\/\/arantv.az\/?p=258781"},"modified":"2020-12-23T16:08:10","modified_gmt":"2020-12-23T13:08:10","slug":"pyotr-lucinski-az%c9%99rbaycan-horm%c9%99tli-guclu-v%c9%99-nufuzlu-dovl%c9%99t%c9%99-cevrilib","status":"publish","type":"post","link":"https:\/\/arantv.az\/?p=258781","title":{"rendered":"Pyotr Lu\u00e7inski: \u201cAz\u0259rbaycan h\u00f6rm\u0259tli, g\u00fccl\u00fc v\u0259 n\u00fcfuzlu d\u00f6vl\u0259t\u0259 \u00e7evrilib\u201d"},"content":{"rendered":"<p>Moldova Respublikas\u0131n\u0131n sabiq Prezidenti, Nizami G\u0259nc\u0259vi Beyn\u0259lxalq M\u0259rk\u0259zinin \u00fczv\u00fc Pyotr Lu\u00e7inski Prezident \u0130lham \u018fliyevi do\u011fum g\u00fcn\u00fc m\u00fcnasib\u0259til\u0259 t\u0259hbrik edib.<\/p>\n<p><a href=\"https:\/\/azertag.az\/xeber\/Moldova_Respublikasinin_sabiq_Prezidenti_Nizami_Gencevi_Beynelxalq_Merkezinin_uzvu_Pyotr_Luchinskiden-1672827\" target=\"_blank\" rel=\"noopener\">AZ\u018fRTAC<\/a>-\u0131n yay\u0131mlad\u0131\u011f\u0131 t\u0259brik m\u0259tnind\u0259 deyilir:<\/p>\n<p>\u201cH\u00f6rm\u0259tli c\u0259nab Prezident.<\/p>\n<p>\u00c7ox \u0259lam\u0259tdar bir hadis\u0259y\u0259 &#8211; Da\u011fl\u0131q Qaraba\u011fda s\u00fclh raz\u0131la\u015fmas\u0131n\u0131n \u0259ld\u0259 edildiyi, Az\u0259rbaycan\u0131n suverenliyinin v\u0259 \u0259razi b\u00fct\u00f6vl\u00fcy\u00fcn\u00fcn b\u0259rpa olundu\u011fu d\u00f6vr\u0259 t\u0259sad\u00fcf ed\u0259n do\u011fum g\u00fcn\u00fcn\u00fcz m\u00fcnasib\u0259til\u0259 Siz\u0259 s\u0259mimi t\u0259brikl\u0259rimi v\u0259 xo\u015f arzular\u0131m\u0131 \u00e7atd\u0131r\u0131ram.<\/p>\n<p>Bu nailiyy\u0259t Sizin n\u00fcmayi\u015f etdirdiyiniz irad\u0259, q\u0259tiyy\u0259t v\u0259 m\u00fcdriklik say\u0259sind\u0259 m\u00fcmk\u00fcn oldu. \u018fslind\u0259, bu, son bir ne\u00e7\u0259 onillikd\u0259 d\u00fcnyada h\u0259llini tapm\u0131\u015f yegan\u0259 dondurulmu\u015f m\u00fcnaqi\u015f\u0259 idi.<\/p>\n<p>\u00c7ox \u015fadam ki, Siz atan\u0131z Heyd\u0259r \u018fliyevin yolunu l\u0259yaq\u0259tl\u0259 davam etdirir, \u00f6lk\u0259nizin v\u0259 xalq\u0131n\u0131z\u0131n m\u0259nafel\u0259rini y\u00fcks\u0259k s\u0259viyy\u0259d\u0259 m\u00fcdafi\u0259 edirsiniz.<\/p>\n<p>Sizin prezidentliyiniz ill\u0259rind\u0259 Az\u0259rbaycan iqtisadi, sosial v\u0259 m\u0259n\u0259vi h\u0259yat\u0131n b\u00fct\u00fcn sah\u0259l\u0259rind\u0259 misli g\u00f6r\u00fcnm\u0259mi\u015f nailiyy\u0259tl\u0259r qazan\u0131b. Az\u0259rbaycan h\u00f6rm\u0259tli, g\u00fccl\u00fc v\u0259 n\u00fcfuzlu d\u00f6vl\u0259t\u0259 \u00e7evrilib.<\/p>\n<p>Siz\u0259 iqtisadi potensial\u0131n art\u0131r\u0131lmas\u0131, s\u00fclh\u00fcn v\u0259 asayi\u015fin m\u00f6hk\u0259ml\u0259ndirilm\u0259si i\u015find\u0259 s\u0259mimi q\u0259lbd\u0259n yeni u\u011furlar arzu edir\u0259m. Qoy, Sizin quruculuq s\u0259yl\u0259rinizin n\u0259tic\u0259l\u0259rini Az\u0259rbaycan Respublikas\u0131n\u0131n h\u0259r bir sakini hiss etsin.<\/p>\n<p>Qoy, \u00f6lk\u0259nizin v\u0259t\u0259nda\u015flar\u0131n\u0131n rifah\u0131 namin\u0259 Sizin b\u00fct\u00fcn yarad\u0131c\u0131 t\u0259\u015f\u0259bb\u00fcsl\u0259riniz u\u011furlu olsun! Siz\u0259 m\u00f6hk\u0259m cansa\u011fl\u0131\u011f\u0131, xo\u015fb\u0259xtlik, firavanl\u0131q, s\u00fclh, b\u00fct\u00fcn i\u015fl\u0259rinizd\u0259 v\u0259 niyy\u0259tl\u0259rinizd\u0259 u\u011furlar arzu edir\u0259m!\u201d<\/p>\n","protected":false},"excerpt":{"rendered":"<p>Moldova Respublikas\u0131n\u0131n sabiq Prezidenti, Nizami G\u0259nc\u0259vi Beyn\u0259lxalq M\u0259rk\u0259zinin \u00fczv\u00fc Pyotr Lu\u00e7inski Prezident \u0130lham \u018fliyevi do\u011fum g\u00fcn\u00fc m\u00fcnasib\u0259til\u0259 t\u0259hbrik edib. AZ\u018fRTAC-\u0131n yay\u0131mlad\u0131\u011f\u0131 t\u0259brik m\u0259tnind\u0259 deyilir: \u201cH\u00f6rm\u0259tli c\u0259nab Prezident. \u00c7ox \u0259lam\u0259tdar bir hadis\u0259y\u0259 &#8211; Da\u011fl\u0131q Qaraba\u011fda s\u00fclh raz\u0131la\u015fmas\u0131n\u0131n \u0259ld\u0259 edildiyi, Az\u0259rbaycan\u0131n suverenliyinin v\u0259 \u0259razi b\u00fct\u00f6vl\u00fcy\u00fcn\u00fcn b\u0259rpa olundu\u011fu d\u00f6vr\u0259 t\u0259sad\u00fcf ed\u0259n do\u011fum g\u00fcn\u00fcn\u00fcz m\u00fcnasib\u0259til\u0259 Siz\u0259 s\u0259mimi t\u0259brikl\u0259rimi v\u0259 xo\u015f arzular\u0131m\u0131 \u00e7atd\u0131r\u0131ram. Bu nailiyy\u0259t Sizin n\u00fcmayi\u015f etdirdiyiniz irad\u0259, q\u0259tiyy\u0259t v\u0259 m\u00fcdriklik say\u0259sind\u0259 m\u00fcmk\u00fcn oldu. \u018fslind\u0259, bu, son bir ne\u00e7\u0259 onillikd\u0259 d\u00fcnyada h\u0259llini tapm\u0131\u015f yegan\u0259 dondurulmu\u015f m\u00fcnaqi\u015f\u0259 idi. \u00c7ox \u015fadam ki, Siz atan\u0131z Heyd\u0259r \u018fliyevin&hellip;<\/p>\n","protected":false},"author":2,"featured_media":258782,"comment_status":"closed","ping_status":"closed","sticky":false,"template":"","format":"standard","meta":{"om_disable_all_campaigns":false,"_monsterinsights_skip_tracking":false,"_monsterinsights_sitenote_active":false,"_monsterinsights_sitenote_note":"","_monsterinsights_sitenote_category":0},"categories":[4],"tags":[],"aioseo_notices":[],"gutentor_comment":0,"rttpg_featured_image_url":{"full":["https:\/\/arantv.az\/wp-content\/uploads\/2020\/12\/pyotr.jpg",620,346,false],"landscape":["https:\/\/arantv.az\/wp-content\/uploads\/2020\/12\/pyotr.jpg",620,346,false],"portraits":["https:\/\/arantv.az\/wp-content\/uploads\/2020\/12\/pyotr.jpg",620,346,false],"thumbnail":["https:\/\/arantv.az\/wp-content\/uploads\/2020\/12\/pyotr-150x150.jpg",150,150,true],"medium":["https:\/\/arantv.az\/wp-content\/uploads\/2020\/12\/pyotr-300x167.jpg",300,167,true],"large":["https:\/\/arantv.az\/wp-content\/uploads\/2020\/12\/pyotr.jpg",620,346,false],"1536x1536":["https:\/\/arantv.az\/wp-content\/uploads\/2020\/12\/pyotr.jpg",620,346,false],"2048x2048":["https:\/\/arantv.az\/wp-content\/uploads\/2020\/12\/pyotr.jpg",620,346,false],"post-thumbnail":["https:\/\/arantv.az\/wp-content\/uploads\/2020\/12\/pyotr-240x172.jpg",240,172,true],"advps-thumb-one":["https:\/\/arantv.az\/wp-content\/uploads\/2020\/12\/pyotr.jpg",620,346,false]},"rttpg_author":{"display_name":"V\u00fcsal Rafiqo\u011flu","author_link":"https:\/\/arantv.az\/?author=2"},"rttpg_comment":0,"rttpg_category":"<a href=\"https:\/\/arantv.az\/?cat=4\" rel=\"category\">Siyas\u0259t<\/a>","rttpg_excerpt":"Moldova Respublikas\u0131n\u0131n sabiq Prezidenti, Nizami G\u0259nc\u0259vi Beyn\u0259lxalq M\u0259rk\u0259zinin \u00fczv\u00fc Pyotr Lu\u00e7inski Prezident \u0130lham \u018fliyevi do\u011fum g\u00fcn\u00fc m\u00fcnasib\u0259til\u0259 t\u0259hbrik edib. AZ\u018fRTAC-\u0131n yay\u0131mlad\u0131\u011f\u0131 t\u0259brik m\u0259tnind\u0259 deyilir: \u201cH\u00f6rm\u0259tli c\u0259nab Prezident. \u00c7ox \u0259lam\u0259tdar bir hadis\u0259y\u0259 &#8211; Da\u011fl\u0131q Qaraba\u011fda s\u00fclh raz\u0131la\u015fmas\u0131n\u0131n \u0259ld\u0259 edildiyi, Az\u0259rbaycan\u0131n suverenliyinin v\u0259 \u0259razi b\u00fct\u00f6vl\u00fcy\u00fcn\u00fcn b\u0259rpa olundu\u011fu d\u00f6vr\u0259 t\u0259sad\u00fcf ed\u0259n do\u011fum g\u00fcn\u00fcn\u00fcz m\u00fcnasib\u0259til\u0259 Siz\u0259 s\u0259mimi t\u0259brikl\u0259rimi v\u0259&hellip;","_links":{"self":[{"href":"https:\/\/arantv.az\/index.php?rest_route=\/wp\/v2\/posts\/258781"}],"collection":[{"href":"https:\/\/arantv.az\/index.php?rest_route=\/wp\/v2\/posts"}],"about":[{"href":"https:\/\/arantv.az\/index.php?rest_route=\/wp\/v2\/types\/post"}],"author":[{"embeddable":true,"href":"https:\/\/arantv.az\/index.php?rest_route=\/wp\/v2\/users\/2"}],"replies":[{"embeddable":true,"href":"https:\/\/arantv.az\/index.php?rest_route=%2Fwp%2Fv2%2Fcomments&post=258781"}],"version-history":[{"count":0,"href":"https:\/\/arantv.az\/index.php?rest_route=\/wp\/v2\/posts\/258781\/revisions"}],"wp:featuredmedia":[{"embeddable":true,"href":"https:\/\/arantv.az\/index.php?rest_route=\/wp\/v2\/media\/258782"}],"wp:attachment":[{"href":"https:\/\/arantv.az\/index.php?rest_route=%2Fwp%2Fv2%2Fmedia&parent=258781"}],"wp:term":[{"taxonomy":"category","embeddable":true,"href":"https:\/\/arantv.az\/index.php?rest_route=%2Fwp%2Fv2%2Fcategories&post=258781"},{"taxonomy":"post_tag","embeddable":true,"href":"https:\/\/arantv.az\/index.php?rest_route=%2Fwp%2Fv2%2Ftags&post=258781"}],"curies":[{"name":"wp","href":"https:\/\/api.w.org\/{rel}","templated":true}]}}