{"id":258785,"date":"2020-12-23T16:08:46","date_gmt":"2020-12-23T13:08:46","guid":{"rendered":"http:\/\/arantv.az\/?p=258785"},"modified":"2020-12-23T16:08:46","modified_gmt":"2020-12-23T13:08:46","slug":"dunya-karatesinin-pandemiyadan-sonra-ikinci-boyuk-yarisi-bakida-olacaq","status":"publish","type":"post","link":"https:\/\/arantv.az\/?p=258785","title":{"rendered":"D\u00fcnya karatesinin pandemiyadan sonra ikinci b\u00f6y\u00fck yar\u0131\u015f\u0131 Bak\u0131da olacaq"},"content":{"rendered":"<p>Karate \u00fczr\u0259 millimizin ilk yar\u0131\u015f\u0131n\u0131n vaxt\u0131 bilinib.<\/p>\n<p><b>ARANTV.AZ\u00a0<\/b>x\u0259b\u0259r verir ki, martdan b\u0259ri yar\u0131\u015f \u00fcz\u00fcn\u0259 h\u0259sr\u0259t qalan d\u00fcnya karatesinin azarke\u015fl\u0259ri fevraldan etibar\u0259n yar\u0131\u015f\u0131 izl\u0259y\u0259c\u0259k.<\/p>\n<p>\u018fvv\u0259lki t\u0259k yanvarda Paris Open v\u0259 ya Paris Premyer Liqa yar\u0131\u015f\u0131 olmayacaq. Bu d\u0259f\u0259 2021-ci ild\u0259 yar\u0131\u015flara fevralda start veril\u0259c\u0259k.<\/p>\n<p>Bel\u0259 ki, 19-21 fevralda Portuqaliyan\u0131n paytaxt\u0131 Lissabon Premyer Liqa yar\u0131\u015f\u0131na ev sahibliyi ed\u0259c\u0259k. Bu, pandemiya d\u00fc\u015f\u0259nd\u0259n b\u0259ri \u0259n az\u0131 19 beyn\u0259lxalq karate yar\u0131\u015f\u0131n\u0131n l\u0259\u011fv v\u0259 ya t\u0259xir\u0259 sal\u0131nmas\u0131ndan sonra ilk turnir olacaq. H\u0259m\u00e7inin, bu yar\u0131\u015fda Portuqaliya paytaxt\u0131 karatenin birinci d\u0259r\u0259c\u0259li turnirl\u0259rind\u0259n birind\u0259 ev sahibi kimi deb\u00fct ed\u0259c\u0259k.<\/p>\n<p>Daha sonra karated\u0259 ikinci yar\u0131\u015f paytaxt\u0131m\u0131z Bak\u0131da ba\u015f tutacaq. 12-14 martda Bak\u0131 da ilk d\u0259f\u0259 Premyer Liqaya ev sahibliyi ed\u0259c\u0259k. H\u0259m\u00e7inin, 9-11 apreld\u0259 Rabatda (M\u0259rake\u015f), 3-5 sentyabrda Da\u015fk\u0259ndd\u0259 (\u00d6zb\u0259kistan) v\u0259 1-3 oktyabrda Moskvada (Rusiya) analoji turnir ke\u00e7iril\u0259c\u0259k.<\/p>\n<p>Qeyd ed\u0259k ki, bu ilin mart\u0131nda karate \u00fczr\u0259 Avropa \u00e7empionat\u0131 Bak\u0131da ke\u00e7irilm\u0259li olsa da, pandemiyaya g\u00f6r\u0259 yar\u0131\u015f l\u0259\u011fv olunub.<\/p>\n","protected":false},"excerpt":{"rendered":"<p>Karate \u00fczr\u0259 millimizin ilk yar\u0131\u015f\u0131n\u0131n vaxt\u0131 bilinib. ARANTV.AZ\u00a0x\u0259b\u0259r verir ki, martdan b\u0259ri yar\u0131\u015f \u00fcz\u00fcn\u0259 h\u0259sr\u0259t qalan d\u00fcnya karatesinin azarke\u015fl\u0259ri fevraldan etibar\u0259n yar\u0131\u015f\u0131 izl\u0259y\u0259c\u0259k. \u018fvv\u0259lki t\u0259k yanvarda Paris Open v\u0259 ya Paris Premyer Liqa yar\u0131\u015f\u0131 olmayacaq. Bu d\u0259f\u0259 2021-ci ild\u0259 yar\u0131\u015flara fevralda start veril\u0259c\u0259k. Bel\u0259 ki, 19-21 fevralda Portuqaliyan\u0131n paytaxt\u0131 Lissabon Premyer Liqa yar\u0131\u015f\u0131na ev sahibliyi ed\u0259c\u0259k. Bu, pandemiya d\u00fc\u015f\u0259nd\u0259n b\u0259ri \u0259n az\u0131 19 beyn\u0259lxalq karate yar\u0131\u015f\u0131n\u0131n l\u0259\u011fv v\u0259 ya t\u0259xir\u0259 sal\u0131nmas\u0131ndan sonra ilk turnir olacaq. H\u0259m\u00e7inin, bu yar\u0131\u015fda Portuqaliya paytaxt\u0131 karatenin birinci d\u0259r\u0259c\u0259li turnirl\u0259rind\u0259n birind\u0259 ev sahibi kimi deb\u00fct ed\u0259c\u0259k.&hellip;<\/p>\n","protected":false},"author":2,"featured_media":258786,"comment_status":"closed","ping_status":"closed","sticky":false,"template":"","format":"standard","meta":{"om_disable_all_campaigns":false,"_monsterinsights_skip_tracking":false,"_monsterinsights_sitenote_active":false,"_monsterinsights_sitenote_note":"","_monsterinsights_sitenote_category":0},"categories":[6],"tags":[],"aioseo_notices":[],"gutentor_comment":0,"rttpg_featured_image_url":{"full":["https:\/\/arantv.az\/wp-content\/uploads\/2020\/12\/interna-noticia20201222123336.jpg",620,349,false],"landscape":["https:\/\/arantv.az\/wp-content\/uploads\/2020\/12\/interna-noticia20201222123336.jpg",620,349,false],"portraits":["https:\/\/arantv.az\/wp-content\/uploads\/2020\/12\/interna-noticia20201222123336.jpg",620,349,false],"thumbnail":["https:\/\/arantv.az\/wp-content\/uploads\/2020\/12\/interna-noticia20201222123336-150x150.jpg",150,150,true],"medium":["https:\/\/arantv.az\/wp-content\/uploads\/2020\/12\/interna-noticia20201222123336-300x169.jpg",300,169,true],"large":["https:\/\/arantv.az\/wp-content\/uploads\/2020\/12\/interna-noticia20201222123336.jpg",620,349,false],"1536x1536":["https:\/\/arantv.az\/wp-content\/uploads\/2020\/12\/interna-noticia20201222123336.jpg",620,349,false],"2048x2048":["https:\/\/arantv.az\/wp-content\/uploads\/2020\/12\/interna-noticia20201222123336.jpg",620,349,false],"post-thumbnail":["https:\/\/arantv.az\/wp-content\/uploads\/2020\/12\/interna-noticia20201222123336-240x172.jpg",240,172,true],"advps-thumb-one":["https:\/\/arantv.az\/wp-content\/uploads\/2020\/12\/interna-noticia20201222123336.jpg",620,349,false]},"rttpg_author":{"display_name":"V\u00fcsal Rafiqo\u011flu","author_link":"https:\/\/arantv.az\/?author=2"},"rttpg_comment":0,"rttpg_category":"<a href=\"https:\/\/arantv.az\/?cat=6\" rel=\"category\">\u0130dman<\/a>","rttpg_excerpt":"Karate \u00fczr\u0259 millimizin ilk yar\u0131\u015f\u0131n\u0131n vaxt\u0131 bilinib. ARANTV.AZ\u00a0x\u0259b\u0259r verir ki, martdan b\u0259ri yar\u0131\u015f \u00fcz\u00fcn\u0259 h\u0259sr\u0259t qalan d\u00fcnya karatesinin azarke\u015fl\u0259ri fevraldan etibar\u0259n yar\u0131\u015f\u0131 izl\u0259y\u0259c\u0259k. \u018fvv\u0259lki t\u0259k yanvarda Paris Open v\u0259 ya Paris Premyer Liqa yar\u0131\u015f\u0131 olmayacaq. Bu d\u0259f\u0259 2021-ci ild\u0259 yar\u0131\u015flara fevralda start veril\u0259c\u0259k. Bel\u0259 ki, 19-21 fevralda Portuqaliyan\u0131n paytaxt\u0131 Lissabon Premyer Liqa yar\u0131\u015f\u0131na ev sahibliyi&hellip;","_links":{"self":[{"href":"https:\/\/arantv.az\/index.php?rest_route=\/wp\/v2\/posts\/258785"}],"collection":[{"href":"https:\/\/arantv.az\/index.php?rest_route=\/wp\/v2\/posts"}],"about":[{"href":"https:\/\/arantv.az\/index.php?rest_route=\/wp\/v2\/types\/post"}],"author":[{"embeddable":true,"href":"https:\/\/arantv.az\/index.php?rest_route=\/wp\/v2\/users\/2"}],"replies":[{"embeddable":true,"href":"https:\/\/arantv.az\/index.php?rest_route=%2Fwp%2Fv2%2Fcomments&post=258785"}],"version-history":[{"count":0,"href":"https:\/\/arantv.az\/index.php?rest_route=\/wp\/v2\/posts\/258785\/revisions"}],"wp:featuredmedia":[{"embeddable":true,"href":"https:\/\/arantv.az\/index.php?rest_route=\/wp\/v2\/media\/258786"}],"wp:attachment":[{"href":"https:\/\/arantv.az\/index.php?rest_route=%2Fwp%2Fv2%2Fmedia&parent=258785"}],"wp:term":[{"taxonomy":"category","embeddable":true,"href":"https:\/\/arantv.az\/index.php?rest_route=%2Fwp%2Fv2%2Fcategories&post=258785"},{"taxonomy":"post_tag","embeddable":true,"href":"https:\/\/arantv.az\/index.php?rest_route=%2Fwp%2Fv2%2Ftags&post=258785"}],"curies":[{"name":"wp","href":"https:\/\/api.w.org\/{rel}","templated":true}]}}