{"id":258789,"date":"2020-12-23T16:09:25","date_gmt":"2020-12-23T13:09:25","guid":{"rendered":"http:\/\/arantv.az\/?p=258789"},"modified":"2020-12-23T16:09:25","modified_gmt":"2020-12-23T13:09:25","slug":"irina-viner-usmanova-ilham-%c9%99liyev-olk%c9%99d%c9%99-idmanin-t%c9%99r%c9%99qqisin%c9%99-ciddi-diqq%c9%99t-yetirir","status":"publish","type":"post","link":"https:\/\/arantv.az\/?p=258789","title":{"rendered":"\u0130rina Viner-Usmanova: \u201c\u0130lham \u018fliyev \u00f6lk\u0259d\u0259 idman\u0131n t\u0259r\u0259qqisin\u0259 ciddi diqq\u0259t yetirir\u201d"},"content":{"rendered":"<p>\u00dcmumrusiya B\u0259dii Gimnastika Federasiyas\u0131n\u0131n prezidenti \u0130rina Viner-Usmanova Prezident \u0130lham \u018fliyevi do\u011fum g\u00fcn\u00fc m\u00fcnasib\u0259til\u0259 t\u0259brik edib.<\/p>\n<p>AZ\u018fRTAC-\u0131n yay\u0131mlad\u0131\u011f\u0131 t\u0259brik m\u0259tnind\u0259 deyilir:<\/p>\n<p>\u201cM\u00f6ht\u0259r\u0259m \u0130lham Heyd\u0259r o\u011flu.<\/p>\n<p>Do\u011fum g\u00fcn\u00fcn\u00fcz m\u00fcnasib\u0259til\u0259 Sizi t\u0259brik edir\u0259m.<\/p>\n<p>Bu g\u00f6z\u0259l g\u00fcn Sizin \u00fc\u00e7\u00fcn, ail\u0259niz \u00fc\u00e7\u00fcn v\u0259 b\u00fct\u00fcn Az\u0259rbaycan \u00fc\u00e7\u00fcn bayramd\u0131r.<\/p>\n<p>Sizin Az\u0259rbaycan Prezidenti v\u0259zif\u0259sind\u0259 s\u0259m\u0259r\u0259li f\u0259aliyy\u0259tiniz \u00f6lk\u0259 v\u0259t\u0259nda\u015flar\u0131n\u0131n inam\u0131 v\u0259 etibar\u0131 il\u0259, g\u00f6z\u0259l \u00f6lk\u0259nizin firavanla\u015fmas\u0131 namin\u0259 g\u00f6rd\u00fcy\u00fcn\u00fcz i\u015f\u0259 b\u00fct\u00fcn xalq\u0131n verdiyi y\u00fcks\u0259k qiym\u0259tl\u0259 d\u0259st\u0259kl\u0259nir.<\/p>\n<p>Siz y\u00fcks\u0259k \u015f\u0259xsi keyfiyy\u0259tl\u0259riniz, q\u0259tiyy\u0259t v\u0259 m\u00fcdrikliyiniz say\u0259sind\u0259 xalq\u0131n m\u0259nafe v\u0259 amallar\u0131n\u0131 h\u0259yata ke\u00e7ir\u0259n uzaqg\u00f6r\u0259n v\u0259 pe\u015f\u0259kar siyasi xadim kimi \u00e7ox b\u00f6y\u00fck n\u00fcfuzunuzu h\u0259r g\u00fcn u\u011furla t\u0259sdiql\u0259m\u0259y\u0259 nail olursunuz.<\/p>\n<p>Siz d\u00f6vl\u0259tin beyn\u0259lxalq m\u00f6vqel\u0259rinin m\u00f6hk\u0259ml\u0259nm\u0259si \u00fc\u00e7\u00fcn daim s\u0259y g\u00f6st\u0259rir, Az\u0259rbaycan iqtisadiyyat\u0131n\u0131n v\u0259 sosial h\u0259yat\u0131n\u0131n inki\u015faf etm\u0259sin\u0259 qay\u011f\u0131 il\u0259 yana\u015f\u0131r, \u00f6lk\u0259d\u0259 idman\u0131n t\u0259r\u0259qqisin\u0259 ciddi diqq\u0259t yetirirsiniz.<\/p>\n<p>Bu \u0259lam\u0259tdar g\u00fcnd\u0259 Zati-aliniz\u0259 bir daha d\u0259rin ehtiram\u0131m\u0131 bildirir, Az\u0259rbaycan\u0131n t\u0259r\u0259qqisi namin\u0259 f\u0259aliyy\u0259tinizd\u0259 s\u0259mimi q\u0259lbd\u0259n u\u011furlar, xo\u015fb\u0259xtlik, m\u00f6hk\u0259m cansa\u011fl\u0131\u011f\u0131, sevinc v\u0259 firavanl\u0131q, Siz\u0259 v\u0259 yax\u0131nlar\u0131n\u0131za t\u00fck\u0259nm\u0259z enerji dil\u0259yir\u0259m\u201d.<\/p>\n","protected":false},"excerpt":{"rendered":"<p>\u00dcmumrusiya B\u0259dii Gimnastika Federasiyas\u0131n\u0131n prezidenti \u0130rina Viner-Usmanova Prezident \u0130lham \u018fliyevi do\u011fum g\u00fcn\u00fc m\u00fcnasib\u0259til\u0259 t\u0259brik edib. AZ\u018fRTAC-\u0131n yay\u0131mlad\u0131\u011f\u0131 t\u0259brik m\u0259tnind\u0259 deyilir: \u201cM\u00f6ht\u0259r\u0259m \u0130lham Heyd\u0259r o\u011flu. Do\u011fum g\u00fcn\u00fcn\u00fcz m\u00fcnasib\u0259til\u0259 Sizi t\u0259brik edir\u0259m. Bu g\u00f6z\u0259l g\u00fcn Sizin \u00fc\u00e7\u00fcn, ail\u0259niz \u00fc\u00e7\u00fcn v\u0259 b\u00fct\u00fcn Az\u0259rbaycan \u00fc\u00e7\u00fcn bayramd\u0131r. Sizin Az\u0259rbaycan Prezidenti v\u0259zif\u0259sind\u0259 s\u0259m\u0259r\u0259li f\u0259aliyy\u0259tiniz \u00f6lk\u0259 v\u0259t\u0259nda\u015flar\u0131n\u0131n inam\u0131 v\u0259 etibar\u0131 il\u0259, g\u00f6z\u0259l \u00f6lk\u0259nizin firavanla\u015fmas\u0131 namin\u0259 g\u00f6rd\u00fcy\u00fcn\u00fcz i\u015f\u0259 b\u00fct\u00fcn xalq\u0131n verdiyi y\u00fcks\u0259k qiym\u0259tl\u0259 d\u0259st\u0259kl\u0259nir. Siz y\u00fcks\u0259k \u015f\u0259xsi keyfiyy\u0259tl\u0259riniz, q\u0259tiyy\u0259t v\u0259 m\u00fcdrikliyiniz say\u0259sind\u0259 xalq\u0131n m\u0259nafe v\u0259 amallar\u0131n\u0131 h\u0259yata ke\u00e7ir\u0259n uzaqg\u00f6r\u0259n v\u0259 pe\u015f\u0259kar siyasi xadim kimi \u00e7ox b\u00f6y\u00fck n\u00fcfuzunuzu h\u0259r&hellip;<\/p>\n","protected":false},"author":2,"featured_media":258790,"comment_status":"closed","ping_status":"closed","sticky":false,"template":"","format":"standard","meta":{"om_disable_all_campaigns":false,"_monsterinsights_skip_tracking":false,"_monsterinsights_sitenote_active":false,"_monsterinsights_sitenote_note":"","_monsterinsights_sitenote_category":0},"categories":[4],"tags":[],"aioseo_notices":[],"gutentor_comment":0,"rttpg_featured_image_url":{"full":["https:\/\/arantv.az\/wp-content\/uploads\/2020\/12\/pr-14.jpg",620,363,false],"landscape":["https:\/\/arantv.az\/wp-content\/uploads\/2020\/12\/pr-14.jpg",620,363,false],"portraits":["https:\/\/arantv.az\/wp-content\/uploads\/2020\/12\/pr-14.jpg",620,363,false],"thumbnail":["https:\/\/arantv.az\/wp-content\/uploads\/2020\/12\/pr-14-150x150.jpg",150,150,true],"medium":["https:\/\/arantv.az\/wp-content\/uploads\/2020\/12\/pr-14-300x176.jpg",300,176,true],"large":["https:\/\/arantv.az\/wp-content\/uploads\/2020\/12\/pr-14.jpg",620,363,false],"1536x1536":["https:\/\/arantv.az\/wp-content\/uploads\/2020\/12\/pr-14.jpg",620,363,false],"2048x2048":["https:\/\/arantv.az\/wp-content\/uploads\/2020\/12\/pr-14.jpg",620,363,false],"post-thumbnail":["https:\/\/arantv.az\/wp-content\/uploads\/2020\/12\/pr-14-240x172.jpg",240,172,true],"advps-thumb-one":["https:\/\/arantv.az\/wp-content\/uploads\/2020\/12\/pr-14.jpg",620,363,false]},"rttpg_author":{"display_name":"V\u00fcsal Rafiqo\u011flu","author_link":"https:\/\/arantv.az\/?author=2"},"rttpg_comment":0,"rttpg_category":"<a href=\"https:\/\/arantv.az\/?cat=4\" rel=\"category\">Siyas\u0259t<\/a>","rttpg_excerpt":"\u00dcmumrusiya B\u0259dii Gimnastika Federasiyas\u0131n\u0131n prezidenti \u0130rina Viner-Usmanova Prezident \u0130lham \u018fliyevi do\u011fum g\u00fcn\u00fc m\u00fcnasib\u0259til\u0259 t\u0259brik edib. AZ\u018fRTAC-\u0131n yay\u0131mlad\u0131\u011f\u0131 t\u0259brik m\u0259tnind\u0259 deyilir: \u201cM\u00f6ht\u0259r\u0259m \u0130lham Heyd\u0259r o\u011flu. Do\u011fum g\u00fcn\u00fcn\u00fcz m\u00fcnasib\u0259til\u0259 Sizi t\u0259brik edir\u0259m. Bu g\u00f6z\u0259l g\u00fcn Sizin \u00fc\u00e7\u00fcn, ail\u0259niz \u00fc\u00e7\u00fcn v\u0259 b\u00fct\u00fcn Az\u0259rbaycan \u00fc\u00e7\u00fcn bayramd\u0131r. Sizin Az\u0259rbaycan Prezidenti v\u0259zif\u0259sind\u0259 s\u0259m\u0259r\u0259li f\u0259aliyy\u0259tiniz \u00f6lk\u0259 v\u0259t\u0259nda\u015flar\u0131n\u0131n inam\u0131 v\u0259 etibar\u0131 il\u0259, g\u00f6z\u0259l&hellip;","_links":{"self":[{"href":"https:\/\/arantv.az\/index.php?rest_route=\/wp\/v2\/posts\/258789"}],"collection":[{"href":"https:\/\/arantv.az\/index.php?rest_route=\/wp\/v2\/posts"}],"about":[{"href":"https:\/\/arantv.az\/index.php?rest_route=\/wp\/v2\/types\/post"}],"author":[{"embeddable":true,"href":"https:\/\/arantv.az\/index.php?rest_route=\/wp\/v2\/users\/2"}],"replies":[{"embeddable":true,"href":"https:\/\/arantv.az\/index.php?rest_route=%2Fwp%2Fv2%2Fcomments&post=258789"}],"version-history":[{"count":0,"href":"https:\/\/arantv.az\/index.php?rest_route=\/wp\/v2\/posts\/258789\/revisions"}],"wp:featuredmedia":[{"embeddable":true,"href":"https:\/\/arantv.az\/index.php?rest_route=\/wp\/v2\/media\/258790"}],"wp:attachment":[{"href":"https:\/\/arantv.az\/index.php?rest_route=%2Fwp%2Fv2%2Fmedia&parent=258789"}],"wp:term":[{"taxonomy":"category","embeddable":true,"href":"https:\/\/arantv.az\/index.php?rest_route=%2Fwp%2Fv2%2Fcategories&post=258789"},{"taxonomy":"post_tag","embeddable":true,"href":"https:\/\/arantv.az\/index.php?rest_route=%2Fwp%2Fv2%2Ftags&post=258789"}],"curies":[{"name":"wp","href":"https:\/\/api.w.org\/{rel}","templated":true}]}}