{"id":258793,"date":"2020-12-23T16:10:38","date_gmt":"2020-12-23T13:10:38","guid":{"rendered":"http:\/\/arantv.az\/?p=258793"},"modified":"2020-12-23T16:10:38","modified_gmt":"2020-12-23T13:10:38","slug":"siyasi-partiyalarin-maliyy%c9%99l%c9%99sm%c9%99si-il%c9%99-bagli-qaydalar-d%c9%99yisir","status":"publish","type":"post","link":"https:\/\/arantv.az\/?p=258793","title":{"rendered":"Siyasi partiyalar\u0131n maliyy\u0259l\u0259\u015fm\u0259si il\u0259 ba\u011fl\u0131 qaydalar d\u0259yi\u015fir"},"content":{"rendered":"<p>Siyasi partiyalar\u0131n maliyy\u0259l\u0259\u015fm\u0259si il\u0259 ba\u011fl\u0131 qaydalara d\u0259yi\u015fiklik edilir.<\/p>\n<p><strong>ARANTV.AZ\u00a0\u00a0<\/strong><a href=\"https:\/\/az.trend.az\/\" target=\"_blank\" rel=\"noopener\">Trend<\/a>-\u0259 istinad\u0259n bildirir ki,\u00a0bununla ba\u011fl\u0131 m\u0259s\u0259l\u0259 Milli M\u0259clisin \u0130ctimai birlikl\u0259r v\u0259 dini qurumlar, H\u00fcquq siyas\u0259ti v\u0259 d\u00f6vl\u0259t quruculu\u011fu komit\u0259l\u0259rinin birg\u0259 ke\u00e7iril\u0259n iclas\u0131nda m\u00fczakir\u0259 edil\u0259n &#8220;Siyasi partiyalar haqq\u0131nda&#8221; qanuna d\u0259yi\u015fiklikd\u0259 \u00f6z \u0259ksini tap\u0131b.<\/p>\n<p>Milli M\u0259clis S\u0259drinin birinci m\u00fcavini, H\u00fcquq siyas\u0259ti v\u0259 d\u00f6vl\u0259t quruculu\u011fu komit\u0259sinin s\u0259dri \u018fli H\u00fcseynli s\u0259n\u0259d\u0259 t\u0259klif edil\u0259n d\u0259yi\u015fiklikl\u0259rin mahiyy\u0259ti bar\u0259d\u0259 dan\u0131\u015f\u0131b.<\/p>\n<p>O qeyd edib ki, qanunun &#8220;Siyasi partiyalara d\u00f6vl\u0259t b\u00fcdc\u0259sind\u0259n v\u0259saitin ayr\u0131lmas\u0131&#8221; adlanan 17-1-ci madd\u0259sin\u0259 d\u0259yi\u015fiklikl\u0259r t\u0259klif olunur.<\/p>\n<p>\u018f.H\u00fcseynli vur\u011fulay\u0131b ki, siyasi partiyalar\u0131n maliyy\u0259l\u0259\u015fm\u0259si \u00fc\u00e7\u00fcn h\u0259r il d\u00f6vl\u0259t b\u00fcdc\u0259sind\u0259n v\u0259sait ayr\u0131l\u0131r. Onun s\u00f6zl\u0259rin\u0259 g\u00f6r\u0259, qanunun haz\u0131rda q\u00fcvv\u0259d\u0259 olan m\u0259tnind\u0259 &#8220;d\u00f6vl\u0259t b\u00fcdc\u0259sind\u0259n ayr\u0131lm\u0131\u015f v\u0259saitin 10 faizinin siyasi partiyalar t\u0259r\u0259find\u0259n ir\u0259li s\u00fcr\u00fcl\u0259n, etibarl\u0131 s\u0259sl\u0259rin az\u0131 3 faizini qazanan, lakin Milli M\u0259clisd\u0259 t\u0259msil olunmayan h\u0259min partiyalar aras\u0131nda proporsional olaraq b\u00f6l\u00fcnd\u00fcy\u00fc&#8221; qeyd olunub.<\/p>\n<p>Bu sah\u0259d\u0259 m\u00f6vcud olan bo\u015fluqlar\u0131n aradan qald\u0131r\u0131lmas\u0131 \u00fc\u00e7\u00fcn t\u0259klif olunan yeni d\u0259yi\u015fiklikd\u0259 h\u0259min m\u0259bl\u0259\u011f 10 faizd\u0259n 5 faiz\u0259 endirilir. M\u0259bl\u0259\u011fin dig\u0259r 5 faizi is\u0259 t\u0259krar v\u0259 \u0259lav\u0259 se\u00e7kil\u0259rd\u0259 q\u0259l\u0259b\u0259 qazanan deputatlar\u0131n partiya m\u0259nsubiyy\u0259tinin yaranmas\u0131 il\u0259 \u0259laq\u0259dar parlamentd\u0259 t\u0259msil olunan yeni siyasi partiyalara ayr\u0131l\u0131r.<\/p>\n<p>T\u0259klif olunan d\u0259yi\u015fiklikl\u0259rd\u0259 qanunun t\u0259tbiqi zaman\u0131 yarana bil\u0259c\u0259k v\u0259sait \u00e7at\u0131\u015fmazl\u0131\u011f\u0131n\u0131n aradan qald\u0131r\u0131lmas\u0131 mexanizml\u0259ri, siyasi partiyalar\u0131 t\u0259msil ed\u0259n deputatlar\u0131n saylar\u0131n\u0131n artmas\u0131 v\u0259 azalmas\u0131, Milli M\u0259clisd\u0259 yeni siyasi partiyalar\u0131n t\u0259msil olunmas\u0131 hallar\u0131nda v\u0259saitin hesablanma tarixi \u0259ksini tap\u0131b.<\/p>\n<p>D\u0259yi\u015fiklikl\u0259rd\u0259 siyasi partiyalar\u0131n d\u00f6vl\u0259t b\u00fcdc\u0259sind\u0259n ayr\u0131lan v\u0259saitd\u0259n imtina etdiyi zaman h\u0259min v\u0259saitin d\u00f6vl\u0259t b\u00fcdc\u0259sin\u0259 qaytar\u0131lmas\u0131 yox, Milli M\u0259clisd\u0259 t\u0259msil olunan partiyalar aras\u0131nda d\u00f6rd\u00fcnc\u00fc r\u00fcb\u00fcn sonunda b\u0259rab\u0259r olaraq b\u00f6l\u00fcnm\u0259si n\u0259z\u0259rd\u0259 tutulub.<\/p>\n","protected":false},"excerpt":{"rendered":"<p>Siyasi partiyalar\u0131n maliyy\u0259l\u0259\u015fm\u0259si il\u0259 ba\u011fl\u0131 qaydalara d\u0259yi\u015fiklik edilir. ARANTV.AZ\u00a0\u00a0Trend-\u0259 istinad\u0259n bildirir ki,\u00a0bununla ba\u011fl\u0131 m\u0259s\u0259l\u0259 Milli M\u0259clisin \u0130ctimai birlikl\u0259r v\u0259 dini qurumlar, H\u00fcquq siyas\u0259ti v\u0259 d\u00f6vl\u0259t quruculu\u011fu komit\u0259l\u0259rinin birg\u0259 ke\u00e7iril\u0259n iclas\u0131nda m\u00fczakir\u0259 edil\u0259n &#8220;Siyasi partiyalar haqq\u0131nda&#8221; qanuna d\u0259yi\u015fiklikd\u0259 \u00f6z \u0259ksini tap\u0131b. Milli M\u0259clis S\u0259drinin birinci m\u00fcavini, H\u00fcquq siyas\u0259ti v\u0259 d\u00f6vl\u0259t quruculu\u011fu komit\u0259sinin s\u0259dri \u018fli H\u00fcseynli s\u0259n\u0259d\u0259 t\u0259klif edil\u0259n d\u0259yi\u015fiklikl\u0259rin mahiyy\u0259ti bar\u0259d\u0259 dan\u0131\u015f\u0131b. O qeyd edib ki, qanunun &#8220;Siyasi partiyalara d\u00f6vl\u0259t b\u00fcdc\u0259sind\u0259n v\u0259saitin ayr\u0131lmas\u0131&#8221; adlanan 17-1-ci madd\u0259sin\u0259 d\u0259yi\u015fiklikl\u0259r t\u0259klif olunur. \u018f.H\u00fcseynli vur\u011fulay\u0131b ki, siyasi partiyalar\u0131n maliyy\u0259l\u0259\u015fm\u0259si \u00fc\u00e7\u00fcn h\u0259r il d\u00f6vl\u0259t b\u00fcdc\u0259sind\u0259n v\u0259sait&hellip;<\/p>\n","protected":false},"author":2,"featured_media":258794,"comment_status":"closed","ping_status":"closed","sticky":false,"template":"","format":"standard","meta":{"om_disable_all_campaigns":false,"_monsterinsights_skip_tracking":false,"_monsterinsights_sitenote_active":false,"_monsterinsights_sitenote_note":"","_monsterinsights_sitenote_category":0},"categories":[4],"tags":[],"aioseo_notices":[],"gutentor_comment":0,"rttpg_featured_image_url":{"full":["https:\/\/arantv.az\/wp-content\/uploads\/2020\/12\/907724.jpg",800,600,false],"landscape":["https:\/\/arantv.az\/wp-content\/uploads\/2020\/12\/907724.jpg",800,600,false],"portraits":["https:\/\/arantv.az\/wp-content\/uploads\/2020\/12\/907724.jpg",800,600,false],"thumbnail":["https:\/\/arantv.az\/wp-content\/uploads\/2020\/12\/907724-150x150.jpg",150,150,true],"medium":["https:\/\/arantv.az\/wp-content\/uploads\/2020\/12\/907724-300x225.jpg",300,225,true],"large":["https:\/\/arantv.az\/wp-content\/uploads\/2020\/12\/907724.jpg",640,480,false],"1536x1536":["https:\/\/arantv.az\/wp-content\/uploads\/2020\/12\/907724.jpg",800,600,false],"2048x2048":["https:\/\/arantv.az\/wp-content\/uploads\/2020\/12\/907724.jpg",800,600,false],"post-thumbnail":["https:\/\/arantv.az\/wp-content\/uploads\/2020\/12\/907724-240x172.jpg",240,172,true],"advps-thumb-one":["https:\/\/arantv.az\/wp-content\/uploads\/2020\/12\/907724.jpg",800,600,false]},"rttpg_author":{"display_name":"V\u00fcsal Rafiqo\u011flu","author_link":"https:\/\/arantv.az\/?author=2"},"rttpg_comment":0,"rttpg_category":"<a href=\"https:\/\/arantv.az\/?cat=4\" rel=\"category\">Siyas\u0259t<\/a>","rttpg_excerpt":"Siyasi partiyalar\u0131n maliyy\u0259l\u0259\u015fm\u0259si il\u0259 ba\u011fl\u0131 qaydalara d\u0259yi\u015fiklik edilir. ARANTV.AZ\u00a0\u00a0Trend-\u0259 istinad\u0259n bildirir ki,\u00a0bununla ba\u011fl\u0131 m\u0259s\u0259l\u0259 Milli M\u0259clisin \u0130ctimai birlikl\u0259r v\u0259 dini qurumlar, H\u00fcquq siyas\u0259ti v\u0259 d\u00f6vl\u0259t quruculu\u011fu komit\u0259l\u0259rinin birg\u0259 ke\u00e7iril\u0259n iclas\u0131nda m\u00fczakir\u0259 edil\u0259n &#8220;Siyasi partiyalar haqq\u0131nda&#8221; qanuna d\u0259yi\u015fiklikd\u0259 \u00f6z \u0259ksini tap\u0131b. Milli M\u0259clis S\u0259drinin birinci m\u00fcavini, H\u00fcquq siyas\u0259ti v\u0259 d\u00f6vl\u0259t quruculu\u011fu komit\u0259sinin s\u0259dri \u018fli H\u00fcseynli s\u0259n\u0259d\u0259&hellip;","_links":{"self":[{"href":"https:\/\/arantv.az\/index.php?rest_route=\/wp\/v2\/posts\/258793"}],"collection":[{"href":"https:\/\/arantv.az\/index.php?rest_route=\/wp\/v2\/posts"}],"about":[{"href":"https:\/\/arantv.az\/index.php?rest_route=\/wp\/v2\/types\/post"}],"author":[{"embeddable":true,"href":"https:\/\/arantv.az\/index.php?rest_route=\/wp\/v2\/users\/2"}],"replies":[{"embeddable":true,"href":"https:\/\/arantv.az\/index.php?rest_route=%2Fwp%2Fv2%2Fcomments&post=258793"}],"version-history":[{"count":0,"href":"https:\/\/arantv.az\/index.php?rest_route=\/wp\/v2\/posts\/258793\/revisions"}],"wp:featuredmedia":[{"embeddable":true,"href":"https:\/\/arantv.az\/index.php?rest_route=\/wp\/v2\/media\/258794"}],"wp:attachment":[{"href":"https:\/\/arantv.az\/index.php?rest_route=%2Fwp%2Fv2%2Fmedia&parent=258793"}],"wp:term":[{"taxonomy":"category","embeddable":true,"href":"https:\/\/arantv.az\/index.php?rest_route=%2Fwp%2Fv2%2Fcategories&post=258793"},{"taxonomy":"post_tag","embeddable":true,"href":"https:\/\/arantv.az\/index.php?rest_route=%2Fwp%2Fv2%2Ftags&post=258793"}],"curies":[{"name":"wp","href":"https:\/\/api.w.org\/{rel}","templated":true}]}}