{"id":258817,"date":"2020-12-23T16:14:33","date_gmt":"2020-12-23T13:14:33","guid":{"rendered":"http:\/\/arantv.az\/?p=258817"},"modified":"2020-12-23T16:14:33","modified_gmt":"2020-12-23T13:14:33","slug":"syuzan-eliot-ilham-%c9%99liyevi-dogum-gunu-munasib%c9%99til%c9%99-t%c9%99brik-etdi","status":"publish","type":"post","link":"https:\/\/arantv.az\/?p=258817","title":{"rendered":"Syuzan Eliot \u0130lham \u018fliyevi do\u011fum g\u00fcn\u00fc m\u00fcnasib\u0259til\u0259 t\u0259brik etdi"},"content":{"rendered":"<p>Amerikan\u0131n Xarici Siyas\u0259ti \u00fczr\u0259 Milli Komit\u0259nin Prezidenti v\u0259 ba\u015f icra\u00e7\u0131 direktoru S\u0259fir Syuzan Eliot Prezident \u0130lham \u018fliyevi do\u011fum g\u00fcn\u00fc m\u00fcnasib\u0259til\u0259 t\u0259brik edib.<\/p>\n<p><a href=\"https:\/\/azertag.az\/xeber\/Amerikanin_Xarici_Siyaseti_uzre_Milli_Komitenin_Prezidenti_ve_bas_icrachi_direktoru_Sefir_Syuzan_Eliotdan-1672869\" target=\"_blank\" rel=\"noopener\">AZ\u018fRTAC<\/a>-\u0131n yay\u0131mlad\u0131\u011f\u0131 t\u0259brik m\u0259tnind\u0259 deyilir:<\/p>\n<p>\u201cH\u00f6rm\u0259tli Prezident \u018fliyev.<\/p>\n<p>Do\u011fum g\u00fcn\u00fcn\u00fcz m\u00fcnasib\u0259til\u0259 Sizi Amerikan\u0131n Xarici Siyas\u0259ti \u00fczr\u0259 Milli Komit\u0259nin ad\u0131ndan \u0259n xo\u015f arzularla t\u0259brik edir\u0259m.<\/p>\n<p>Ba\u015f ofisi Bak\u0131da yerl\u0259\u015f\u0259n Nizami G\u0259nc\u0259vi Beyn\u0259lxalq M\u0259rk\u0259zi il\u0259 t\u0259r\u0259fda\u015fl\u0131\u011f\u0131m\u0131zdan bilirik ki, Siz bu M\u0259rk\u0259zin missiyas\u0131na davaml\u0131 olaraq d\u0259st\u0259k g\u00f6st\u0259rirsiniz. Bu missiyaya d\u0259st\u0259k verilm\u0259sin\u0259 biz d\u0259 qo\u015fulur, M\u0259rk\u0259zin s\u00fclh v\u0259 m\u00fcnaqi\u015f\u0259l\u0259rin h\u0259lli il\u0259 ba\u011fl\u0131 f\u0259aliyy\u0259tin\u0259 sadiqliyinizi alq\u0131\u015flay\u0131r\u0131q.<\/p>\n<p>Do\u011fum g\u00fcn\u00fcn\u00fcz m\u00fcnasib\u0259til\u0259 Sizi bir daha t\u0259brik edir, Nizami G\u0259nc\u0259vi Beyn\u0259lxalq M\u0259rk\u0259zi v\u0259 Az\u0259rbaycan xalq\u0131 il\u0259 \u0259m\u0259kda\u015fl\u0131\u011f\u0131m\u0131z\u0131n bundan sonra da davam ed\u0259c\u0259yin\u0259 \u00fcmidvar\u0131q\u201d.<\/p>\n","protected":false},"excerpt":{"rendered":"<p>Amerikan\u0131n Xarici Siyas\u0259ti \u00fczr\u0259 Milli Komit\u0259nin Prezidenti v\u0259 ba\u015f icra\u00e7\u0131 direktoru S\u0259fir Syuzan Eliot Prezident \u0130lham \u018fliyevi do\u011fum g\u00fcn\u00fc m\u00fcnasib\u0259til\u0259 t\u0259brik edib. AZ\u018fRTAC-\u0131n yay\u0131mlad\u0131\u011f\u0131 t\u0259brik m\u0259tnind\u0259 deyilir: \u201cH\u00f6rm\u0259tli Prezident \u018fliyev. Do\u011fum g\u00fcn\u00fcn\u00fcz m\u00fcnasib\u0259til\u0259 Sizi Amerikan\u0131n Xarici Siyas\u0259ti \u00fczr\u0259 Milli Komit\u0259nin ad\u0131ndan \u0259n xo\u015f arzularla t\u0259brik edir\u0259m. Ba\u015f ofisi Bak\u0131da yerl\u0259\u015f\u0259n Nizami G\u0259nc\u0259vi Beyn\u0259lxalq M\u0259rk\u0259zi il\u0259 t\u0259r\u0259fda\u015fl\u0131\u011f\u0131m\u0131zdan bilirik ki, Siz bu M\u0259rk\u0259zin missiyas\u0131na davaml\u0131 olaraq d\u0259st\u0259k g\u00f6st\u0259rirsiniz. Bu missiyaya d\u0259st\u0259k verilm\u0259sin\u0259 biz d\u0259 qo\u015fulur, M\u0259rk\u0259zin s\u00fclh v\u0259 m\u00fcnaqi\u015f\u0259l\u0259rin h\u0259lli il\u0259 ba\u011fl\u0131 f\u0259aliyy\u0259tin\u0259 sadiqliyinizi alq\u0131\u015flay\u0131r\u0131q. Do\u011fum g\u00fcn\u00fcn\u00fcz m\u00fcnasib\u0259til\u0259 Sizi bir daha t\u0259brik&hellip;<\/p>\n","protected":false},"author":2,"featured_media":258818,"comment_status":"closed","ping_status":"closed","sticky":false,"template":"","format":"standard","meta":{"om_disable_all_campaigns":false,"_monsterinsights_skip_tracking":false,"_monsterinsights_sitenote_active":false,"_monsterinsights_sitenote_note":"","_monsterinsights_sitenote_category":0},"categories":[4],"tags":[],"aioseo_notices":[],"gutentor_comment":0,"rttpg_featured_image_url":{"full":["https:\/\/arantv.az\/wp-content\/uploads\/2020\/12\/ilham-aliyev-3.jpg",598,465,false],"landscape":["https:\/\/arantv.az\/wp-content\/uploads\/2020\/12\/ilham-aliyev-3.jpg",598,465,false],"portraits":["https:\/\/arantv.az\/wp-content\/uploads\/2020\/12\/ilham-aliyev-3.jpg",598,465,false],"thumbnail":["https:\/\/arantv.az\/wp-content\/uploads\/2020\/12\/ilham-aliyev-3-150x150.jpg",150,150,true],"medium":["https:\/\/arantv.az\/wp-content\/uploads\/2020\/12\/ilham-aliyev-3-300x233.jpg",300,233,true],"large":["https:\/\/arantv.az\/wp-content\/uploads\/2020\/12\/ilham-aliyev-3.jpg",598,465,false],"1536x1536":["https:\/\/arantv.az\/wp-content\/uploads\/2020\/12\/ilham-aliyev-3.jpg",598,465,false],"2048x2048":["https:\/\/arantv.az\/wp-content\/uploads\/2020\/12\/ilham-aliyev-3.jpg",598,465,false],"post-thumbnail":["https:\/\/arantv.az\/wp-content\/uploads\/2020\/12\/ilham-aliyev-3-240x172.jpg",240,172,true],"advps-thumb-one":["https:\/\/arantv.az\/wp-content\/uploads\/2020\/12\/ilham-aliyev-3.jpg",598,465,false]},"rttpg_author":{"display_name":"V\u00fcsal Rafiqo\u011flu","author_link":"https:\/\/arantv.az\/?author=2"},"rttpg_comment":0,"rttpg_category":"<a href=\"https:\/\/arantv.az\/?cat=4\" rel=\"category\">Siyas\u0259t<\/a>","rttpg_excerpt":"Amerikan\u0131n Xarici Siyas\u0259ti \u00fczr\u0259 Milli Komit\u0259nin Prezidenti v\u0259 ba\u015f icra\u00e7\u0131 direktoru S\u0259fir Syuzan Eliot Prezident \u0130lham \u018fliyevi do\u011fum g\u00fcn\u00fc m\u00fcnasib\u0259til\u0259 t\u0259brik edib. AZ\u018fRTAC-\u0131n yay\u0131mlad\u0131\u011f\u0131 t\u0259brik m\u0259tnind\u0259 deyilir: \u201cH\u00f6rm\u0259tli Prezident \u018fliyev. Do\u011fum g\u00fcn\u00fcn\u00fcz m\u00fcnasib\u0259til\u0259 Sizi Amerikan\u0131n Xarici Siyas\u0259ti \u00fczr\u0259 Milli Komit\u0259nin ad\u0131ndan \u0259n xo\u015f arzularla t\u0259brik edir\u0259m. Ba\u015f ofisi Bak\u0131da yerl\u0259\u015f\u0259n Nizami G\u0259nc\u0259vi Beyn\u0259lxalq M\u0259rk\u0259zi il\u0259&hellip;","_links":{"self":[{"href":"https:\/\/arantv.az\/index.php?rest_route=\/wp\/v2\/posts\/258817"}],"collection":[{"href":"https:\/\/arantv.az\/index.php?rest_route=\/wp\/v2\/posts"}],"about":[{"href":"https:\/\/arantv.az\/index.php?rest_route=\/wp\/v2\/types\/post"}],"author":[{"embeddable":true,"href":"https:\/\/arantv.az\/index.php?rest_route=\/wp\/v2\/users\/2"}],"replies":[{"embeddable":true,"href":"https:\/\/arantv.az\/index.php?rest_route=%2Fwp%2Fv2%2Fcomments&post=258817"}],"version-history":[{"count":0,"href":"https:\/\/arantv.az\/index.php?rest_route=\/wp\/v2\/posts\/258817\/revisions"}],"wp:featuredmedia":[{"embeddable":true,"href":"https:\/\/arantv.az\/index.php?rest_route=\/wp\/v2\/media\/258818"}],"wp:attachment":[{"href":"https:\/\/arantv.az\/index.php?rest_route=%2Fwp%2Fv2%2Fmedia&parent=258817"}],"wp:term":[{"taxonomy":"category","embeddable":true,"href":"https:\/\/arantv.az\/index.php?rest_route=%2Fwp%2Fv2%2Fcategories&post=258817"},{"taxonomy":"post_tag","embeddable":true,"href":"https:\/\/arantv.az\/index.php?rest_route=%2Fwp%2Fv2%2Ftags&post=258817"}],"curies":[{"name":"wp","href":"https:\/\/api.w.org\/{rel}","templated":true}]}}