{"id":258821,"date":"2020-12-23T16:15:33","date_gmt":"2020-12-23T13:15:33","guid":{"rendered":"http:\/\/arantv.az\/?p=258821"},"modified":"2020-12-23T16:15:33","modified_gmt":"2020-12-23T13:15:33","slug":"17-ilin-m%c9%99nz%c9%99r%c9%99si-az%c9%99rbaycan-yeni-realliqlar-yaratdi","status":"publish","type":"post","link":"https:\/\/arantv.az\/?p=258821","title":{"rendered":"17 ilin m\u0259nz\u0259r\u0259si: Az\u0259rbaycan yeni reall\u0131qlar yaratd\u0131"},"content":{"rendered":"<p><strong>D\u00f6vl\u0259timizin ba\u015f\u00e7\u0131s\u0131 \u0130lham \u018fliyevin son 17 ild\u0259 u\u011furla h\u0259yata ke\u00e7irdiyi\u00a0 d\u00fc\u015f\u00fcn\u00fclm\u00fc\u015f v\u0259 m\u0259qs\u0259dy\u00f6nl\u00fc siyas\u0259t n\u0259tic\u0259sind\u0259 \u0259razi b\u00fct\u00f6vl\u00fcy\u00fcm\u00fcz b\u0259rpa edildi, BMT T\u0259hl\u00fck\u0259sizlik \u015euras\u0131n\u0131n q\u0259rar v\u0259 q\u0259tnam\u0259l\u0259ri icra olundu \u00a0<\/strong><\/p>\n<p>Son 17 il\u00a0 Az\u0259rbaycan tarixin\u0259 biri-birind\u0259n \u0259h\u0259miyy\u0259tli u\u011furlar yazd\u0131. Bunlar\u0131n \u00fcmumil\u0259\u015fdirilmi\u015f ifad\u0259si is\u0259 Az\u0259rbaycan\u0131n Z\u0259f\u0259r G\u00fcn\u00fcd\u00fcr. T\u0259bii ki, h\u0259r bir m\u00fch\u00fcm hadis\u0259 onu \u015f\u0259rtl\u0259ndir\u0259n amill\u0259ri bir daha n\u0259z\u0259rd\u0259n ke\u00e7irm\u0259yi z\u0259rur\u0259t kimi ortaya qoyur. Son 17 ild\u0259 ulu \u00f6nd\u0259r Heyd\u0259r \u018fliyevin siyasi kursunu b\u00fct\u00fcn istiqam\u0259tl\u0259rd\u0259 u\u011furla davam etdir\u0259n Prezident \u0130lham \u018fliyevin d\u00f6vl\u0259t v\u0259 xalq \u00fc\u00e7\u00fcn xidm\u0259tl\u0259rini bir yaz\u0131 \u00e7\u0259r\u00e7iv\u0259sind\u0259 \u0259hat\u0259 etm\u0259k qeyri-m\u00fcmk\u00fcnd\u00fcr. 44 g\u00fcnd\u0259 44 il dan\u0131\u015f\u0131lacaq tarix yaz\u0131l\u0131bsa, 17 ilin u\u011furlar\u0131n\u0131 bir yaz\u0131da t\u0259hlil etm\u0259yin m\u00fcmk\u00fcns\u00fczl\u00fcy\u00fc ayd\u0131n g\u00f6r\u00fcn\u00fcr. \u018fsas olan budur ki, c\u0259nab \u0130lham \u018fliyev ulu \u00f6nd\u0259r Heyd\u0259r \u018fliyevin \u015fah \u0259s\u0259ri olan Az\u0259rbaycana \u0259n y\u00fcks\u0259k zirv\u0259l\u0259ri f\u0259th etdirir. \u0130mzalar\u0131n aras\u0131nda imzas\u0131n\u0131 g\u00f6rm\u0259kd\u0259n q\u00fcr\u00fcr duydu\u011fumuz Az\u0259rbaycan\u0131n bu g\u00fcn \u00fc\u00e7r\u0259ngli bayra\u011f\u0131n\u0131n i\u015f\u011faldan azad olunmu\u015f torpaqlar\u0131m\u0131zda dal\u011falanmas\u0131 \u0259razi b\u00fct\u00f6vl\u00fcy\u00fcm\u00fcz\u00fcn b\u0259rpa olunmas\u0131n\u0131n, BMT T\u0259hl\u00fck\u0259sizlik \u015euras\u0131n\u0131n q\u0259rar v\u0259 q\u0259tnam\u0259l\u0259rinin icras\u0131n\u0131n t\u0259qdimat\u0131d\u0131r.<\/p>\n<p>44 g\u00fcn davam ed\u0259n v\u0259 Az\u0259rbaycan\u0131n q\u0259l\u0259b\u0259si il\u0259 ba\u015fa \u00e7atan \u0130kinci Qaraba\u011f m\u00fcharib\u0259si bir \u00e7ox m\u0259qamlara i\u015f\u0131q sald\u0131. Bir daha\u00a0 t\u0259sdiql\u0259ndi ki, d\u00fcnya ikili standartlardan yaxa qurtara bilmir, \u0259dal\u0259t meyar\u0131 zamana v\u0259 m\u0259kana g\u00f6r\u0259 t\u0259tbiq edil\u0259r\u0259k, maraqlar\u0131n arxas\u0131nda \u0259riyir, \u00f6lk\u0259l\u0259r aras\u0131nda\u00a0 m\u00fcnasib\u0259tl\u0259rd\u0259 \u00ab\u0259b\u0259di dost yox, \u0259b\u0259di maraqlar\u00bb prinsipi \u0259sas g\u00f6t\u00fcr\u00fcl\u00fcr, \u0259n \u0259sas\u0131 d\u0259yi\u015f\u0259n d\u00fcnyada g\u00fcc amili \u00f6nd\u0259 dayan\u0131r. Az\u0259rbaycan b\u00fct\u00fcn hallarda beyn\u0259lxalq h\u00fcququn norma v\u0259 prinsipl\u0259rini \u0259sas g\u00f6t\u00fcr\u00fcr, 30 il\u0259 yax\u0131n m\u00fcdd\u0259td\u0259 \u00a0Erm\u0259nistan-Az\u0259rbaycan Da\u011fl\u0131q Qaraba\u011f\u00a0 m\u00fcnaqi\u015f\u0259sinin Az\u0259rbaycan\u0131n \u0259razi b\u00fct\u00f6vl\u00fcy\u00fc \u00e7\u0259r\u00e7iv\u0259sind\u0259 h\u0259llin\u0259 nail olmaq \u00fc\u00e7\u00fcn ist\u0259r dan\u0131\u015f\u0131qlar yolu il\u0259, ist\u0259rs\u0259 d\u0259\u00a0 iqtisadi imkanlara s\u00f6yk\u0259n\u0259r\u0259k ordumuzun maddi-texniki bazas\u0131n\u0131 m\u00f6hk\u0259ml\u0259ndir\u0259r\u0259k laz\u0131m g\u0259l\u0259rs\u0259,\u00a0 h\u0259rb meydan\u0131nda m\u00fcbariz\u0259y\u0259 haz\u0131rl\u0131q h\u0259yata ke\u00e7irdi. D\u00f6vl\u0259timizin ba\u015f\u00e7\u0131s\u0131 \u0130lham \u018fliyev xalqa m\u00fcraci\u0259tl\u0259rind\u0259 daim \u00a0bu m\u0259qama diqq\u0259t y\u00f6n\u0259ldirdi ki,\u00a0 d\u00fcnya d\u0259yi\u015fir, m\u00fcnasib\u0259tl\u0259r d\u0259yi\u015fir, beyn\u0259lxalq h\u00fcquq i\u015fl\u0259mir, g\u00fcc amili \u00f6n\u0259 \u00e7\u0131x\u0131r, \u201ckim g\u00fccl\u00fcd\u00fcr o da haql\u0131d\u0131r\u201d prinsipi \u00fcst\u00fcnl\u00fck t\u0259\u015fkil edir: \u00abB\u00fct\u00fcn bunlar\u0131 m\u0259nim \u00e7\u0131x\u0131\u015flar\u0131mda g\u00f6rm\u0259k olar. \u00c7\u00fcnki m\u0259n beyn\u0259lxalq v\u0259ziyy\u0259ti d\u00fczg\u00fcn t\u0259hlil etmi\u015f\u0259m. Dem\u0259k ist\u0259mir\u0259m ki, biz d\u0259 bu yolla ged\u0259k. Yox. Bizim yolumuz \u0259dal\u0259t yoludur v\u0259 beyn\u0259lxalq h\u00fcquq yoludur. Biz beyn\u0259lxalq h\u00fcququn k\u0259nar\u0131nda bir i\u015f g\u00f6rm\u0259mi\u015fik. Ancaq demi\u015f\u0259m ki, g\u00fcc amili \u00f6n plana \u00e7\u0131x\u0131r v\u0259 biz buna haz\u0131r olmal\u0131y\u0131q v\u0259 haz\u0131rl\u0131q i\u015fl\u0259ri gedirdi, b\u00fct\u00fcn bu ill\u0259r \u0259rzind\u0259, h\u0259m iqtisadi sah\u0259d\u0259, h\u0259m beyn\u0259lxalq m\u00fcnasib\u0259tl\u0259r sah\u0259sind\u0259, ilk n\u00f6vb\u0259d\u0259, ordu quruculu\u011fu sah\u0259sind\u0259. Bu g\u00fcc\u00fc toplad\u0131q, laz\u0131m olan anda vurduq, \u0259zdik d\u00fc\u015fm\u0259nin ba\u015f\u0131n\u0131. El\u0259 \u0259zdik ki, onu \u0259b\u0259di yadda saxlayacaq, \u0259b\u0259di. O dam\u011fan\u0131 vurduq. Az\u0259rbaycan xalq\u0131 m\u00fcz\u0259ff\u0259r xalqd\u0131r. Az\u0259rbaycan Ordusu m\u00fcz\u0259ff\u0259r ordudur. Biz d\u00f6y\u00fc\u015f meydan\u0131nda q\u0259l\u0259b\u0259 qazanm\u0131\u015f\u0131q, siyasi m\u00fcst\u0259vid\u0259 q\u0259l\u0259b\u0259 qazanm\u0131\u015f\u0131q, torpaqlar\u0131m\u0131z\u0131 i\u015f\u011fal\u00e7\u0131lardan azad etmi\u015fik.\u00bb<\/p>\n<p>H\u0259r zaman qeyd etdiyimiz bu reall\u0131\u011f\u0131 bir daha qeyd etm\u0259k ist\u0259rdik ki, Az\u0259rbaycan Ordusu g\u00fcc\u00fc, q\u00fcdr\u0259ti say\u0259sind\u0259\u00a0 beyn\u0259lxalq h\u00fcququn m\u00f6vcudlu\u011funu b\u00fct\u00fcn apar\u0131c\u0131 d\u00f6vl\u0259tl\u0259r\u0259, n\u00fcfuzlu beyn\u0259lxalq t\u0259\u015fkilatlara \u00e7atd\u0131rd\u0131. Az\u0259rbaycan yeni reall\u0131qlar yaratd\u0131. O reall\u0131qlar\u0131 ki, erm\u0259ni yalanlar\u0131, mifi da\u011f\u0131d\u0131ld\u0131, d\u00fcnyaya g\u00f6st\u0259rildi ki, yenilm\u0259z ordu Az\u0259rbaycan Ordusu, m\u0259\u011flubedilm\u0259z xalq Az\u0259rbaycan xalq\u0131d\u0131r. Az\u0259rbaycan \u0259dal\u0259ti, haqq\u0131 b\u0259rpa ed\u0259r\u0259k d\u00fcnyaya s\u00f6z\u00fcn \u0259sl m\u0259nas\u0131nda tarix, h\u00fcquq d\u0259rsi ke\u00e7di. H\u0259l\u0259 d\u0259 bu g\u00fcn\u0259 q\u0259d\u0259r Erm\u0259nistana d\u0259st\u0259kl\u0259rind\u0259n \u0259l \u00e7\u0259km\u0259y\u0259n d\u00f6vl\u0259tl\u0259r reall\u0131qda n\u0259 q\u0259d\u0259r yanl\u0131\u015f olduqlar\u0131n\u0131n f\u0259rqind\u0259dirl\u0259r. Da\u011fl\u0131q Qaraba\u011f\u0131n Az\u0259rbaycan\u0131n ayr\u0131lmaz t\u0259rkib\u00a0 hiss\u0259si oldu\u011fu BMT T\u0259hl\u00fck\u0259sizlik \u015euras\u0131n\u0131n q\u0259bul etdiyi 4 q\u0259tnam\u0259d\u0259 \u00f6z \u0259ksini tap\u0131b ki, bu s\u0259n\u0259dl\u0259rin d\u0259 q\u0259bulunda AB\u015e, Fransa v\u0259 Rusiya qurumun daimi \u00fczvl\u0259ri kimi i\u015ftirak edibl\u0259r. Dem\u0259k, m\u00fcnaqi\u015f\u0259nin h\u0259lli prosesinin\u00a0 30 il\u0259 q\u0259d\u0259r uzanmas\u0131nda i\u015f\u011fal\u00e7\u0131 Erm\u0259nistanla yana\u015f\u0131, problemin h\u0259llind\u0259 vasit\u0259\u00e7ilik missiyas\u0131n\u0131 yerin\u0259 yetir\u0259n AT\u018fT-in Minsk qrupunun h\u0259ms\u0259drl\u0259ri d\u0259 az m\u0259suliyy\u0259t da\u015f\u0131m\u0131rlar. Bu g\u00fcn d\u00f6vl\u0259timizin q\u0259tiyy\u0259ti,\u00a0 Az\u0259rbaycan Ordusunun g\u00fcc\u00fc, q\u00fcdr\u0259ti il\u0259 yana\u015f\u0131, Rusiyan\u0131n v\u0259 T\u00fcrkiy\u0259nin d\u0259\u00a0 birg\u0259 s\u0259yl\u0259ri n\u0259tic\u0259sind\u0259 10 noyabr raz\u0131la\u015fmas\u0131n\u0131n \u0259ld\u0259 olunmas\u0131 AT\u018fT-in Minsk qrupunun dig\u0259r h\u0259ms\u0259drl\u0259ri-Fransa v\u0259 AB\u015e-\u0131 incik sal\u0131b. D\u00f6vl\u0259timizin ba\u015f\u00e7\u0131s\u0131 \u0130lham \u018fliyev\u00a0 Rusiyan\u0131n xarici i\u015fl\u0259r naziri Sergey Lavrovu q\u0259bul ed\u0259rk\u0259n\u00a0 bu m\u0259s\u0259l\u0259y\u0259 x\u00fcsusi diqq\u0259t y\u00f6n\u0259ld\u0259r\u0259k bildirmi\u015fdir ki,\u00a0 B\u0259yanat\u0131n b\u0259ndl\u0259rinin haz\u0131rlanmas\u0131nda birba\u015fa i\u015ftirak etm\u0259y\u0259n Minsk qrupunun dig\u0259r \u00fczvl\u0259ri gec d\u0259 olsa, B\u0259yanat\u0131n m\u0259tnin\u0259 \u00f6z m\u00fcnasib\u0259tl\u0259rini, m\u00fcsb\u0259t m\u00fcnasib\u0259tl\u0259rini bildiribl\u0259r: \u00ab\u018flb\u0259tt\u0259, biz haql\u0131 olaraq onlardan daha operativ reaksiya g\u00f6zl\u0259yirdik. Lakin g\u00f6r\u00fcn\u00fcr, onlar\u0131n \u00f6z m\u00f6vqel\u0259rini haz\u0131rlama\u011fa imkan verm\u0259y\u0259n m\u00fc\u0259yy\u0259n amill\u0259r olub. Amma nec\u0259 dey\u0259rl\u0259r, he\u00e7 vaxt olmamaqdansa, gec olmaq yax\u015f\u0131d\u0131r. M\u0259n bilir\u0259m ki, Moskvada AT\u018fT-in Minsk qrupunun n\u00fcmay\u0259nd\u0259l\u0259rinin g\u00f6r\u00fc\u015f\u00fc ke\u00e7irilib. G\u00fcman edir\u0259m ki, onlar\u0131n bu b\u0259yanata m\u00fcsb\u0259t yana\u015fmas\u0131 da t\u0259hl\u00fck\u0259sizlik t\u0259dbirl\u0259rinin m\u00f6hk\u0259ml\u0259nm\u0259si v\u0259 uzunm\u00fcdd\u0259tli s\u00fclh\u00fcn b\u0259rq\u0259rar olmas\u0131 i\u015find\u0259 m\u00fch\u00fcm rol oynayacaq.\u00bb C\u0259nab \u0130lham \u018fliyev, eyni zamanda, bildirmi\u015fdir ki, Rusiya Federasiyas\u0131n\u0131n Prezidentinin m\u00f6vqeyin\u0259 tamamil\u0259 \u015f\u0259rik\u0259m. O, b\u0259yan edib ki, bundan sonra \u201cDa\u011fl\u0131q Qaraba\u011f m\u00fcnaqi\u015f\u0259si\u201d s\u00f6z birl\u0259\u015fm\u0259sini daha e\u015fitm\u0259y\u0259c\u0259yin\u0259 \u00fcmid edir. M\u0259n d\u0259 bunu daha e\u015fitm\u0259y\u0259c\u0259yim\u0259 \u00fcmid edir\u0259m. \u00dcmid edir\u0259m ki, Da\u011fl\u0131q Qaraba\u011f bar\u0259d\u0259 dan\u0131\u015fanda yaln\u0131z inki\u015fafla, m\u00fcharib\u0259nin n\u0259tic\u0259l\u0259rinin aradan qald\u0131r\u0131lmas\u0131 v\u0259 vaxtil\u0259 \u00f6z aralar\u0131nda d\u00fc\u015fm\u0259n\u00e7ilik etmi\u015f \u00f6lk\u0259l\u0259rin bar\u0131\u015fmas\u0131 il\u0259 ba\u011fl\u0131 x\u0259b\u0259rl\u0259r e\u015fid\u0259c\u0259yik.<\/p>\n<p>\u018fvv\u0259ld\u0259 d\u0259 qeyd etdiyimiz kimi, Az\u0259rbaycan yeni reall\u0131qlar yaratd\u0131.\u00a0 M\u00fcasir d\u00f6vrd\u0259 qloballa\u015fma prosesl\u0259ri h\u0259r \u015feyd\u0259n \u0259vv\u0259l beyn\u0259lxalq m\u00fcnasib\u0259tl\u0259rin m\u00f6hk\u0259ml\u0259nm\u0259si, \u00f6lk\u0259l\u0259r aras\u0131nda \u0259laq\u0259l\u0259rin geni\u015fl\u0259nm\u0259si, ayr\u0131-ayr\u0131 xalqlar\u0131n m\u0259d\u0259niyy\u0259tind\u0259 \u00fcmumi elementl\u0259rin artmas\u0131 il\u0259 s\u0259ciyy\u0259l\u0259nir. Bu kimi yax\u0131nla\u015fmalar t\u0259bii ki, beyn\u0259lxalq h\u00fcquq normalar\u0131n\u0131n, eyni zamanda, demokratik d\u0259y\u0259rl\u0259rin \u00f6nd\u0259 saxlan\u0131lmas\u0131n\u0131 bir z\u0259rur\u0259t\u0259 \u00e7evirir. Bizl\u0259r\u0259 b\u0259lli, amma d\u00fcnyaya \u201csirr\u201d olan bu sual\u0131n \u0259n d\u00fczg\u00fcn cavab\u0131 son hadis\u0259l\u0259rin gedi\u015find\u0259 b\u00fct\u00fcn t\u0259fsilat\u0131 il\u0259 a\u00e7\u0131qland\u0131. Bir daha t\u0259sdiq olundu ki, \u00a0d\u00fcnya n\u0259\u00a0 q\u0259d\u0259r ki, \u00a0h\u00fcquq problemini ya\u015fay\u0131r, maraqlar \u0259dal\u0259ti \u00fcst\u0259l\u0259yir, bu kimi yana\u015fmalar davaml\u0131 olacaq.<\/p>\n<p>Az\u0259rbaycan\u0131n xarici siyas\u0259tind\u0259 Q\u0259rb v\u0259 Avropa istiqam\u0259tinin x\u00fcsusi yeri vard\u0131r. Avropa \u0130ttifaq\u0131na \u00fczv olan b\u00f6y\u00fck v\u0259 n\u00fcfuzlu d\u00f6vl\u0259tl\u0259rl\u0259 qar\u015f\u0131l\u0131ql\u0131 \u0259m\u0259kda\u015fl\u0131q daim inki\u015faf etdirilir. Avropa \u0130ttifaq\u0131 il\u0259 m\u00fcnasib\u0259tl\u0259rin sa\u011flam t\u0259m\u0259l \u0259sas\u0131nda qurulmas\u0131n\u0131n n\u0259tic\u0259sidir ki, \u00f6lk\u0259miz haz\u0131rda bu t\u0259\u015fkilat\u0131n bir \u00e7ox proqramlar\u0131nda f\u0259al i\u015ftirak edir. Az\u0259rbaycan Avropa \u0130ttifaq\u0131n\u0131n m\u00fch\u00fcm t\u0259r\u0259fda\u015f\u0131 kimi q\u0259bul olunur. 2018-ci ild\u0259 imzalanan \u00abT\u0259r\u0259fda\u015fl\u0131q prioritetl\u0259ri\u00bb adl\u0131 s\u0259n\u0259d b\u00fct\u00fcn sah\u0259l\u0259rd\u0259 m\u00f6vcud durumu \u00f6z\u00fcnd\u0259 ehtiva edir. \u00a0Az\u0259rbaycan d\u00f6vl\u0259tinin xarici siyas\u0259tind\u0259 bu prinsip \u0259sas yer tutur ki, b\u00f6y\u00fckl\u00fcy\u00fcnd\u0259n, ki\u00e7ikliyind\u0259n as\u0131l\u0131 olmayaraq, b\u00fct\u00fcn d\u00f6vl\u0259tl\u0259rl\u0259 b\u0259rab\u0259rh\u00fcquqlu, qar\u015f\u0131l\u0131ql\u0131 h\u00f6rm\u0259t v\u0259 maraqlar prinsipi \u0259sas\u0131nda m\u00fcnasib\u0259tl\u0259r qurulur v\u0259 inki\u015faf etdirilir. \u018fn \u0259sas\u0131, Az\u0259rbaycan he\u00e7 bir d\u00f6vl\u0259tin daxili i\u015fin\u0259 m\u00fcdaxil\u0259 etmir, eyni zamanda, \u00f6z daxili i\u015fin\u0259 m\u00fcdaxil\u0259ni yolverilm\u0259z hesab edir. C\u0259nab \u00a0\u0130lham \u018fliyevin Prezident kimi \u00a0AB\u015e-a ilk s\u0259f\u0259ri zaman\u0131 jurnalistin \u201cSiz AB\u015e qar\u015f\u0131s\u0131nda hans\u0131 \u00f6hd\u0259liyi g\u00f6t\u00fcrm\u00fcs\u00fcn\u00fcz\u201d sual\u0131na cavab\u0131n\u0131 xat\u0131rlatmaq bug\u00fcn\u00fcm\u00fcz \u00fc\u00e7\u00fcn d\u0259 aktuald\u0131r. \u00d6lk\u0259 Prezidenti bildirmi\u015fdi ki, Az\u0259rbaycan\u0131n he\u00e7 bir d\u00f6vl\u0259t qar\u015f\u0131s\u0131nda \u00f6hd\u0259liyi yoxdur. \u018flaq\u0259l\u0259rimizi qar\u015f\u0131l\u0131ql\u0131 h\u00f6rm\u0259t v\u0259 maraqlar prinsipi \u0259sas\u0131nda inki\u015faf etdiririk.<\/p>\n<p>Sentyabr\u0131n 27-d\u0259n ba\u015flayaraq 44 g\u00fcn davam ed\u0259n \u0130kinci Qaraba\u011f m\u00fcharib\u0259si\u00a0 i\u015f\u011fal alt\u0131nda olan torpaqlar\u0131m\u0131z\u0131n azad olunmas\u0131 sevincini\u00a0 ya\u015fatmaqla yana\u015f\u0131, eyni zamanda, 30 ild\u0259 ka\u011f\u0131z \u00fcz\u0259rind\u0259 qalan b\u0259yanatlar\u0131n sad\u0259c\u0259 s\u00f6z olaraq deyildiyini t\u0259sdiql\u0259di. \u00a0Erm\u0259nistan\u0131n ba\u015f naziri Nikol Pa\u015finyan\u0131n BBC telekanal\u0131nda yay\u0131mlanan \u201cHARD Talk\u201d verili\u015find\u0259 suallar\u0131 cavabland\u0131rark\u0259n\u00a0 \u00f6z\u00fcn\u00fc nec\u0259\u00a0 biab\u0131r etdiyini xat\u0131rlayaq. \u00a0Erm\u0259nistan\u0131n ba\u015f naziri jurnalistin beyn\u0259lxalq h\u00fcquq normalar\u0131na istinad \u0259sas\u0131nda \u00fcnvanlad\u0131\u011f\u0131 suallar\u0131 cavabland\u0131rark\u0259n beyn\u0259lxalq h\u00fcququn norma v\u0259 prinsipl\u0259rinin m\u00f6vcudlu\u011fundan x\u0259b\u0259rsiz oldu\u011funu n\u00fcmayi\u015f etdirm\u0259kl\u0259 a\u00e7\u0131q-a\u015fkar bildirdi ki, bug\u00fcn\u0259d\u0259k t\u00f6r\u0259tdiyi t\u0259xribat \u0259m\u0259ll\u0259rin\u0259 g\u00f6r\u0259 he\u00e7 bir t\u0259zyiql\u0259 \u00fczl\u0259\u015fm\u0259m\u0259l\u0259ri dem\u0259k olar ki, d\u00fcnyada \u00fcmumiyy\u0259tl\u0259, \u00a0h\u00fcquq amilinin yoxlu\u011funa i\u015far\u0259dir. N.Pa\u015finyana bu etiraf\u0131ndan sonra da d\u00fcnya d\u00f6vl\u0259tl\u0259ri, n\u00fcfuzlu beyn\u0259lxalq t\u0259\u015fkilatlar \u00a0h\u0259r hans\u0131 t\u0259zyiq \u00a0g\u00f6st\u0259rm\u0259dis\u0259,\u00a0 art\u0131q bu, \u0259dal\u0259t meyar\u0131n\u0131n maraqlar\u0131n arxas\u0131nda s\u00fcr\u0259tl\u0259 \u0259ridiyin\u0259 \u015f\u00fcbh\u0259 yeri qoymad\u0131.<\/p>\n<p>D\u00f6vl\u0259timizin ba\u015f\u00e7\u0131s\u0131 \u0130lham \u018fliyev xalqa m\u00fcraci\u0259tl\u0259rind\u0259 d\u0259 bu m\u0259qam\u0131 x\u00fcsusi qeyd etmi\u015fdir ki, Az\u0259rbaycan\u0131n d\u00f6y\u00fc\u015f meydan\u0131ndak\u0131 q\u0259l\u0259b\u0259si siyasi m\u00fcst\u0259vid\u0259 q\u0259l\u0259b\u0259sini \u015f\u0259rtl\u0259ndirdi. \u00a0Baxmayaraq ki, Az\u0259rbaycan daim s\u00fclh dan\u0131\u015f\u0131qlar\u0131n\u0131n t\u0259r\u0259fdar\u0131 oldu\u011funu b\u0259yan edib. H\u0259tta m\u00fcharib\u0259nin davam etdiyi g\u00fcnl\u0259rd\u0259 d\u0259 c\u0259nab \u0130lham \u018fliyev Erm\u0259nistan t\u0259r\u0259fin ir\u0259li s\u00fcrd\u00fcy\u00fcm\u00fcz \u015f\u0259rtl\u0259ri q\u0259bul etdiyi t\u0259qdird\u0259 dan\u0131\u015f\u0131qlar masas\u0131 \u0259traf\u0131nda oturma\u011fa haz\u0131r\u0131q. Erm\u0259nistan\u0131n ba\u015f naziri Nikol Pa\u015finyan m\u00fcnaqi\u015f\u0259nin diplomatik h\u0259llinin m\u00fcmk\u00fcn olmad\u0131\u011f\u0131n\u0131 bildirs\u0259 d\u0259, Az\u0259rbaycan Ordusunun g\u00fcc\u00fc qar\u015f\u0131s\u0131nda diz \u00e7\u00f6k\u0259r\u0259k m\u0259lum \u00a0B\u0259yanat\u0131 imzalama\u011fa m\u0259cbur edildi. Bir m\u0259qam\u0131 da unutmayaq ki,\u00a0 i\u015f\u011fal\u00e7\u0131 d\u00f6vl\u0259tin siyas\u0259tind\u0259 qon\u015fu d\u00f6vl\u0259tl\u0259r\u0259 qar\u015f\u0131 \u0259sass\u0131z torpaq iddias\u0131, terroru d\u0259st\u0259kl\u0259m\u0259k kimi cinay\u0259t \u0259m\u0259ll\u0259ri \u0259sas yer tutursa v\u0259 d\u00fcnya buna g\u00f6z yumursa, r\u0259hb\u0259rlikd\u0259 ko\u00e7aryanlar\u0131n, sarkisyanlar\u0131n, pa\u015finyanlar\u0131n t\u0259msil olunmas\u0131ndan as\u0131l\u0131 olmayaraq, daim beyn\u0259lxalq h\u00fcququn norma v\u0259 prinsipl\u0259ri kobud \u015f\u0259kild\u0259 pozulacaq, i\u015f\u011fal\u00e7\u0131 Erm\u0259nistan utanmadan guya haql\u0131 oldu\u011funu b\u0259yan ed\u0259c\u0259k, ona d\u0259st\u0259k fonunda beyn\u0259lxalq t\u0259\u015fkilatlar\u0131n, b\u00f6y\u00fck d\u00f6vl\u0259tl\u0259rin m\u00f6vqeyin\u0259 inams\u0131zl\u0131q yaranacaq, bir s\u00f6zl\u0259, \u0259dal\u0259t meyar\u0131 \u00f6z\u00fc-\u00f6zl\u00fcy\u00fcnd\u0259 b\u00fct\u00fcn \u00f6lk\u0259l\u0259r\u0259 demokratiya d\u0259rsi ke\u00e7\u0259n d\u00f6vl\u0259tl\u0259rin maraqlar\u0131na uy\u011fun olaraq v\u0259 onlar\u0131n i\u015ftirak\u0131 il\u0259 \u0259riy\u0259c\u0259k. Az\u0259rbaycan n\u0259inki b\u00f6lg\u0259ni, eyni zamanda, regionu erm\u0259ni fa\u015fizmind\u0259n xilas etdi.<\/p>\n<p>\u0130\u015f\u011fal\u00e7\u0131 d\u00f6vl\u0259td\u0259 haz\u0131rda t\u0259kc\u0259 pandemiya b\u00f6hran\u0131 deyil, h\u0259m d\u0259 siyasi b\u00f6hran ya\u015fan\u0131r.\u00a0 \u00abBizim q\u0259l\u0259b\u0259miz art\u0131q Erm\u0259nistanda b\u00f6y\u00fck probleml\u0259r yaratd\u0131\u00bb s\u00f6yl\u0259y\u0259n d\u00f6vl\u0259timizin ba\u015f\u00e7\u0131s\u0131 \u0130lham \u018fliyev bildirir ki, amma bax\u0131n beyn\u0259lxalq t\u0259\u015fkilatlar\u0131n buna reaksiyas\u0131 n\u0259dir? Varm\u0131 reaksiya? Yoxdur. Erm\u0259nistanda g\u00fcnd\u0259 hans\u0131sa m\u00fcxalif\u0259t lideri h\u0259bs olunur, \u00f6z\u00fc d\u0259 tamamil\u0259 \u0259sass\u0131z. Bir Q\u0259rb \u00f6lk\u0259si buna reaksiya veribmi? Yox.\u00a0 \u018fsas m\u00fcxalif\u0259t partiyalar\u0131n\u0131n r\u0259hb\u0259rl\u0259ri h\u0259bs olunub. Bir n\u0259f\u0259r d\u0259 s\u00f6z demir. Avropa \u015euras\u0131 haradasan? Az\u0259rbaycana xor g\u00f6zl\u0259 baxan, bizi qaralama\u011fa \u00e7al\u0131\u015fan, haradasan Avropa \u015euras\u0131, niy\u0259 susursan? Avropa Parlamenti Az\u0259rbaycana qar\u015f\u0131 10-dan \u00e7ox eyb\u0259c\u0259r, yalan \u00fcz\u0259rind\u0259 qurulmu\u015f q\u0259tnam\u0259 q\u0259bul edib. \u00d6z\u00fcn\u00fc guya d\u00fcnyan\u0131n demokratiya m\u0259rk\u0259zi sayan Avropa Parlamenti niy\u0259 susursan? M\u00fcnt\u0259z\u0259m olaraq biz\u0259 qar\u015f\u0131 \u00e7irkin kampaniya aparan qeyri-h\u00f6kum\u0259t t\u0259\u015fkilatlar\u0131, niy\u0259 susursunuz, niy\u0259 s\u00f6z demirsiniz?<\/p>\n<p>T\u0259bii ki, beyn\u0259lxalq t\u0259\u015fkilatlara \u00fcnvanlanan bu kimi suallar \u00e7oxsayl\u0131d\u0131r. Amma cavab eynidir. \u00c7\u00fcnki h\u0259r bir d\u00f6vl\u0259tin, beyn\u0259lxalq t\u0259\u015fkilat\u0131n ba\u015f ver\u0259n hadis\u0259l\u0259r\u0259 \u00f6z maraqlar\u0131 bax\u0131m\u0131ndan yana\u015fmas\u0131, bu \u00e7irkin niyy\u0259tl\u0259rinin h\u0259yata ke\u00e7irilm\u0259sind\u0259 Erm\u0259nistandan bir vasit\u0259 kimi b\u0259hr\u0259l\u0259nm\u0259l\u0259ri onlarda erm\u0259ni sevgisini yarad\u0131r. Bu bax\u0131mdan h\u0259qiq\u0259tl\u0259r n\u0259 q\u0259d\u0259r \u0259dal\u0259t\u0259 \u00e7a\u011f\u0131r\u0131\u015f ets\u0259 d\u0259, Erm\u0259nistan h\u0259min beyn\u0259lxalq t\u0259\u015fkilatlar\u0131n g\u00f6z\u00fcnd\u0259 \u00abazad, demokratik\u00bb \u00f6lk\u0259, Az\u0259rbaycan is\u0259 \u00abqeyri-demokratik\u00bb \u00f6lk\u0259dir.<\/p>\n<p>\u0130\u015f\u011fal\u00e7\u0131 Erm\u0259nistan h\u0259r zaman demokratik d\u0259y\u0259rl\u0259r\u0259, beyn\u0259lxalq h\u00fcququn norma v\u0259 prinsipl\u0259rin\u0259 h\u00f6rm\u0259tsizliyi il\u0259 diqq\u0259t \u00e7\u0259kir, d\u00fcnya is\u0259 susma\u011f\u0131nda davam edir. Amma d\u00fcnya unudur ki, bir cinay\u0259tin c\u0259zas\u0131z qalmas\u0131 dig\u0259r cinay\u0259t\u0259 yol a\u00e7\u0131r. Nec\u0259 ki, tarixin b\u00fct\u00fcn d\u00f6vrl\u0259rind\u0259 az\u0259rbaycanl\u0131lara v\u0259 t\u00fcrkl\u0259r\u0259 qar\u015f\u0131 soyq\u0131r\u0131m\u0131 v\u0259 deportasiya siyas\u0259ti h\u0259yata ke\u00e7ir\u0259n Erm\u0259nistana buna g\u00f6r\u0259 he\u00e7 bir t\u0259zyiq g\u00f6st\u0259rilm\u0259diyind\u0259n 1988-ci ild\u0259 \u0259sass\u0131z torpaq iddias\u0131n\u0131n n\u0259tic\u0259si olaraq Az\u0259rbaycan \u0259razil\u0259rinin 20 faizini\u00a0 i\u015f\u011fal etdi,\u00a0\u00a0 bir milyondan \u00e7ox soyda\u015f\u0131m\u0131z\u0131 \u00f6z do\u011fma yurd-yuvalar\u0131ndan did\u0259rgin sald\u0131, h\u0259m\u00e7inin qarda\u015f T\u00fcrkiy\u0259y\u0259 qar\u015f\u0131 \u0259sass\u0131z \u00aberm\u0259ni soyq\u0131r\u0131m\u0131\u00bb iddias\u0131n\u0131 ir\u0259li s\u00fcrd\u00fc. D\u00f6vl\u0259timizin ba\u015f\u00e7\u0131s\u0131 \u0130lham \u018fliyevin qeyd etdiyi kimi, \u00a0qon\u015fularla normal m\u00fcnasib\u0259t qura bilm\u0259y\u0259n \u00f6lk\u0259 nec\u0259 inki\u015faf ed\u0259 bil\u0259r?\u00a0 T\u00fcrkiy\u0259 kimi b\u00f6y\u00fck bir \u00f6lk\u0259y\u0259 qar\u015f\u0131 \u0259razi iddias\u0131 ir\u0259li s\u00fcrm\u0259k \u00f6z\u00fcn\u0259q\u0259sd dem\u0259kdir. Az\u0259rbaycana qar\u015f\u0131 \u0259razi iddias\u0131. Onlar bu iddian\u0131 m\u00fc\u0259yy\u0259n m\u00fcdd\u0259t \u0259rzind\u0259 realla\u015fd\u0131ra bilmi\u015fdil\u0259r.\u00a0 Hesab edirdil\u0259r ki,\u00a0 haql\u0131d\u0131r v\u0259 saxta tarix yarad\u0131rd\u0131lar: \u00ab\u0130ndi onlar b\u00fct\u00fcn ba\u015fqa \u00f6lk\u0259l\u0259rd\u0259n yard\u0131m g\u00f6zl\u0259yirl\u0259r. El\u0259 bil ki, b\u00fct\u00fcn d\u00fcnya bunlara borcludur. M\u00fcst\u0259qil \u00f6lk\u0259s\u0259n, m\u00fcst\u0259qil \u00f6lk\u0259 kimi ya\u015fa. M\u00fcst\u0259qil \u00f6lk\u0259 kimi ya\u015faya bilmirs\u0259n, get ba\u015fqa \u00f6lk\u0259nin t\u0259rkibin\u0259 gir. Endir o bayra\u011f\u0131 dir\u0259kd\u0259n, b\u00fck, qoy cibin\u0259, get ba\u015fqa \u00f6lk\u0259nin t\u0259rkibind\u0259 ya\u015fa. Onlar \u00f6zl\u0259ri \u00f6z b\u0259lalar\u0131n\u0131n s\u0259b\u0259bkarlar\u0131d\u0131r. Onlara vurulmu\u015f bu z\u0259rb\u0259, onlar\u0131n ba\u015f\u0131na g\u0259l\u0259n bu hadis\u0259l\u0259r b\u0259lk\u0259 d\u0259 onlar\u0131 ay\u0131ltd\u0131 ki, onlar normal \u00f6lk\u0259 kimi bundan sonra ya\u015faya bilsinl\u0259r, \u0259g\u0259r d\u00fczg\u00fcn se\u00e7im ets\u0259l\u0259r, \u0259g\u0259r qon\u015fularla m\u00fcnasib\u0259tl\u0259ri normalla\u015fd\u0131rsalar.\u00bb<\/p>\n<p>Az\u0259rbaycan \u00f6z \u0259razi b\u00fct\u00f6vl\u00fcy\u00fcn\u00fc b\u0259rpa etdi. Bundan sonra inki\u015faf yolunda\u00a0 daha s\u00fcr\u0259tl\u0259 ged\u0259c\u0259k. Az\u0259rbaycan Ordusunun g\u00fcc\u00fc say\u0259sind\u0259 i\u015f\u011faldan azad edilmi\u015f torpaqlar\u0131m\u0131zda, eyni zamanda,\u00a0\u00a0 10 noyabr B\u0259yanat\u0131na uy\u011fun olaraq geri qaytar\u0131lan A\u011fdamda, K\u0259lb\u0259c\u0259rd\u0259, La\u00e7\u0131nda \u00a0yeni h\u0259yat ba\u015flay\u0131r. Qaraba\u011f bizimdir, Qaraba\u011f Az\u0259rbaycand\u0131r! Art\u0131q Erm\u0259nistana 30 ild\u0259 havadarl\u0131q ed\u0259n d\u00f6vl\u0259tl\u0259r d\u0259 bu reall\u0131\u011f\u0131 t\u0259sdiql\u0259yir, \u00f6z b\u0259yanatlar\u0131nda Da\u011fl\u0131q Qaraba\u011f\u0131n Az\u0259rbaycan\u0131n ayr\u0131lmaz t\u0259rkib hiss\u0259si oldu\u011funu bildirirl\u0259r. Yalan t\u0259bli\u011fat, yaz\u0131lan saxta tarix he\u00e7 vaxt zaman\u0131n hakimliyini, tarixin yadda\u015f\u0131n\u0131 \u00fcst\u0259l\u0259m\u0259k imkan\u0131nda deyil.<\/p>\n<p>Az\u0259rbaycan d\u00f6vl\u0259timizin ba\u015f\u00e7\u0131s\u0131 \u0130lham \u018fliyevin q\u0259tiyy\u0259ti say\u0259sind\u0259 q\u0259hr\u0259manl\u0131q tariximizin \u015fanl\u0131 s\u0259hif\u0259sini yazd\u0131.\u00a0 Bu s\u0259hif\u0259nin yaz\u0131lmas\u0131nda Az\u0259rbaycan\u0131n xarici siyas\u0259t sah\u0259sind\u0259 qazand\u0131\u011f\u0131 u\u011furlardan, \u00f6lk\u0259mizin beyn\u0259lxalq m\u00fcnasib\u0259tl\u0259r sistemind\u0259 m\u00f6hk\u0259ml\u0259n\u0259n m\u00f6vqeyind\u0259n b\u0259hs ed\u0259rk\u0259n bu m\u0259qam\u0131 da x\u00fcsusi qeyd etm\u0259liyik ki, m\u00fcst\u0259qil siyas\u0259timizin, \u0259dal\u0259tli, beyn\u0259lxalq h\u00fcquqa \u0259saslanan m\u00f6vqeyimizin n\u0259tic\u0259si olaraq d\u00fcnyan\u0131n yeni xarici siyas\u0259ti n\u0259inki Az\u0259rbaycanda m\u00fczakir\u0259 olundu, 44 g\u00fcnl\u00fck m\u00fcharib\u0259nin gedi\u015find\u0259 tamamil\u0259 d\u0259yi\u015fdi. D\u00fcnya beyn\u0259lxalq h\u00fcquq normalar\u0131n\u0131n v\u0259 prinsipl\u0259rinin m\u00f6vcudlu\u011funu q\u0259bul etm\u0259y\u0259 m\u0259cbur oldu. Az\u0259rbaycan regionda yeni \u0259m\u0259kda\u015fl\u0131q format\u0131 yaratd\u0131. Bu format bug\u00fcn\u0259d\u0259k \u00fc\u00e7 v\u0259 d\u00f6rdt\u0259r\u0259fli idis\u0259, art\u0131q be\u015flik format\u0131na ke\u00e7di.\u00a0 \u0130\u015f\u011fal\u00e7\u0131\u00a0 Erm\u0259nistan\u0131n yeni \u0259m\u0259kda\u015fl\u0131q format\u0131nda i\u015ftirak\u0131 is\u0259 bu \u00f6lk\u0259nin siyasi irad\u0259sind\u0259n as\u0131l\u0131 olacaq.<\/p>\n<p>G\u00f6r\u00fcnd\u00fcy\u00fc kimi, son 17 ilin u\u011furlar\u0131 fonunda, \u0259n \u0259sas\u0131 c\u0259nab \u0130lham \u018fliyevin n\u0259yi n\u0259 zaman ed\u0259c\u0259yini m\u00fc\u0259yy\u0259nl\u0259\u015fdirm\u0259si \u0259sas\u0131nda\u00a0 ya\u015fad\u0131\u011f\u0131m\u0131z tarixi Q\u0259l\u0259b\u0259 qar\u015f\u0131dak\u0131 d\u00f6vr\u00fcn ayd\u0131n m\u0259nz\u0259r\u0259sini yarad\u0131r.\u00a0 Az\u0259rbaycan\u0131n xarici siyas\u0259ti a\u00e7\u0131q v\u0259 ayd\u0131n, \u00e7ox\u015fax\u0259li v\u0259 balansla\u015fd\u0131r\u0131lm\u0131\u015f siyas\u0259tdir. He\u00e7 bir d\u00f6vl\u0259tin daxili i\u015fin\u0259 m\u00fcdaxil\u0259 etm\u0259y\u0259n Az\u0259rbaycan \u00f6z daxili i\u015fin\u0259 d\u0259 m\u00fcdaxil\u0259ni yolverilm\u0259z hesab edir. Bu bax\u0131mdan h\u0259qiq\u0259t an\u0131 kimi d\u0259y\u0259rl\u0259ndiril\u0259n 44 g\u00fcnl\u00fck \u0130kinci Qaraba\u011f m\u00fcharib\u0259si kimin \u0259dal\u0259tin, kimin \u015f\u0259rin, kimin\u00a0 dostun, kimin d\u00fc\u015fm\u0259nin yan\u0131nda oldu\u011funu ortaya qoydu. \u018fsas olan budur ki, beyn\u0259lxalq m\u00fcnasib\u0259tl\u0259rd\u0259\u00a0 rol oynayan g\u00fcc amili il\u0259 yana\u015f\u0131, beyn\u0259lxalq h\u00fcquq da\u00a0 unudulmas\u0131n. Yaln\u0131z bu halda\u00a0 m\u00fcnasib\u0259tl\u0259rin u\u011furlu v\u0259 yeni prioritetl\u0259r \u00fczr\u0259 inki\u015faf\u0131ndan \u00fcr\u0259kl\u0259\u00a0 dan\u0131\u015fmaq m\u00fcmk\u00fcn olar. 44 g\u00fcnl\u00fck m\u00fcharib\u0259nin i\u015f\u0131q sald\u0131\u011f\u0131 \u0259sas m\u0259qamlardan biri m\u0259hz beyn\u0259lxalq h\u00fcququn qorunmas\u0131 \u00fc\u00e7\u00fcn\u00a0 q\u0259bul edil\u0259n q\u0259rar v\u0259 q\u0259tnam\u0259l\u0259rin laz\u0131m g\u0259ldikd\u0259 bir saat \u0259rzind\u0259 icras\u0131, maraqlara uy\u011fun olmad\u0131qda is\u0259 30 il t\u0259tbiqini g\u00f6zl\u0259m\u0259si oldu. Amma Az\u0259rbaycan yaratd\u0131\u011f\u0131 yeni reall\u0131qlarla, beyn\u0259lxalq h\u00fcquq normalar\u0131n\u0131 t\u0259tbiq etm\u0259kl\u0259 bir daha d\u00fcnyaya bug\u00fcn\u0259d\u0259k h\u00f6km s\u00fcr\u0259n yana\u015fman\u0131n yanl\u0131\u015fl\u0131\u011f\u0131n\u0131 g\u00f6st\u0259rdi.<\/p>\n<p><strong>Yegan\u0259 \u018fliyeva,\u00a0<\/strong><em>\u00ab\u0130ki sahil\u00bb<\/em><\/p>\n","protected":false},"excerpt":{"rendered":"<p>D\u00f6vl\u0259timizin ba\u015f\u00e7\u0131s\u0131 \u0130lham \u018fliyevin son 17 ild\u0259 u\u011furla h\u0259yata ke\u00e7irdiyi\u00a0 d\u00fc\u015f\u00fcn\u00fclm\u00fc\u015f v\u0259 m\u0259qs\u0259dy\u00f6nl\u00fc siyas\u0259t n\u0259tic\u0259sind\u0259 \u0259razi b\u00fct\u00f6vl\u00fcy\u00fcm\u00fcz b\u0259rpa edildi, BMT T\u0259hl\u00fck\u0259sizlik \u015euras\u0131n\u0131n q\u0259rar v\u0259 q\u0259tnam\u0259l\u0259ri icra olundu \u00a0 Son 17 il\u00a0 Az\u0259rbaycan tarixin\u0259 biri-birind\u0259n \u0259h\u0259miyy\u0259tli u\u011furlar yazd\u0131. Bunlar\u0131n \u00fcmumil\u0259\u015fdirilmi\u015f ifad\u0259si is\u0259 Az\u0259rbaycan\u0131n Z\u0259f\u0259r G\u00fcn\u00fcd\u00fcr. T\u0259bii ki, h\u0259r bir m\u00fch\u00fcm hadis\u0259 onu \u015f\u0259rtl\u0259ndir\u0259n amill\u0259ri bir daha n\u0259z\u0259rd\u0259n ke\u00e7irm\u0259yi z\u0259rur\u0259t kimi ortaya qoyur. Son 17 ild\u0259 ulu \u00f6nd\u0259r Heyd\u0259r \u018fliyevin siyasi kursunu b\u00fct\u00fcn istiqam\u0259tl\u0259rd\u0259 u\u011furla davam etdir\u0259n Prezident \u0130lham \u018fliyevin d\u00f6vl\u0259t v\u0259 xalq \u00fc\u00e7\u00fcn xidm\u0259tl\u0259rini bir yaz\u0131 \u00e7\u0259r\u00e7iv\u0259sind\u0259 \u0259hat\u0259 etm\u0259k qeyri-m\u00fcmk\u00fcnd\u00fcr. 44&hellip;<\/p>\n","protected":false},"author":2,"featured_media":258822,"comment_status":"closed","ping_status":"closed","sticky":false,"template":"","format":"standard","meta":{"om_disable_all_campaigns":false,"_monsterinsights_skip_tracking":false,"_monsterinsights_sitenote_active":false,"_monsterinsights_sitenote_note":"","_monsterinsights_sitenote_category":0},"categories":[19],"tags":[],"aioseo_notices":[],"gutentor_comment":0,"rttpg_featured_image_url":{"full":["https:\/\/arantv.az\/wp-content\/uploads\/2020\/12\/7296d81c16071138528294745511089135.jpg",975,540,false],"landscape":["https:\/\/arantv.az\/wp-content\/uploads\/2020\/12\/7296d81c16071138528294745511089135.jpg",975,540,false],"portraits":["https:\/\/arantv.az\/wp-content\/uploads\/2020\/12\/7296d81c16071138528294745511089135.jpg",975,540,false],"thumbnail":["https:\/\/arantv.az\/wp-content\/uploads\/2020\/12\/7296d81c16071138528294745511089135-150x150.jpg",150,150,true],"medium":["https:\/\/arantv.az\/wp-content\/uploads\/2020\/12\/7296d81c16071138528294745511089135-300x166.jpg",300,166,true],"large":["https:\/\/arantv.az\/wp-content\/uploads\/2020\/12\/7296d81c16071138528294745511089135.jpg",640,354,false],"1536x1536":["https:\/\/arantv.az\/wp-content\/uploads\/2020\/12\/7296d81c16071138528294745511089135.jpg",975,540,false],"2048x2048":["https:\/\/arantv.az\/wp-content\/uploads\/2020\/12\/7296d81c16071138528294745511089135.jpg",975,540,false],"post-thumbnail":["https:\/\/arantv.az\/wp-content\/uploads\/2020\/12\/7296d81c16071138528294745511089135-240x172.jpg",240,172,true],"advps-thumb-one":["https:\/\/arantv.az\/wp-content\/uploads\/2020\/12\/7296d81c16071138528294745511089135.jpg",975,540,false]},"rttpg_author":{"display_name":"V\u00fcsal Rafiqo\u011flu","author_link":"https:\/\/arantv.az\/?author=2"},"rttpg_comment":0,"rttpg_category":"<a href=\"https:\/\/arantv.az\/?cat=19\" rel=\"category\">G\u00fcnd\u0259m<\/a>","rttpg_excerpt":"D\u00f6vl\u0259timizin ba\u015f\u00e7\u0131s\u0131 \u0130lham \u018fliyevin son 17 ild\u0259 u\u011furla h\u0259yata ke\u00e7irdiyi\u00a0 d\u00fc\u015f\u00fcn\u00fclm\u00fc\u015f v\u0259 m\u0259qs\u0259dy\u00f6nl\u00fc siyas\u0259t n\u0259tic\u0259sind\u0259 \u0259razi b\u00fct\u00f6vl\u00fcy\u00fcm\u00fcz b\u0259rpa edildi, BMT T\u0259hl\u00fck\u0259sizlik \u015euras\u0131n\u0131n q\u0259rar v\u0259 q\u0259tnam\u0259l\u0259ri icra olundu \u00a0 Son 17 il\u00a0 Az\u0259rbaycan tarixin\u0259 biri-birind\u0259n \u0259h\u0259miyy\u0259tli u\u011furlar yazd\u0131. Bunlar\u0131n \u00fcmumil\u0259\u015fdirilmi\u015f ifad\u0259si is\u0259 Az\u0259rbaycan\u0131n Z\u0259f\u0259r G\u00fcn\u00fcd\u00fcr. T\u0259bii ki, h\u0259r bir m\u00fch\u00fcm hadis\u0259 onu \u015f\u0259rtl\u0259ndir\u0259n amill\u0259ri bir daha&hellip;","_links":{"self":[{"href":"https:\/\/arantv.az\/index.php?rest_route=\/wp\/v2\/posts\/258821"}],"collection":[{"href":"https:\/\/arantv.az\/index.php?rest_route=\/wp\/v2\/posts"}],"about":[{"href":"https:\/\/arantv.az\/index.php?rest_route=\/wp\/v2\/types\/post"}],"author":[{"embeddable":true,"href":"https:\/\/arantv.az\/index.php?rest_route=\/wp\/v2\/users\/2"}],"replies":[{"embeddable":true,"href":"https:\/\/arantv.az\/index.php?rest_route=%2Fwp%2Fv2%2Fcomments&post=258821"}],"version-history":[{"count":0,"href":"https:\/\/arantv.az\/index.php?rest_route=\/wp\/v2\/posts\/258821\/revisions"}],"wp:featuredmedia":[{"embeddable":true,"href":"https:\/\/arantv.az\/index.php?rest_route=\/wp\/v2\/media\/258822"}],"wp:attachment":[{"href":"https:\/\/arantv.az\/index.php?rest_route=%2Fwp%2Fv2%2Fmedia&parent=258821"}],"wp:term":[{"taxonomy":"category","embeddable":true,"href":"https:\/\/arantv.az\/index.php?rest_route=%2Fwp%2Fv2%2Fcategories&post=258821"},{"taxonomy":"post_tag","embeddable":true,"href":"https:\/\/arantv.az\/index.php?rest_route=%2Fwp%2Fv2%2Ftags&post=258821"}],"curies":[{"name":"wp","href":"https:\/\/api.w.org\/{rel}","templated":true}]}}