{"id":258832,"date":"2020-12-23T18:39:35","date_gmt":"2020-12-23T15:39:35","guid":{"rendered":"http:\/\/arantv.az\/?p=258832"},"modified":"2020-12-23T18:39:35","modified_gmt":"2020-12-23T15:39:35","slug":"iordaniya-krali-ii-abdullah-prezident-ilham-%c9%99liyevi-t%c9%99brik-edib","status":"publish","type":"post","link":"https:\/\/arantv.az\/?p=258832","title":{"rendered":"\u0130ordaniya Kral\u0131 II Abdullah Prezident \u0130lham \u018fliyevi t\u0259brik edib"},"content":{"rendered":"<p>\u0130ordaniyan\u0131n Kral\u0131 II Abdullah Az\u0259rbaycan Prezidenti \u0130lham \u018fliyev\u0259 m\u0259ktub \u00fcnvanlay\u0131b.<\/p>\n<p>M\u0259ktubda deyilir:<\/p>\n<div id=\"AdviadNativeVideo0\" class=\"AdviadNativeVideo\"><\/div>\n<p>\u201cZati-alil\u0259ri.<\/p>\n<p>Do\u011fum g\u00fcn\u00fcn\u00fcz m\u00fcnasib\u0259til\u0259 Sizi s\u0259mimi-q\u0259lbd\u0259n t\u0259brik edir\u0259m. Zati-aliniz\u0259 \u0259n xo\u015f arzular\u0131m\u0131 \u00e7atd\u0131rmaqdan b\u00f6y\u00fck m\u0259mnunluq hissi duyuram.<\/p>\n<p>Siz\u0259 m\u00f6hk\u0259m cansa\u011fl\u0131\u011f\u0131 v\u0259 xo\u015fb\u0259xtlik arzu edir\u0259m\u201d.<\/p>\n","protected":false},"excerpt":{"rendered":"<p>\u0130ordaniyan\u0131n Kral\u0131 II Abdullah Az\u0259rbaycan Prezidenti \u0130lham \u018fliyev\u0259 m\u0259ktub \u00fcnvanlay\u0131b. M\u0259ktubda deyilir: \u201cZati-alil\u0259ri. Do\u011fum g\u00fcn\u00fcn\u00fcz m\u00fcnasib\u0259til\u0259 Sizi s\u0259mimi-q\u0259lbd\u0259n t\u0259brik edir\u0259m. Zati-aliniz\u0259 \u0259n xo\u015f arzular\u0131m\u0131 \u00e7atd\u0131rmaqdan b\u00f6y\u00fck m\u0259mnunluq hissi duyuram. Siz\u0259 m\u00f6hk\u0259m cansa\u011fl\u0131\u011f\u0131 v\u0259 xo\u015fb\u0259xtlik arzu edir\u0259m\u201d.<\/p>\n","protected":false},"author":2,"featured_media":258833,"comment_status":"closed","ping_status":"closed","sticky":false,"template":"","format":"standard","meta":{"om_disable_all_campaigns":false,"_monsterinsights_skip_tracking":false,"_monsterinsights_sitenote_active":false,"_monsterinsights_sitenote_note":"","_monsterinsights_sitenote_category":0},"categories":[4],"tags":[],"aioseo_notices":[],"gutentor_comment":0,"rttpg_featured_image_url":{"full":["https:\/\/arantv.az\/wp-content\/uploads\/2020\/12\/1486049227_abdullah_ii_of_jordan.jpg",620,453,false],"landscape":["https:\/\/arantv.az\/wp-content\/uploads\/2020\/12\/1486049227_abdullah_ii_of_jordan.jpg",620,453,false],"portraits":["https:\/\/arantv.az\/wp-content\/uploads\/2020\/12\/1486049227_abdullah_ii_of_jordan.jpg",620,453,false],"thumbnail":["https:\/\/arantv.az\/wp-content\/uploads\/2020\/12\/1486049227_abdullah_ii_of_jordan-150x150.jpg",150,150,true],"medium":["https:\/\/arantv.az\/wp-content\/uploads\/2020\/12\/1486049227_abdullah_ii_of_jordan-300x219.jpg",300,219,true],"large":["https:\/\/arantv.az\/wp-content\/uploads\/2020\/12\/1486049227_abdullah_ii_of_jordan.jpg",620,453,false],"1536x1536":["https:\/\/arantv.az\/wp-content\/uploads\/2020\/12\/1486049227_abdullah_ii_of_jordan.jpg",620,453,false],"2048x2048":["https:\/\/arantv.az\/wp-content\/uploads\/2020\/12\/1486049227_abdullah_ii_of_jordan.jpg",620,453,false],"post-thumbnail":["https:\/\/arantv.az\/wp-content\/uploads\/2020\/12\/1486049227_abdullah_ii_of_jordan-240x172.jpg",240,172,true],"advps-thumb-one":["https:\/\/arantv.az\/wp-content\/uploads\/2020\/12\/1486049227_abdullah_ii_of_jordan.jpg",620,453,false]},"rttpg_author":{"display_name":"V\u00fcsal Rafiqo\u011flu","author_link":"https:\/\/arantv.az\/?author=2"},"rttpg_comment":0,"rttpg_category":"<a href=\"https:\/\/arantv.az\/?cat=4\" rel=\"category\">Siyas\u0259t<\/a>","rttpg_excerpt":"\u0130ordaniyan\u0131n Kral\u0131 II Abdullah Az\u0259rbaycan Prezidenti \u0130lham \u018fliyev\u0259 m\u0259ktub \u00fcnvanlay\u0131b. M\u0259ktubda deyilir: \u201cZati-alil\u0259ri. Do\u011fum g\u00fcn\u00fcn\u00fcz m\u00fcnasib\u0259til\u0259 Sizi s\u0259mimi-q\u0259lbd\u0259n t\u0259brik edir\u0259m. Zati-aliniz\u0259 \u0259n xo\u015f arzular\u0131m\u0131 \u00e7atd\u0131rmaqdan b\u00f6y\u00fck m\u0259mnunluq hissi duyuram. Siz\u0259 m\u00f6hk\u0259m cansa\u011fl\u0131\u011f\u0131 v\u0259 xo\u015fb\u0259xtlik arzu edir\u0259m\u201d.","_links":{"self":[{"href":"https:\/\/arantv.az\/index.php?rest_route=\/wp\/v2\/posts\/258832"}],"collection":[{"href":"https:\/\/arantv.az\/index.php?rest_route=\/wp\/v2\/posts"}],"about":[{"href":"https:\/\/arantv.az\/index.php?rest_route=\/wp\/v2\/types\/post"}],"author":[{"embeddable":true,"href":"https:\/\/arantv.az\/index.php?rest_route=\/wp\/v2\/users\/2"}],"replies":[{"embeddable":true,"href":"https:\/\/arantv.az\/index.php?rest_route=%2Fwp%2Fv2%2Fcomments&post=258832"}],"version-history":[{"count":0,"href":"https:\/\/arantv.az\/index.php?rest_route=\/wp\/v2\/posts\/258832\/revisions"}],"wp:featuredmedia":[{"embeddable":true,"href":"https:\/\/arantv.az\/index.php?rest_route=\/wp\/v2\/media\/258833"}],"wp:attachment":[{"href":"https:\/\/arantv.az\/index.php?rest_route=%2Fwp%2Fv2%2Fmedia&parent=258832"}],"wp:term":[{"taxonomy":"category","embeddable":true,"href":"https:\/\/arantv.az\/index.php?rest_route=%2Fwp%2Fv2%2Fcategories&post=258832"},{"taxonomy":"post_tag","embeddable":true,"href":"https:\/\/arantv.az\/index.php?rest_route=%2Fwp%2Fv2%2Ftags&post=258832"}],"curies":[{"name":"wp","href":"https:\/\/api.w.org\/{rel}","templated":true}]}}