{"id":258836,"date":"2020-12-23T18:40:30","date_gmt":"2020-12-23T15:40:30","guid":{"rendered":"http:\/\/arantv.az\/?p=258836"},"modified":"2020-12-23T18:40:30","modified_gmt":"2020-12-23T15:40:30","slug":"m%c9%99d%c9%99niyy%c9%99t-nazirliyi-qarabaglilara-muraci%c9%99t-edib","status":"publish","type":"post","link":"https:\/\/arantv.az\/?p=258836","title":{"rendered":"M\u0259d\u0259niyy\u0259t Nazirliyi qaraba\u011fl\u0131lara m\u00fcraci\u0259t edib"},"content":{"rendered":"<p>Az\u0259rbaycan\u0131n Qaraba\u011f b\u00f6lg\u0259si q\u0259dim tarixi, z\u0259ngin maddi m\u0259d\u0259niyy\u0259t abid\u0259l\u0259ri, \u0259d\u0259biyyat\u0131, inc\u0259s\u0259n\u0259ti v\u0259 musiqi irsi, el\u0259c\u0259 d\u0259 ad\u0259t-\u0259n\u0259n\u0259l\u0259ri il\u0259 f\u0259rql\u0259nir. B\u00fct\u00fcn bunlar b\u0259dii t\u0259f\u0259kk\u00fcr v\u0259 yarad\u0131c\u0131l\u0131\u011fa m\u00fcsb\u0259t t\u0259sir g\u00f6st\u0259r\u0259n b\u00f6lg\u0259nin \u0259srar\u0259ngiz t\u0259bi\u0259tinin, t\u0259bii s\u0259rv\u0259tl\u0259rinin z\u0259nginliyinin n\u0259tic\u0259sidir. Qaraba\u011f\u0131n m\u0259d\u0259niyy\u0259t x\u0259zin\u0259sind\u0259 bu elin insanlar\u0131n\u0131n \u00e7ox\u0259srlik ad\u0259t-\u0259n\u0259n\u0259l\u0259ri m\u00fch\u00fcm yer tutur.<\/p>\n<p>M\u0259d\u0259niyy\u0259t Nazirliyi Az\u0259rbaycan Respublikas\u0131n\u0131n Prezidenti, Ali Ba\u015f Komandan \u0130lham \u018fliyevin r\u0259hb\u0259rliyi il\u0259 m\u00fcz\u0259ff\u0259r Ordumuz t\u0259r\u0259find\u0259n azad edil\u0259n Qaraba\u011f\u0131m\u0131z\u0131n t\u0259kc\u0259 abid\u0259l\u0259ri v\u0259 m\u0259d\u0259niyy\u0259t infrastrukturunu deyil, eyni zamanda tarix\u0259n bu torpaqlarda m\u00f6vcud olan m\u0259d\u0259ni ruhu v\u0259 \u0259hval-ruhiyy\u0259ni b\u0259rpa etm\u0259k m\u0259qs\u0259dil\u0259\u00a0<em>\u201cYurda qay\u0131d\u0131\u015f: Qaraba\u011f\u0131n ad\u0259t-\u0259n\u0259n\u0259l\u0259ri\u201d\u00a0<\/em>layih\u0259sin\u0259 start verir.<\/p>\n<div id=\"AdviadNativeVideo0\" class=\"AdviadNativeVideo\"><\/div>\n<p>Nazirlikd\u0259n bildirilib ki, layih\u0259d\u0259 i\u015ftirak etm\u0259k ist\u0259y\u0259n Qaraba\u011f elinin insanlar\u0131 b\u00f6lg\u0259nin milli k\u00f6kl\u0259r\u0259 s\u00f6yk\u0259n\u0259n r\u0259ngar\u0259ng h\u0259yat t\u0259rzini yenid\u0259n canland\u0131rmaq \u00fc\u00e7\u00fcn tarix\u0259n bu torpaqlar\u0131m\u0131zda m\u00f6vcud olmu\u015f ad\u0259t-\u0259n\u0259n\u0259l\u0259r bar\u0259d\u0259 \u0259trafl\u0131 m\u0259lumat\u0131 (yaz\u0131l\u0131 m\u0259lumat, xatir\u0259l\u0259r, foto v\u0259 video materiallar) a\u015fa\u011f\u0131dak\u0131 e-mail \u00fcnvanlar\u0131na (\u201cm\u00f6vzu\u201d hiss\u0259sind\u0259 layih\u0259nin ad\u0131n\u0131 qeyd etm\u0259kl\u0259) v\u0259 ya Nazirliyin r\u0259smi sosial media hesablar\u0131na t\u0259qdim ed\u0259 bil\u0259rl\u0259r:<\/p>\n<p><a href=\"mailto:info@creative.az\" target=\"_blank\" rel=\"noopener\">info@creative.az<\/a><\/p>\n<p><a href=\"mailto:pressmedeniyyet@gmail.com\" target=\"_blank\" rel=\"noopener\">pressmedeniyyet@gmail.com<\/a><\/p>\n","protected":false},"excerpt":{"rendered":"<p>Az\u0259rbaycan\u0131n Qaraba\u011f b\u00f6lg\u0259si q\u0259dim tarixi, z\u0259ngin maddi m\u0259d\u0259niyy\u0259t abid\u0259l\u0259ri, \u0259d\u0259biyyat\u0131, inc\u0259s\u0259n\u0259ti v\u0259 musiqi irsi, el\u0259c\u0259 d\u0259 ad\u0259t-\u0259n\u0259n\u0259l\u0259ri il\u0259 f\u0259rql\u0259nir. B\u00fct\u00fcn bunlar b\u0259dii t\u0259f\u0259kk\u00fcr v\u0259 yarad\u0131c\u0131l\u0131\u011fa m\u00fcsb\u0259t t\u0259sir g\u00f6st\u0259r\u0259n b\u00f6lg\u0259nin \u0259srar\u0259ngiz t\u0259bi\u0259tinin, t\u0259bii s\u0259rv\u0259tl\u0259rinin z\u0259nginliyinin n\u0259tic\u0259sidir. Qaraba\u011f\u0131n m\u0259d\u0259niyy\u0259t x\u0259zin\u0259sind\u0259 bu elin insanlar\u0131n\u0131n \u00e7ox\u0259srlik ad\u0259t-\u0259n\u0259n\u0259l\u0259ri m\u00fch\u00fcm yer tutur. M\u0259d\u0259niyy\u0259t Nazirliyi Az\u0259rbaycan Respublikas\u0131n\u0131n Prezidenti, Ali Ba\u015f Komandan \u0130lham \u018fliyevin r\u0259hb\u0259rliyi il\u0259 m\u00fcz\u0259ff\u0259r Ordumuz t\u0259r\u0259find\u0259n azad edil\u0259n Qaraba\u011f\u0131m\u0131z\u0131n t\u0259kc\u0259 abid\u0259l\u0259ri v\u0259 m\u0259d\u0259niyy\u0259t infrastrukturunu deyil, eyni zamanda tarix\u0259n bu torpaqlarda m\u00f6vcud olan m\u0259d\u0259ni ruhu v\u0259 \u0259hval-ruhiyy\u0259ni b\u0259rpa etm\u0259k m\u0259qs\u0259dil\u0259\u00a0\u201cYurda qay\u0131d\u0131\u015f: Qaraba\u011f\u0131n ad\u0259t-\u0259n\u0259n\u0259l\u0259ri\u201d\u00a0layih\u0259sin\u0259 start verir. Nazirlikd\u0259n&hellip;<\/p>\n","protected":false},"author":2,"featured_media":258837,"comment_status":"closed","ping_status":"closed","sticky":false,"template":"","format":"standard","meta":{"om_disable_all_campaigns":false,"_monsterinsights_skip_tracking":false,"_monsterinsights_sitenote_active":false,"_monsterinsights_sitenote_note":"","_monsterinsights_sitenote_category":0},"categories":[26],"tags":[],"aioseo_notices":[],"gutentor_comment":0,"rttpg_featured_image_url":{"full":["https:\/\/arantv.az\/wp-content\/uploads\/2020\/12\/f886634e-8ec0-3412-9017-5f13d774afb0_850.jpg",620,387,false],"landscape":["https:\/\/arantv.az\/wp-content\/uploads\/2020\/12\/f886634e-8ec0-3412-9017-5f13d774afb0_850.jpg",620,387,false],"portraits":["https:\/\/arantv.az\/wp-content\/uploads\/2020\/12\/f886634e-8ec0-3412-9017-5f13d774afb0_850.jpg",620,387,false],"thumbnail":["https:\/\/arantv.az\/wp-content\/uploads\/2020\/12\/f886634e-8ec0-3412-9017-5f13d774afb0_850-150x150.jpg",150,150,true],"medium":["https:\/\/arantv.az\/wp-content\/uploads\/2020\/12\/f886634e-8ec0-3412-9017-5f13d774afb0_850-300x187.jpg",300,187,true],"large":["https:\/\/arantv.az\/wp-content\/uploads\/2020\/12\/f886634e-8ec0-3412-9017-5f13d774afb0_850.jpg",620,387,false],"1536x1536":["https:\/\/arantv.az\/wp-content\/uploads\/2020\/12\/f886634e-8ec0-3412-9017-5f13d774afb0_850.jpg",620,387,false],"2048x2048":["https:\/\/arantv.az\/wp-content\/uploads\/2020\/12\/f886634e-8ec0-3412-9017-5f13d774afb0_850.jpg",620,387,false],"post-thumbnail":["https:\/\/arantv.az\/wp-content\/uploads\/2020\/12\/f886634e-8ec0-3412-9017-5f13d774afb0_850-240x172.jpg",240,172,true],"advps-thumb-one":["https:\/\/arantv.az\/wp-content\/uploads\/2020\/12\/f886634e-8ec0-3412-9017-5f13d774afb0_850.jpg",620,387,false]},"rttpg_author":{"display_name":"V\u00fcsal Rafiqo\u011flu","author_link":"https:\/\/arantv.az\/?author=2"},"rttpg_comment":0,"rttpg_category":"<a href=\"https:\/\/arantv.az\/?cat=26\" rel=\"category\">Sosial<\/a>","rttpg_excerpt":"Az\u0259rbaycan\u0131n Qaraba\u011f b\u00f6lg\u0259si q\u0259dim tarixi, z\u0259ngin maddi m\u0259d\u0259niyy\u0259t abid\u0259l\u0259ri, \u0259d\u0259biyyat\u0131, inc\u0259s\u0259n\u0259ti v\u0259 musiqi irsi, el\u0259c\u0259 d\u0259 ad\u0259t-\u0259n\u0259n\u0259l\u0259ri il\u0259 f\u0259rql\u0259nir. B\u00fct\u00fcn bunlar b\u0259dii t\u0259f\u0259kk\u00fcr v\u0259 yarad\u0131c\u0131l\u0131\u011fa m\u00fcsb\u0259t t\u0259sir g\u00f6st\u0259r\u0259n b\u00f6lg\u0259nin \u0259srar\u0259ngiz t\u0259bi\u0259tinin, t\u0259bii s\u0259rv\u0259tl\u0259rinin z\u0259nginliyinin n\u0259tic\u0259sidir. Qaraba\u011f\u0131n m\u0259d\u0259niyy\u0259t x\u0259zin\u0259sind\u0259 bu elin insanlar\u0131n\u0131n \u00e7ox\u0259srlik ad\u0259t-\u0259n\u0259n\u0259l\u0259ri m\u00fch\u00fcm yer tutur. M\u0259d\u0259niyy\u0259t Nazirliyi Az\u0259rbaycan Respublikas\u0131n\u0131n Prezidenti, Ali Ba\u015f Komandan \u0130lham&hellip;","_links":{"self":[{"href":"https:\/\/arantv.az\/index.php?rest_route=\/wp\/v2\/posts\/258836"}],"collection":[{"href":"https:\/\/arantv.az\/index.php?rest_route=\/wp\/v2\/posts"}],"about":[{"href":"https:\/\/arantv.az\/index.php?rest_route=\/wp\/v2\/types\/post"}],"author":[{"embeddable":true,"href":"https:\/\/arantv.az\/index.php?rest_route=\/wp\/v2\/users\/2"}],"replies":[{"embeddable":true,"href":"https:\/\/arantv.az\/index.php?rest_route=%2Fwp%2Fv2%2Fcomments&post=258836"}],"version-history":[{"count":0,"href":"https:\/\/arantv.az\/index.php?rest_route=\/wp\/v2\/posts\/258836\/revisions"}],"wp:featuredmedia":[{"embeddable":true,"href":"https:\/\/arantv.az\/index.php?rest_route=\/wp\/v2\/media\/258837"}],"wp:attachment":[{"href":"https:\/\/arantv.az\/index.php?rest_route=%2Fwp%2Fv2%2Fmedia&parent=258836"}],"wp:term":[{"taxonomy":"category","embeddable":true,"href":"https:\/\/arantv.az\/index.php?rest_route=%2Fwp%2Fv2%2Fcategories&post=258836"},{"taxonomy":"post_tag","embeddable":true,"href":"https:\/\/arantv.az\/index.php?rest_route=%2Fwp%2Fv2%2Ftags&post=258836"}],"curies":[{"name":"wp","href":"https:\/\/api.w.org\/{rel}","templated":true}]}}