{"id":258840,"date":"2020-12-23T18:41:58","date_gmt":"2020-12-23T15:41:58","guid":{"rendered":"http:\/\/arantv.az\/?p=258840"},"modified":"2020-12-23T18:41:58","modified_gmt":"2020-12-23T15:41:58","slug":"az%c9%99rbaycan-iran-turkiy%c9%99-elektrik-enerjisi-ticar%c9%99ti-muzakir%c9%99-edilib","status":"publish","type":"post","link":"https:\/\/arantv.az\/?p=258840","title":{"rendered":"Az\u0259rbaycan-\u0130ran-T\u00fcrkiy\u0259 elektrik enerjisi ticar\u0259ti m\u00fczakir\u0259 edilib"},"content":{"rendered":"<p>Az\u0259rbaycan Ba\u015f nazirinin m\u00fcavini \u015eahin Mustafayevin r\u0259hb\u0259rlik etdiyi n\u00fcmay\u0259nd\u0259 hey\u0259ti \u0130ran \u0130slam Respublikas\u0131na s\u0259f\u0259r edib.<\/p>\n<p>Nazirl\u0259r Kabinetind\u0259n veril\u0259n m\u0259lumata g\u00f6r\u0259, s\u0259f\u0259r zaman\u0131 \u015e.Mustafayev \u0130ran \u0130slam Respublikas\u0131 Prezidenti Administrasiyas\u0131n\u0131n r\u0259hb\u0259ri Mahmud Vaezi, energetika naziri Rza \u018frd\u0259kanian, m\u00fcdafi\u0259 v\u0259 silahl\u0131 q\u00fcvv\u0259l\u0259r\u0259 d\u0259st\u0259k naziri \u018fmir Hat\u0259mi il\u0259 g\u00f6r\u00fc\u015f\u00fcb dan\u0131\u015f\u0131qlar aparm\u0131\u015fd\u0131r. G\u00f6r\u00fc\u015fl\u0259r zaman\u0131 \u0130ran r\u0259smil\u0259ri uzun ill\u0259rdir i\u015f\u011fal edilmi\u015f Az\u0259rbaycan \u0259razil\u0259rinin azad olunmas\u0131 m\u00fcnasib\u0259til\u0259 t\u0259brikl\u0259rini \u00e7atd\u0131rm\u0131\u015flar. \u0130ran t\u0259r\u0259finin i\u015f\u011faldan azad olunmu\u015f \u0259razil\u0259rd\u0259 yenid\u0259nqurma v\u0259 b\u0259rpa i\u015fl\u0259rind\u0259 h\u0259rt\u0259r\u0259fli d\u0259st\u0259k g\u00f6st\u0259rm\u0259y\u0259 haz\u0131r oldu\u011fu ifad\u0259 edilmi\u015fdir. H\u0259m\u00e7inin, \u00f6lk\u0259l\u0259rimiz aras\u0131nda yol-n\u0259qliyyat, energetika, iqtisadi-ticar\u0259t, infrastruktur, o c\u00fcml\u0259d\u0259n h\u0259rbi-texniki sah\u0259l\u0259rd\u0259 \u0259m\u0259kda\u015fl\u0131\u011f\u0131n m\u00f6vcud v\u0259ziyy\u0259ti v\u0259 g\u0259l\u0259c\u0259k perspektivl\u0259ri haqq\u0131nda m\u00fczakir\u0259l\u0259r apar\u0131lm\u0131\u015fd\u0131r.<\/p>\n<p>\u0130ran Prezidenti Administrasiyas\u0131n\u0131n r\u0259hb\u0259ri Mahmud Vaezi il\u0259 ke\u00e7iril\u0259n g\u00f6r\u00fc\u015fd\u0259 \u00f6lk\u0259l\u0259rin \u0259razi b\u00fct\u00f6vl\u00fcy\u00fc v\u0259 s\u0259rh\u0259dl\u0259rin toxunulmazl\u0131\u011f\u0131 prinsipinin \u0259h\u0259miyy\u0259ti vur\u011fulanm\u0131\u015fd\u0131r. Az\u0259rbaycan\u0131n i\u015f\u011fal alt\u0131ndak\u0131 \u0259razil\u0259rinin azad olunmas\u0131ndan v\u0259 Da\u011fl\u0131q Qaraba\u011f m\u00fcnaqi\u015f\u0259sinin ba\u015fa \u00e7atmas\u0131ndan r\u0259smi Tehran\u0131n m\u0259mnun oldu\u011fu ifad\u0259 edilmi\u015fdir.<\/p>\n<div id=\"AdviadNativeVideo0\" class=\"AdviadNativeVideo\"><\/div>\n<p>Qeyd olunmu\u015fdur ki, Az\u0259rbaycan torpaqlar\u0131n\u0131n i\u015f\u011faldan azad olunmas\u0131 regionda s\u00fclh\u00fcn v\u0259 sabitliyin t\u0259min olunmas\u0131nda vacib \u015f\u0259rtdir v\u0259 Az\u0259rbaycan-\u0130ran d\u00f6vl\u0259t s\u0259rh\u0259dinin 132 kilometrlik hiss\u0259sin\u0259 n\u0259zar\u0259tin b\u0259rpa edilm\u0259si dost v\u0259 qarda\u015f \u0130ran \u0130slam Respublikas\u0131 il\u0259 daha geni\u015f \u0259m\u0259kda\u015fl\u0131q \u00fc\u00e7\u00fcn yeni f\u00fcrs\u0259tl\u0259r v\u0259 perspektivl\u0259r yarad\u0131r.<\/p>\n<p>Az\u0259rbaycan Respublikas\u0131n\u0131n Prezidenti \u0130lham \u018fliyevin Az\u0259rbaycan-\u0130ran s\u0259rh\u0259dini dostluq s\u0259rh\u0259di adland\u0131rmas\u0131n\u0131n \u0130randa xo\u015f qar\u015f\u0131land\u0131\u011f\u0131 v\u0259 y\u00fcks\u0259k qiym\u0259tl\u0259ndirildiyi qeyd edilmi\u015fdir.<\/p>\n<p>H\u0259r iki \u00f6lk\u0259nin d\u00f6vl\u0259t ba\u015f\u00e7\u0131lar\u0131n\u0131n siyasi irad\u0259si \u00f6lk\u0259l\u0259r aras\u0131nda \u0259m\u0259kda\u015fl\u0131\u011f\u0131n miqyas\u0131n\u0131 \u0259n y\u00fcks\u0259k s\u0259viyy\u0259y\u0259 qald\u0131rm\u0131\u015fd\u0131r.<\/p>\n<p>Energetika Nazirliyind\u0259 ke\u00e7iril\u0259n g\u00f6r\u00fc\u015fd\u0259 iki \u00f6lk\u0259 aras\u0131nda elektroenergetika sah\u0259sind\u0259 \u0259m\u0259kda\u015fl\u0131q \u0259laq\u0259l\u0259ri m\u00fczakir\u0259 olunmu\u015f, icrada olan layih\u0259l\u0259rin s\u00fcr\u0259tl\u0259ndirilm\u0259si istiqam\u0259tind\u0259 at\u0131lacaq add\u0131mlar bar\u0259d\u0259 fikir m\u00fcbadil\u0259si apar\u0131lm\u0131\u015fd\u0131r. Az\u0259rbaycan-\u0130ran-Rusiya enerji sisteml\u0259rinin birl\u0259\u015fdirilm\u0259si, Az\u0259rbaycan-\u0130ran-T\u00fcrkiy\u0259 aras\u0131nda elektrik enerjisi ticar\u0259ti m\u0259s\u0259l\u0259l\u0259ri m\u00fczakir\u0259 edilmi\u015fdir. Araz \u00e7ay\u0131n\u0131n su v\u0259 enerji potensial\u0131ndan s\u0259m\u0259r\u0259li istifad\u0259 edilm\u0259si \u00fc\u00e7\u00fcn icra olunan layih\u0259l\u0259rin \u0259h\u0259miyy\u0259ti vur\u011fulanm\u0131\u015fd\u0131r. \u201cOrdubad\u201d v\u0259 \u201cMarazad\u201d su elektrik stansiyalar\u0131 il\u0259 ba\u011fl\u0131 m\u0259s\u0259l\u0259l\u0259r m\u00fczakir\u0259 edilmi\u015f, o c\u00fcml\u0259d\u0259n \u201cXudaf\u0259rin\u201d v\u0259 \u201cQ\u0131z Qalas\u0131\u201d hidroqov\u015faqlar\u0131 v\u0259 su elektrik stansiyalar\u0131n\u0131n tikintisinin tezlikl\u0259 ba\u015fa \u00e7atd\u0131r\u0131lmas\u0131 \u00fc\u00e7\u00fcn at\u0131lacaq n\u00f6vb\u0259ti add\u0131mlar, h\u0259m\u00e7inin, layih\u0259l\u0259rin icras\u0131 m\u0259qs\u0259dil\u0259 yarad\u0131lm\u0131\u015f komissiyalar v\u0259 i\u015f\u00e7i qruplar\u0131 t\u0259r\u0259find\u0259n ke\u00e7iril\u0259n g\u00f6r\u00fc\u015fl\u0259r v\u0259 onlar\u0131n n\u0259tic\u0259l\u0259ri m\u00fczakir\u0259 edilmi\u015fdir. Az\u0259rbaycan\u0131n i\u015f\u011faldan azad edilmi\u015f \u0259razil\u0259rind\u0259 elektroenergetika sah\u0259sind\u0259 \u0259m\u0259kda\u015fl\u0131q imkanlar\u0131 v\u0259 b\u0259rpa-yenid\u0259nqurma i\u015fl\u0259rind\u0259 \u0130ran \u015firk\u0259tl\u0259rinin i\u015ftirak\u0131 m\u0259s\u0259l\u0259l\u0259rin\u0259 dair fikir m\u00fcbadil\u0259si apar\u0131lm\u0131\u015fd\u0131r. H\u0259m\u00e7inin,\u00a0s\u0259rh\u0259d \u00e7aylar\u0131n\u0131n birg\u0259 istismar\u0131 sah\u0259sind\u0259 Az\u0259rbaycan il\u0259 \u0130ran\u0131n \u0259m\u0259kda\u015fl\u0131\u011f\u0131n\u0131n d\u00fcnyada n\u00fcmun\u0259 oldu\u011fu vur\u011fulanm\u0131\u015f, n\u00f6vb\u0259ti ild\u0259 Nax\u00e7\u0131van MR \u0259razisind\u0259 Araz SES v\u0259 hidroqov\u015fa\u011f\u0131n\u0131n birg\u0259 istismar\u0131n\u0131n 50 illiyinin y\u00fcks\u0259k s\u0259viyy\u0259d\u0259 qeyd edilm\u0259si raz\u0131la\u015fd\u0131r\u0131lm\u0131\u015fd\u0131r.<\/p>\n<p>M\u00fcdafi\u0259 v\u0259 Silahl\u0131 Q\u00fcvv\u0259l\u0259r\u0259 D\u0259st\u0259k Nazirliyind\u0259 ke\u00e7iril\u0259n g\u00f6r\u00fc\u015f zaman\u0131 iki \u00f6lk\u0259 aras\u0131nda h\u0259rbi-texniki sah\u0259d\u0259 \u0259m\u0259kda\u015fl\u0131q m\u0259s\u0259l\u0259l\u0259rin\u0259 dair \u0259trafl\u0131 fikir m\u00fcbadil\u0259si apar\u0131lm\u0131\u015fd\u0131r. \u0130ran t\u0259r\u0259fi i\u015f\u011faldan azad olunmu\u015f \u0259razil\u0259rd\u0259 mina v\u0259 partlay\u0131c\u0131 madd\u0259l\u0259rin z\u0259r\u0259rsizl\u0259\u015fdirilm\u0259si sah\u0259sind\u0259 \u00f6z t\u0259cr\u00fcb\u0259 v\u0259 imkanlar\u0131n\u0131 Az\u0259rbaycan t\u0259r\u0259fi il\u0259 b\u00f6l\u00fc\u015fm\u0259y\u0259 haz\u0131r oldu\u011funu bildirmi\u015fdir.<\/p>\n","protected":false},"excerpt":{"rendered":"<p>Az\u0259rbaycan Ba\u015f nazirinin m\u00fcavini \u015eahin Mustafayevin r\u0259hb\u0259rlik etdiyi n\u00fcmay\u0259nd\u0259 hey\u0259ti \u0130ran \u0130slam Respublikas\u0131na s\u0259f\u0259r edib. Nazirl\u0259r Kabinetind\u0259n veril\u0259n m\u0259lumata g\u00f6r\u0259, s\u0259f\u0259r zaman\u0131 \u015e.Mustafayev \u0130ran \u0130slam Respublikas\u0131 Prezidenti Administrasiyas\u0131n\u0131n r\u0259hb\u0259ri Mahmud Vaezi, energetika naziri Rza \u018frd\u0259kanian, m\u00fcdafi\u0259 v\u0259 silahl\u0131 q\u00fcvv\u0259l\u0259r\u0259 d\u0259st\u0259k naziri \u018fmir Hat\u0259mi il\u0259 g\u00f6r\u00fc\u015f\u00fcb dan\u0131\u015f\u0131qlar aparm\u0131\u015fd\u0131r. G\u00f6r\u00fc\u015fl\u0259r zaman\u0131 \u0130ran r\u0259smil\u0259ri uzun ill\u0259rdir i\u015f\u011fal edilmi\u015f Az\u0259rbaycan \u0259razil\u0259rinin azad olunmas\u0131 m\u00fcnasib\u0259til\u0259 t\u0259brikl\u0259rini \u00e7atd\u0131rm\u0131\u015flar. \u0130ran t\u0259r\u0259finin i\u015f\u011faldan azad olunmu\u015f \u0259razil\u0259rd\u0259 yenid\u0259nqurma v\u0259 b\u0259rpa i\u015fl\u0259rind\u0259 h\u0259rt\u0259r\u0259fli d\u0259st\u0259k g\u00f6st\u0259rm\u0259y\u0259 haz\u0131r oldu\u011fu ifad\u0259 edilmi\u015fdir. H\u0259m\u00e7inin, \u00f6lk\u0259l\u0259rimiz aras\u0131nda yol-n\u0259qliyyat, energetika, iqtisadi-ticar\u0259t, infrastruktur, o c\u00fcml\u0259d\u0259n h\u0259rbi-texniki sah\u0259l\u0259rd\u0259&hellip;<\/p>\n","protected":false},"author":2,"featured_media":258841,"comment_status":"closed","ping_status":"closed","sticky":false,"template":"","format":"standard","meta":{"om_disable_all_campaigns":false,"_monsterinsights_skip_tracking":false,"_monsterinsights_sitenote_active":false,"_monsterinsights_sitenote_note":"","_monsterinsights_sitenote_category":0},"categories":[19],"tags":[],"aioseo_notices":[],"gutentor_comment":0,"rttpg_featured_image_url":{"full":["https:\/\/arantv.az\/wp-content\/uploads\/2020\/12\/depositphotos_10616037_original.jpg",620,412,false],"landscape":["https:\/\/arantv.az\/wp-content\/uploads\/2020\/12\/depositphotos_10616037_original.jpg",620,412,false],"portraits":["https:\/\/arantv.az\/wp-content\/uploads\/2020\/12\/depositphotos_10616037_original.jpg",620,412,false],"thumbnail":["https:\/\/arantv.az\/wp-content\/uploads\/2020\/12\/depositphotos_10616037_original-150x150.jpg",150,150,true],"medium":["https:\/\/arantv.az\/wp-content\/uploads\/2020\/12\/depositphotos_10616037_original-300x199.jpg",300,199,true],"large":["https:\/\/arantv.az\/wp-content\/uploads\/2020\/12\/depositphotos_10616037_original.jpg",620,412,false],"1536x1536":["https:\/\/arantv.az\/wp-content\/uploads\/2020\/12\/depositphotos_10616037_original.jpg",620,412,false],"2048x2048":["https:\/\/arantv.az\/wp-content\/uploads\/2020\/12\/depositphotos_10616037_original.jpg",620,412,false],"post-thumbnail":["https:\/\/arantv.az\/wp-content\/uploads\/2020\/12\/depositphotos_10616037_original-240x172.jpg",240,172,true],"advps-thumb-one":["https:\/\/arantv.az\/wp-content\/uploads\/2020\/12\/depositphotos_10616037_original.jpg",620,412,false]},"rttpg_author":{"display_name":"V\u00fcsal Rafiqo\u011flu","author_link":"https:\/\/arantv.az\/?author=2"},"rttpg_comment":0,"rttpg_category":"<a href=\"https:\/\/arantv.az\/?cat=19\" rel=\"category\">G\u00fcnd\u0259m<\/a>","rttpg_excerpt":"Az\u0259rbaycan Ba\u015f nazirinin m\u00fcavini \u015eahin Mustafayevin r\u0259hb\u0259rlik etdiyi n\u00fcmay\u0259nd\u0259 hey\u0259ti \u0130ran \u0130slam Respublikas\u0131na s\u0259f\u0259r edib. Nazirl\u0259r Kabinetind\u0259n veril\u0259n m\u0259lumata g\u00f6r\u0259, s\u0259f\u0259r zaman\u0131 \u015e.Mustafayev \u0130ran \u0130slam Respublikas\u0131 Prezidenti Administrasiyas\u0131n\u0131n r\u0259hb\u0259ri Mahmud Vaezi, energetika naziri Rza \u018frd\u0259kanian, m\u00fcdafi\u0259 v\u0259 silahl\u0131 q\u00fcvv\u0259l\u0259r\u0259 d\u0259st\u0259k naziri \u018fmir Hat\u0259mi il\u0259 g\u00f6r\u00fc\u015f\u00fcb dan\u0131\u015f\u0131qlar aparm\u0131\u015fd\u0131r. G\u00f6r\u00fc\u015fl\u0259r zaman\u0131 \u0130ran r\u0259smil\u0259ri uzun ill\u0259rdir i\u015f\u011fal edilmi\u015f&hellip;","_links":{"self":[{"href":"https:\/\/arantv.az\/index.php?rest_route=\/wp\/v2\/posts\/258840"}],"collection":[{"href":"https:\/\/arantv.az\/index.php?rest_route=\/wp\/v2\/posts"}],"about":[{"href":"https:\/\/arantv.az\/index.php?rest_route=\/wp\/v2\/types\/post"}],"author":[{"embeddable":true,"href":"https:\/\/arantv.az\/index.php?rest_route=\/wp\/v2\/users\/2"}],"replies":[{"embeddable":true,"href":"https:\/\/arantv.az\/index.php?rest_route=%2Fwp%2Fv2%2Fcomments&post=258840"}],"version-history":[{"count":0,"href":"https:\/\/arantv.az\/index.php?rest_route=\/wp\/v2\/posts\/258840\/revisions"}],"wp:featuredmedia":[{"embeddable":true,"href":"https:\/\/arantv.az\/index.php?rest_route=\/wp\/v2\/media\/258841"}],"wp:attachment":[{"href":"https:\/\/arantv.az\/index.php?rest_route=%2Fwp%2Fv2%2Fmedia&parent=258840"}],"wp:term":[{"taxonomy":"category","embeddable":true,"href":"https:\/\/arantv.az\/index.php?rest_route=%2Fwp%2Fv2%2Fcategories&post=258840"},{"taxonomy":"post_tag","embeddable":true,"href":"https:\/\/arantv.az\/index.php?rest_route=%2Fwp%2Fv2%2Ftags&post=258840"}],"curies":[{"name":"wp","href":"https:\/\/api.w.org\/{rel}","templated":true}]}}