{"id":258850,"date":"2020-12-23T18:45:27","date_gmt":"2020-12-23T15:45:27","guid":{"rendered":"http:\/\/arantv.az\/?p=258850"},"modified":"2020-12-23T18:45:27","modified_gmt":"2020-12-23T15:45:27","slug":"t%c9%99hsil-nazirliyi-v%c9%99-dim-birg%c9%99-aciqlama-yayib","status":"publish","type":"post","link":"https:\/\/arantv.az\/?p=258850","title":{"rendered":"T\u0259hsil Nazirliyi v\u0259 D\u0130M birg\u0259 a\u00e7\u0131qlama yay\u0131b"},"content":{"rendered":"<p>T\u0259hsil Nazirliyi v\u0259 D\u00f6vl\u0259t \u0130mtahan M\u0259rk\u0259zi \u201cBeyn\u0259lxalq m\u00fcnasib\u0259tl\u0259r\u201d v\u0259 \u201cRegion\u015f\u00fcnasl\u0131q\u201d ixtisaslar\u0131n\u0131n yerl\u0259\u015fdiyi ixtisas qrupunun d\u0259yi\u015fdirilm\u0259si il\u0259 ba\u011fl\u0131 r\u0259smi a\u00e7\u0131qlama yay\u0131b.<\/p>\n<p>Birg\u0259 a\u00e7\u0131qlamada deyilir:<\/p>\n<div id=\"AdviadNativeVideo0\" class=\"AdviadNativeVideo\"><\/div>\n<p>\u201cBeyn\u0259lxalq m\u00fcnasib\u0259tl\u0259r\u201d v\u0259 \u201cRegion\u015f\u00fcnasl\u0131q\u201d ixtisaslar\u0131n\u0131n haz\u0131rda yer ald\u0131\u011f\u0131 ixtisas qrupunun d\u0259yi\u015fdirilm\u0259si il\u0259 ba\u011fl\u0131 birg\u0259 t\u0259klifl\u0259ri \u0259sas\u0131nda q\u0259rar layih\u0259si haz\u0131rlanm\u0131\u015f v\u0259 raz\u0131la\u015fd\u0131r\u0131lmaq \u00fc\u00e7\u00fcn aidiyy\u0259ti \u00fczr\u0259 m\u00fcvafiq icra hakimiyy\u0259ti orqanlar\u0131na t\u0259qdim olunub.<\/p>\n<p>Q\u0259rar layih\u0259sind\u0259 \u201cBeyn\u0259lxalq m\u00fcnasib\u0259tl\u0259r\u201d v\u0259 \u201cRegion\u015f\u00fcnasl\u0131q\u201d ixtisaslar\u0131 \u00fczr\u0259 t\u0259hsil almaq ist\u0259y\u0259n \u015f\u0259xsl\u0259rin h\u0259min ixtisaslara m\u00fcvafiq bilik v\u0259 bacar\u0131qlar\u0131 n\u0259z\u0259r\u0259 alaraq qeyd olunan ixtisaslar\u0131n II ixtisas qrupundan III ixtisas qrupuna ke\u00e7irilm\u0259si n\u0259z\u0259rd\u0259 tutulur. Q\u0259rar q\u0259bul olundu\u011fu halda s\u00f6z\u00fcged\u0259n d\u0259yi\u015fiklik 2021\/2022-ci t\u0259dris ilind\u0259 ali t\u0259hsil m\u00fc\u0259ssis\u0259l\u0259rin\u0259 q\u0259bul olunmaq \u00fc\u00e7\u00fcn s\u0259n\u0259d ver\u0259n abituriyentl\u0259r\u0259 deyil, 2022\/2023-c\u00fc t\u0259dris ilind\u0259 ali t\u0259hsil m\u00fc\u0259ssis\u0259l\u0259rin\u0259 s\u0259n\u0259d ver\u0259n abituriyentl\u0259r\u0259 \u015famil olunacaqd\u0131r\u201d.<\/p>\n","protected":false},"excerpt":{"rendered":"<p>T\u0259hsil Nazirliyi v\u0259 D\u00f6vl\u0259t \u0130mtahan M\u0259rk\u0259zi \u201cBeyn\u0259lxalq m\u00fcnasib\u0259tl\u0259r\u201d v\u0259 \u201cRegion\u015f\u00fcnasl\u0131q\u201d ixtisaslar\u0131n\u0131n yerl\u0259\u015fdiyi ixtisas qrupunun d\u0259yi\u015fdirilm\u0259si il\u0259 ba\u011fl\u0131 r\u0259smi a\u00e7\u0131qlama yay\u0131b. Birg\u0259 a\u00e7\u0131qlamada deyilir: \u201cBeyn\u0259lxalq m\u00fcnasib\u0259tl\u0259r\u201d v\u0259 \u201cRegion\u015f\u00fcnasl\u0131q\u201d ixtisaslar\u0131n\u0131n haz\u0131rda yer ald\u0131\u011f\u0131 ixtisas qrupunun d\u0259yi\u015fdirilm\u0259si il\u0259 ba\u011fl\u0131 birg\u0259 t\u0259klifl\u0259ri \u0259sas\u0131nda q\u0259rar layih\u0259si haz\u0131rlanm\u0131\u015f v\u0259 raz\u0131la\u015fd\u0131r\u0131lmaq \u00fc\u00e7\u00fcn aidiyy\u0259ti \u00fczr\u0259 m\u00fcvafiq icra hakimiyy\u0259ti orqanlar\u0131na t\u0259qdim olunub. Q\u0259rar layih\u0259sind\u0259 \u201cBeyn\u0259lxalq m\u00fcnasib\u0259tl\u0259r\u201d v\u0259 \u201cRegion\u015f\u00fcnasl\u0131q\u201d ixtisaslar\u0131 \u00fczr\u0259 t\u0259hsil almaq ist\u0259y\u0259n \u015f\u0259xsl\u0259rin h\u0259min ixtisaslara m\u00fcvafiq bilik v\u0259 bacar\u0131qlar\u0131 n\u0259z\u0259r\u0259 alaraq qeyd olunan ixtisaslar\u0131n II ixtisas qrupundan III ixtisas qrupuna ke\u00e7irilm\u0259si n\u0259z\u0259rd\u0259 tutulur. Q\u0259rar q\u0259bul olundu\u011fu halda s\u00f6z\u00fcged\u0259n&hellip;<\/p>\n","protected":false},"author":2,"featured_media":258851,"comment_status":"closed","ping_status":"closed","sticky":false,"template":"","format":"standard","meta":{"om_disable_all_campaigns":false,"_monsterinsights_skip_tracking":false,"_monsterinsights_sitenote_active":false,"_monsterinsights_sitenote_note":"","_monsterinsights_sitenote_category":0},"categories":[23],"tags":[],"aioseo_notices":[],"gutentor_comment":0,"rttpg_featured_image_url":{"full":["https:\/\/arantv.az\/wp-content\/uploads\/2020\/12\/248ecadc-2f5b-30a3-8272-fbea480aaf69_850.jpg",620,387,false],"landscape":["https:\/\/arantv.az\/wp-content\/uploads\/2020\/12\/248ecadc-2f5b-30a3-8272-fbea480aaf69_850.jpg",620,387,false],"portraits":["https:\/\/arantv.az\/wp-content\/uploads\/2020\/12\/248ecadc-2f5b-30a3-8272-fbea480aaf69_850.jpg",620,387,false],"thumbnail":["https:\/\/arantv.az\/wp-content\/uploads\/2020\/12\/248ecadc-2f5b-30a3-8272-fbea480aaf69_850-150x150.jpg",150,150,true],"medium":["https:\/\/arantv.az\/wp-content\/uploads\/2020\/12\/248ecadc-2f5b-30a3-8272-fbea480aaf69_850-300x187.jpg",300,187,true],"large":["https:\/\/arantv.az\/wp-content\/uploads\/2020\/12\/248ecadc-2f5b-30a3-8272-fbea480aaf69_850.jpg",620,387,false],"1536x1536":["https:\/\/arantv.az\/wp-content\/uploads\/2020\/12\/248ecadc-2f5b-30a3-8272-fbea480aaf69_850.jpg",620,387,false],"2048x2048":["https:\/\/arantv.az\/wp-content\/uploads\/2020\/12\/248ecadc-2f5b-30a3-8272-fbea480aaf69_850.jpg",620,387,false],"post-thumbnail":["https:\/\/arantv.az\/wp-content\/uploads\/2020\/12\/248ecadc-2f5b-30a3-8272-fbea480aaf69_850-240x172.jpg",240,172,true],"advps-thumb-one":["https:\/\/arantv.az\/wp-content\/uploads\/2020\/12\/248ecadc-2f5b-30a3-8272-fbea480aaf69_850.jpg",620,387,false]},"rttpg_author":{"display_name":"V\u00fcsal Rafiqo\u011flu","author_link":"https:\/\/arantv.az\/?author=2"},"rttpg_comment":0,"rttpg_category":"<a href=\"https:\/\/arantv.az\/?cat=23\" rel=\"category\">T\u0259hsil<\/a>","rttpg_excerpt":"T\u0259hsil Nazirliyi v\u0259 D\u00f6vl\u0259t \u0130mtahan M\u0259rk\u0259zi \u201cBeyn\u0259lxalq m\u00fcnasib\u0259tl\u0259r\u201d v\u0259 \u201cRegion\u015f\u00fcnasl\u0131q\u201d ixtisaslar\u0131n\u0131n yerl\u0259\u015fdiyi ixtisas qrupunun d\u0259yi\u015fdirilm\u0259si il\u0259 ba\u011fl\u0131 r\u0259smi a\u00e7\u0131qlama yay\u0131b. Birg\u0259 a\u00e7\u0131qlamada deyilir: \u201cBeyn\u0259lxalq m\u00fcnasib\u0259tl\u0259r\u201d v\u0259 \u201cRegion\u015f\u00fcnasl\u0131q\u201d ixtisaslar\u0131n\u0131n haz\u0131rda yer ald\u0131\u011f\u0131 ixtisas qrupunun d\u0259yi\u015fdirilm\u0259si il\u0259 ba\u011fl\u0131 birg\u0259 t\u0259klifl\u0259ri \u0259sas\u0131nda q\u0259rar layih\u0259si haz\u0131rlanm\u0131\u015f v\u0259 raz\u0131la\u015fd\u0131r\u0131lmaq \u00fc\u00e7\u00fcn aidiyy\u0259ti \u00fczr\u0259 m\u00fcvafiq icra hakimiyy\u0259ti orqanlar\u0131na t\u0259qdim olunub. Q\u0259rar layih\u0259sind\u0259&hellip;","_links":{"self":[{"href":"https:\/\/arantv.az\/index.php?rest_route=\/wp\/v2\/posts\/258850"}],"collection":[{"href":"https:\/\/arantv.az\/index.php?rest_route=\/wp\/v2\/posts"}],"about":[{"href":"https:\/\/arantv.az\/index.php?rest_route=\/wp\/v2\/types\/post"}],"author":[{"embeddable":true,"href":"https:\/\/arantv.az\/index.php?rest_route=\/wp\/v2\/users\/2"}],"replies":[{"embeddable":true,"href":"https:\/\/arantv.az\/index.php?rest_route=%2Fwp%2Fv2%2Fcomments&post=258850"}],"version-history":[{"count":0,"href":"https:\/\/arantv.az\/index.php?rest_route=\/wp\/v2\/posts\/258850\/revisions"}],"wp:featuredmedia":[{"embeddable":true,"href":"https:\/\/arantv.az\/index.php?rest_route=\/wp\/v2\/media\/258851"}],"wp:attachment":[{"href":"https:\/\/arantv.az\/index.php?rest_route=%2Fwp%2Fv2%2Fmedia&parent=258850"}],"wp:term":[{"taxonomy":"category","embeddable":true,"href":"https:\/\/arantv.az\/index.php?rest_route=%2Fwp%2Fv2%2Fcategories&post=258850"},{"taxonomy":"post_tag","embeddable":true,"href":"https:\/\/arantv.az\/index.php?rest_route=%2Fwp%2Fv2%2Ftags&post=258850"}],"curies":[{"name":"wp","href":"https:\/\/api.w.org\/{rel}","templated":true}]}}