{"id":258862,"date":"2020-12-23T18:48:18","date_gmt":"2020-12-23T15:48:18","guid":{"rendered":"http:\/\/arantv.az\/?p=258862"},"modified":"2020-12-23T18:48:18","modified_gmt":"2020-12-23T15:48:18","slug":"bes-gunluk-muhasir%c9%99d%c9%99n-sag-cixan-qazi-natiq-haciyev-video","status":"publish","type":"post","link":"https:\/\/arantv.az\/?p=258862","title":{"rendered":"Be\u015f g\u00fcnl\u00fck m\u00fchasir\u0259d\u0259n sa\u011f \u00e7\u0131xan qazi Natiq Hac\u0131yev &#8211; V\u0130DEO"},"content":{"rendered":"<p>\u201cBirinci yaraland\u0131\u011f\u0131m zaman atama z\u0259ng etdim v\u0259 dedim ki, anama dem\u0259. \u00dcst\u00fcnd\u0259n yar\u0131m saat ke\u00e7m\u0259di ki, anam z\u0259ng vurdu. Soru\u015fdu ki, n\u0259 olub, hardasan?\u201d<\/p>\n<p>Bu s\u00f6zl\u0259ri be\u015f\u00a0g\u00fcnl\u00fck m\u00fcharis\u0259d\u0259n sa\u011f \u00e7\u0131xan qazi Natiq Hac\u0131yev ARB-nin \u201c44 G\u00dcN\u018f Z\u018fF\u018fR\u201d\u00a0adl\u0131 rubrikas\u0131na m\u00fcsahib\u0259si zaman\u0131 bildirib.<\/p>\n<p>N.Hac\u0131yev qeyd edib\u00a0ki, qar\u015f\u0131da bir m\u0259qs\u0259d\u00a0 vard\u0131, n\u0259 olursa olsun biz o torpaqlar\u0131 almal\u0131y\u0131q:<\/p>\n<div id=\"AdviadNativeVideo0\" class=\"AdviadNativeVideo\"><\/div>\n<p>\u201cDan\u0131\u015fmaq \u00e7\u0259tindir. Yan\u0131nda d\u00f6y\u00fc\u015f qarda\u015f\u0131n\u0131 itirm\u0259k \u00e7ox a\u011f\u0131rd\u0131r. Bir-birimiz\u0259 v\u0259siyy\u0259t etmi\u015fdik ki, n\u0259 olursa olsun, he\u00e7 kim arxada qalmas\u0131n. Ax\u0131r\u0131nc\u0131 \u0259sg\u0259rimiz olsa bel\u0259 onu g\u00f6t\u00fcr\u00fcb \u00e7\u0131xarmal\u0131 idik. \u015eu\u015fan\u0131 azad ed\u0259nd\u0259 orada vurulmu\u015fam\u201d.<\/p>\n<p>Anas\u0131 Hac\u0131yeva C\u0259mil\u0259 deyir ki,\u00a0 h\u0259r \u015feyi \u00fcr\u0259yiml\u0259 hiss edirdim:<\/p>\n<p>\u201cBir ana \u00fc\u00e7\u00fcn o s\u0259hn\u0259ni g\u00f6rm\u0259k&#8230; Allah he\u00e7 bir valideyn\u0259 g\u00f6st\u0259rm\u0259sin. H\u0259y\u0259td\u0259 s\u00f6hb\u0259t edirdik. Dedim ki, Natiq ya \u015f\u0259hid oldu, ya da yaraland\u0131. Dedil\u0259r niy\u0259 bel\u0259 deyirs\u0259n? \u00dcr\u0259yimd\u0259 hiss edirdim. \u015eu\u015fa al\u0131nana q\u0259d\u0259r m\u0259n a\u011flamad\u0131m, \u015eu\u015fa al\u0131nanda a\u011flad\u0131m. \u0130st\u0259rdim ki, Natiq \u015eu\u015fadan m\u0259n\u0259 \u015f\u0259kil g\u00f6nd\u0259rsin. \u00c7ox t\u0259\u0259ss\u00fcf ki, o\u011flum \u015eu\u015fa istiqam\u0259tind\u0259ki d\u00f6y\u00fc\u015fl\u0259rd\u0259 yaraland\u0131\u201d.<\/p>\n<p>Daha \u0259trafl\u0131 s\u00fcjeti t\u0259qdim edirik:<\/p>\n<div><iframe loading=\"lazy\" src=\"https:\/\/baku.tv\/embed\/30723\" width=\"640\" height=\"360\" frameborder=\"0\" scrolling=\"no\" allowfullscreen=\"allowfullscreen\" data-mce-fragment=\"1\"><\/iframe><\/div>\n<p>&nbsp;<\/p>\n","protected":false},"excerpt":{"rendered":"<p>\u201cBirinci yaraland\u0131\u011f\u0131m zaman atama z\u0259ng etdim v\u0259 dedim ki, anama dem\u0259. \u00dcst\u00fcnd\u0259n yar\u0131m saat ke\u00e7m\u0259di ki, anam z\u0259ng vurdu. Soru\u015fdu ki, n\u0259 olub, hardasan?\u201d Bu s\u00f6zl\u0259ri be\u015f\u00a0g\u00fcnl\u00fck m\u00fcharis\u0259d\u0259n sa\u011f \u00e7\u0131xan qazi Natiq Hac\u0131yev ARB-nin \u201c44 G\u00dcN\u018f Z\u018fF\u018fR\u201d\u00a0adl\u0131 rubrikas\u0131na m\u00fcsahib\u0259si zaman\u0131 bildirib. N.Hac\u0131yev qeyd edib\u00a0ki, qar\u015f\u0131da bir m\u0259qs\u0259d\u00a0 vard\u0131, n\u0259 olursa olsun biz o torpaqlar\u0131 almal\u0131y\u0131q: \u201cDan\u0131\u015fmaq \u00e7\u0259tindir. Yan\u0131nda d\u00f6y\u00fc\u015f qarda\u015f\u0131n\u0131 itirm\u0259k \u00e7ox a\u011f\u0131rd\u0131r. Bir-birimiz\u0259 v\u0259siyy\u0259t etmi\u015fdik ki, n\u0259 olursa olsun, he\u00e7 kim arxada qalmas\u0131n. Ax\u0131r\u0131nc\u0131 \u0259sg\u0259rimiz olsa bel\u0259 onu g\u00f6t\u00fcr\u00fcb \u00e7\u0131xarmal\u0131 idik. \u015eu\u015fan\u0131 azad ed\u0259nd\u0259 orada vurulmu\u015fam\u201d. Anas\u0131 Hac\u0131yeva C\u0259mil\u0259&hellip;<\/p>\n","protected":false},"author":2,"featured_media":258863,"comment_status":"closed","ping_status":"closed","sticky":false,"template":"","format":"standard","meta":{"om_disable_all_campaigns":false,"_monsterinsights_skip_tracking":false,"_monsterinsights_sitenote_active":false,"_monsterinsights_sitenote_note":"","_monsterinsights_sitenote_category":0},"categories":[26],"tags":[],"aioseo_notices":[],"gutentor_comment":0,"rttpg_featured_image_url":{"full":["https:\/\/arantv.az\/wp-content\/uploads\/2020\/12\/5-g\u00c3\u00bcnl\u00c3\u00bck-m\u00c3\u00bchasir\u00c9_d\u00c9_n-sa\u00c4_-\u00c3\u00a7\u00c4\u00b1xan-Qazi-Natiq-44-G\u00c3_N\u00c6_-Z\u00c6_F\u00c6_R-ARB-TV-00-00-05-.jpg",620,348,false],"landscape":["https:\/\/arantv.az\/wp-content\/uploads\/2020\/12\/5-g\u00c3\u00bcnl\u00c3\u00bck-m\u00c3\u00bchasir\u00c9_d\u00c9_n-sa\u00c4_-\u00c3\u00a7\u00c4\u00b1xan-Qazi-Natiq-44-G\u00c3_N\u00c6_-Z\u00c6_F\u00c6_R-ARB-TV-00-00-05-.jpg",620,348,false],"portraits":["https:\/\/arantv.az\/wp-content\/uploads\/2020\/12\/5-g\u00c3\u00bcnl\u00c3\u00bck-m\u00c3\u00bchasir\u00c9_d\u00c9_n-sa\u00c4_-\u00c3\u00a7\u00c4\u00b1xan-Qazi-Natiq-44-G\u00c3_N\u00c6_-Z\u00c6_F\u00c6_R-ARB-TV-00-00-05-.jpg",620,348,false],"thumbnail":["https:\/\/arantv.az\/wp-content\/uploads\/2020\/12\/5-g\u00c3\u00bcnl\u00c3\u00bck-m\u00c3\u00bchasir\u00c9_d\u00c9_n-sa\u00c4_-\u00c3\u00a7\u00c4\u00b1xan-Qazi-Natiq-44-G\u00c3_N\u00c6_-Z\u00c6_F\u00c6_R-ARB-TV-00-00-05--150x150.jpg",150,150,true],"medium":["https:\/\/arantv.az\/wp-content\/uploads\/2020\/12\/5-g\u00c3\u00bcnl\u00c3\u00bck-m\u00c3\u00bchasir\u00c9_d\u00c9_n-sa\u00c4_-\u00c3\u00a7\u00c4\u00b1xan-Qazi-Natiq-44-G\u00c3_N\u00c6_-Z\u00c6_F\u00c6_R-ARB-TV-00-00-05--300x168.jpg",300,168,true],"large":["https:\/\/arantv.az\/wp-content\/uploads\/2020\/12\/5-g\u00c3\u00bcnl\u00c3\u00bck-m\u00c3\u00bchasir\u00c9_d\u00c9_n-sa\u00c4_-\u00c3\u00a7\u00c4\u00b1xan-Qazi-Natiq-44-G\u00c3_N\u00c6_-Z\u00c6_F\u00c6_R-ARB-TV-00-00-05-.jpg",620,348,false],"1536x1536":["https:\/\/arantv.az\/wp-content\/uploads\/2020\/12\/5-g\u00c3\u00bcnl\u00c3\u00bck-m\u00c3\u00bchasir\u00c9_d\u00c9_n-sa\u00c4_-\u00c3\u00a7\u00c4\u00b1xan-Qazi-Natiq-44-G\u00c3_N\u00c6_-Z\u00c6_F\u00c6_R-ARB-TV-00-00-05-.jpg",620,348,false],"2048x2048":["https:\/\/arantv.az\/wp-content\/uploads\/2020\/12\/5-g\u00c3\u00bcnl\u00c3\u00bck-m\u00c3\u00bchasir\u00c9_d\u00c9_n-sa\u00c4_-\u00c3\u00a7\u00c4\u00b1xan-Qazi-Natiq-44-G\u00c3_N\u00c6_-Z\u00c6_F\u00c6_R-ARB-TV-00-00-05-.jpg",620,348,false],"post-thumbnail":["https:\/\/arantv.az\/wp-content\/uploads\/2020\/12\/5-g\u00c3\u00bcnl\u00c3\u00bck-m\u00c3\u00bchasir\u00c9_d\u00c9_n-sa\u00c4_-\u00c3\u00a7\u00c4\u00b1xan-Qazi-Natiq-44-G\u00c3_N\u00c6_-Z\u00c6_F\u00c6_R-ARB-TV-00-00-05--240x172.jpg",240,172,true],"advps-thumb-one":["https:\/\/arantv.az\/wp-content\/uploads\/2020\/12\/5-g\u00c3\u00bcnl\u00c3\u00bck-m\u00c3\u00bchasir\u00c9_d\u00c9_n-sa\u00c4_-\u00c3\u00a7\u00c4\u00b1xan-Qazi-Natiq-44-G\u00c3_N\u00c6_-Z\u00c6_F\u00c6_R-ARB-TV-00-00-05-.jpg",620,348,false]},"rttpg_author":{"display_name":"V\u00fcsal Rafiqo\u011flu","author_link":"https:\/\/arantv.az\/?author=2"},"rttpg_comment":0,"rttpg_category":"<a href=\"https:\/\/arantv.az\/?cat=26\" rel=\"category\">Sosial<\/a>","rttpg_excerpt":"\u201cBirinci yaraland\u0131\u011f\u0131m zaman atama z\u0259ng etdim v\u0259 dedim ki, anama dem\u0259. \u00dcst\u00fcnd\u0259n yar\u0131m saat ke\u00e7m\u0259di ki, anam z\u0259ng vurdu. Soru\u015fdu ki, n\u0259 olub, hardasan?\u201d Bu s\u00f6zl\u0259ri be\u015f\u00a0g\u00fcnl\u00fck m\u00fcharis\u0259d\u0259n sa\u011f \u00e7\u0131xan qazi Natiq Hac\u0131yev ARB-nin \u201c44 G\u00dcN\u018f Z\u018fF\u018fR\u201d\u00a0adl\u0131 rubrikas\u0131na m\u00fcsahib\u0259si zaman\u0131 bildirib. N.Hac\u0131yev qeyd edib\u00a0ki, qar\u015f\u0131da bir m\u0259qs\u0259d\u00a0 vard\u0131, n\u0259 olursa olsun biz o torpaqlar\u0131 almal\u0131y\u0131q:&hellip;","_links":{"self":[{"href":"https:\/\/arantv.az\/index.php?rest_route=\/wp\/v2\/posts\/258862"}],"collection":[{"href":"https:\/\/arantv.az\/index.php?rest_route=\/wp\/v2\/posts"}],"about":[{"href":"https:\/\/arantv.az\/index.php?rest_route=\/wp\/v2\/types\/post"}],"author":[{"embeddable":true,"href":"https:\/\/arantv.az\/index.php?rest_route=\/wp\/v2\/users\/2"}],"replies":[{"embeddable":true,"href":"https:\/\/arantv.az\/index.php?rest_route=%2Fwp%2Fv2%2Fcomments&post=258862"}],"version-history":[{"count":0,"href":"https:\/\/arantv.az\/index.php?rest_route=\/wp\/v2\/posts\/258862\/revisions"}],"wp:featuredmedia":[{"embeddable":true,"href":"https:\/\/arantv.az\/index.php?rest_route=\/wp\/v2\/media\/258863"}],"wp:attachment":[{"href":"https:\/\/arantv.az\/index.php?rest_route=%2Fwp%2Fv2%2Fmedia&parent=258862"}],"wp:term":[{"taxonomy":"category","embeddable":true,"href":"https:\/\/arantv.az\/index.php?rest_route=%2Fwp%2Fv2%2Fcategories&post=258862"},{"taxonomy":"post_tag","embeddable":true,"href":"https:\/\/arantv.az\/index.php?rest_route=%2Fwp%2Fv2%2Ftags&post=258862"}],"curies":[{"name":"wp","href":"https:\/\/api.w.org\/{rel}","templated":true}]}}