{"id":25893,"date":"2018-12-03T08:37:38","date_gmt":"2018-12-03T05:37:38","guid":{"rendered":"http:\/\/arantv.az\/?p=25893"},"modified":"2018-12-03T08:37:38","modified_gmt":"2018-12-03T05:37:38","slug":"az%c9%99rbaycanda-qeyri-adi-cihaz-istehsal-edilib","status":"publish","type":"post","link":"https:\/\/arantv.az\/?p=25893","title":{"rendered":"Az\u0259rbaycanda qeyri-adi cihaz istehsal edilib"},"content":{"rendered":"<p>Az\u0259rbaycan Texniki Universitetinin (ATU) yarad\u0131c\u0131l\u0131q laboratoriyas\u0131nda sahibi evd\u0259 olmayark\u0259n bo\u015f qalan m\u0259nzild\u0259 ya\u015fay\u0131\u015f t\u0259\u0259ss\u00fcrat\u0131 yaradan cihaz istehsal edilib.<\/p>\n<p><strong>ARANTV.AZ<\/strong>\u00a0 bildirir ki, bunu trend-\u0259 universitetin m\u00fc\u0259llimi R\u0259him \u018fliyev deyib.<\/p>\n<p>Bel\u0259 cihaz\u0131n \u00f6lk\u0259d\u0259 ilk d\u0259f\u0259 istehsal olundu\u011funu dey\u0259n R.\u018fliyevin s\u00f6zl\u0259rin\u0259 g\u00f6r\u0259, proqramla\u015fd\u0131r\u0131lan taymer h\u0259rbi sah\u0259d\u0259n m\u0259i\u015f\u0259t\u0259 q\u0259d\u0259r b\u00fct\u00fcn sah\u0259l\u0259rd\u0259 istifad\u0259 edil\u0259 bil\u0259r:<\/p>\n<p>&#8220;Bu cihaz proqramla\u015fd\u0131r\u0131lm\u0131\u015f sisteml\u0259 i\u015fl\u0259yir. M\u0259s\u0259l\u0259n, \u0259g\u0259r siz evd\u0259 deyilsinizs\u0259 v\u0259 m\u00fc\u0259yy\u0259n m\u00fcdd\u0259t\u0259 s\u0259f\u0259r\u0259 getmisinizs\u0259, arxay\u0131n olmaq \u00fc\u00e7\u00fcn evd\u0259 bu cihaz\u0131 qo\u015fa bil\u0259rsiniz. Cihaz i\u015f\u0131\u011f\u0131 yand\u0131r\u0131b, s\u00f6nd\u00fcr\u0259c\u0259k, jaly\u00fcz\u00fc a\u00e7\u0131b, ba\u011flayacaq, s\u0259s-k\u00fcy salacaq v\u0259 n\u0259tic\u0259d\u0259 d\u0259 bel\u0259 bir t\u0259\u0259ss\u00fcrat yaranacaq ki, evd\u0259 kims\u0259 var&#8221;.<\/p>\n<p>Bel\u0259 cihazlar\u0131n Az\u0259rbaycanda istehsal\u0131n\u0131 t\u0259klif ed\u0259n R.\u018fliyev onu da \u0259lav\u0259 edib ki, ATU-nun yarad\u0131c\u0131l\u0131q laboratoriyas\u0131nda istifad\u0259siz qalan ma\u015f\u0131nlar\u0131n akkumulyatorunun s\u00f6nm\u0259m\u0259si \u00fc\u00e7\u00fcn istifad\u0259 edil\u0259n cihaz da istehsal edilib.<\/p>\n<p>M\u00fct\u0259x\u0259ssisin s\u00f6zl\u0259rin\u0259 g\u00f6r\u0259, stabil g\u0259rginlik v\u0259 yaxud c\u0259r\u0259yan m\u0259nb\u0259yi olan cihaz istifad\u0259siz qalan ma\u015f\u0131nlar\u0131n akkumulyatorlar\u0131n\u0131n s\u00f6nm\u0259sin\u0259 imkan vermir: &#8220;Ma\u015f\u0131n i\u015f\u0259 sal\u0131nmasa, onun akkumulyatoru s\u0131radan \u00e7\u0131x\u0131r v\u0259 ma\u015f\u0131n h\u0259r\u0259k\u0259t ed\u0259 bilmir. Bu cihaz akkumulyatora qo\u015fulduqda is\u0259 o, h\u0259mi\u015f\u0259 i\u015fl\u0259k v\u0259ziyy\u0259td\u0259 olur. Bu halda akkumulyatorun s\u00f6nm\u0259m\u0259si \u00fc\u00e7\u00fcn ma\u015f\u0131n\u0131n ara-s\u0131ra s\u00fcr\u00fclm\u0259sin\u0259 d\u0259 ehtiyac olmur. Hesab edir\u0259m ki, bel\u0259 bir cihaz avtomobili olan h\u0259r bir \u015f\u0259xs\u0259 laz\u0131md\u0131r&#8221;.<\/p>\n<p>R.\u018fliyev qeyd edib ki, stabil g\u0259rginlik cihaz\u0131 ma\u015f\u0131n\u0131n akkumulyatoruna qo\u015fulu qalaraq daim i\u015fl\u0259y\u0259 bil\u0259r.<\/p>\n<p>Alim hesab edir ki, Az\u0259rbaycan bu layih\u0259l\u0259ri s\u0259nayel\u0259\u015fdir\u0259 v\u0259 \u00f6lk\u0259d\u0259 h\u0259min cihazlar\u0131n k\u00fctl\u0259vi istehsal\u0131na nail ola bil\u0259r.<\/p>\n","protected":false},"excerpt":{"rendered":"<p>Az\u0259rbaycan Texniki Universitetinin (ATU) yarad\u0131c\u0131l\u0131q laboratoriyas\u0131nda sahibi evd\u0259 olmayark\u0259n bo\u015f qalan m\u0259nzild\u0259 ya\u015fay\u0131\u015f t\u0259\u0259ss\u00fcrat\u0131 yaradan cihaz istehsal edilib. ARANTV.AZ\u00a0 bildirir ki, bunu trend-\u0259 universitetin m\u00fc\u0259llimi R\u0259him \u018fliyev deyib. Bel\u0259 cihaz\u0131n \u00f6lk\u0259d\u0259 ilk d\u0259f\u0259 istehsal olundu\u011funu dey\u0259n R.\u018fliyevin s\u00f6zl\u0259rin\u0259 g\u00f6r\u0259, proqramla\u015fd\u0131r\u0131lan taymer h\u0259rbi sah\u0259d\u0259n m\u0259i\u015f\u0259t\u0259 q\u0259d\u0259r b\u00fct\u00fcn sah\u0259l\u0259rd\u0259 istifad\u0259 edil\u0259 bil\u0259r: &#8220;Bu cihaz proqramla\u015fd\u0131r\u0131lm\u0131\u015f sisteml\u0259 i\u015fl\u0259yir. M\u0259s\u0259l\u0259n, \u0259g\u0259r siz evd\u0259 deyilsinizs\u0259 v\u0259 m\u00fc\u0259yy\u0259n m\u00fcdd\u0259t\u0259 s\u0259f\u0259r\u0259 getmisinizs\u0259, arxay\u0131n olmaq \u00fc\u00e7\u00fcn evd\u0259 bu cihaz\u0131 qo\u015fa bil\u0259rsiniz. Cihaz i\u015f\u0131\u011f\u0131 yand\u0131r\u0131b, s\u00f6nd\u00fcr\u0259c\u0259k, jaly\u00fcz\u00fc a\u00e7\u0131b, ba\u011flayacaq, s\u0259s-k\u00fcy salacaq v\u0259 n\u0259tic\u0259d\u0259 d\u0259 bel\u0259 bir t\u0259\u0259ss\u00fcrat yaranacaq ki,&hellip;<\/p>\n","protected":false},"author":2,"featured_media":25894,"comment_status":"closed","ping_status":"closed","sticky":false,"template":"","format":"standard","meta":{"om_disable_all_campaigns":false,"_monsterinsights_skip_tracking":false,"_monsterinsights_sitenote_active":false,"_monsterinsights_sitenote_note":"","_monsterinsights_sitenote_category":0},"categories":[1],"tags":[],"aioseo_notices":[],"gutentor_comment":0,"rttpg_featured_image_url":{"full":["https:\/\/arantv.az\/wp-content\/uploads\/2018\/12\/709152.jpg",660,344,false],"landscape":["https:\/\/arantv.az\/wp-content\/uploads\/2018\/12\/709152.jpg",660,344,false],"portraits":["https:\/\/arantv.az\/wp-content\/uploads\/2018\/12\/709152.jpg",660,344,false],"thumbnail":["https:\/\/arantv.az\/wp-content\/uploads\/2018\/12\/709152-150x150.jpg",150,150,true],"medium":["https:\/\/arantv.az\/wp-content\/uploads\/2018\/12\/709152-300x156.jpg",300,156,true],"large":["https:\/\/arantv.az\/wp-content\/uploads\/2018\/12\/709152.jpg",640,334,false],"1536x1536":["https:\/\/arantv.az\/wp-content\/uploads\/2018\/12\/709152.jpg",660,344,false],"2048x2048":["https:\/\/arantv.az\/wp-content\/uploads\/2018\/12\/709152.jpg",660,344,false],"post-thumbnail":["https:\/\/arantv.az\/wp-content\/uploads\/2018\/12\/709152-240x172.jpg",240,172,true],"advps-thumb-one":["https:\/\/arantv.az\/wp-content\/uploads\/2018\/12\/709152.jpg",660,344,false]},"rttpg_author":{"display_name":"V\u00fcsal Rafiqo\u011flu","author_link":"https:\/\/arantv.az\/?author=2"},"rttpg_comment":0,"rttpg_category":"<a href=\"https:\/\/arantv.az\/?cat=1\" rel=\"category\">C\u0259miyy\u0259t<\/a>","rttpg_excerpt":"Az\u0259rbaycan Texniki Universitetinin (ATU) yarad\u0131c\u0131l\u0131q laboratoriyas\u0131nda sahibi evd\u0259 olmayark\u0259n bo\u015f qalan m\u0259nzild\u0259 ya\u015fay\u0131\u015f t\u0259\u0259ss\u00fcrat\u0131 yaradan cihaz istehsal edilib. ARANTV.AZ\u00a0 bildirir ki, bunu trend-\u0259 universitetin m\u00fc\u0259llimi R\u0259him \u018fliyev deyib. Bel\u0259 cihaz\u0131n \u00f6lk\u0259d\u0259 ilk d\u0259f\u0259 istehsal olundu\u011funu dey\u0259n R.\u018fliyevin s\u00f6zl\u0259rin\u0259 g\u00f6r\u0259, proqramla\u015fd\u0131r\u0131lan taymer h\u0259rbi sah\u0259d\u0259n m\u0259i\u015f\u0259t\u0259 q\u0259d\u0259r b\u00fct\u00fcn sah\u0259l\u0259rd\u0259 istifad\u0259 edil\u0259 bil\u0259r: &#8220;Bu cihaz proqramla\u015fd\u0131r\u0131lm\u0131\u015f sisteml\u0259 i\u015fl\u0259yir.&hellip;","_links":{"self":[{"href":"https:\/\/arantv.az\/index.php?rest_route=\/wp\/v2\/posts\/25893"}],"collection":[{"href":"https:\/\/arantv.az\/index.php?rest_route=\/wp\/v2\/posts"}],"about":[{"href":"https:\/\/arantv.az\/index.php?rest_route=\/wp\/v2\/types\/post"}],"author":[{"embeddable":true,"href":"https:\/\/arantv.az\/index.php?rest_route=\/wp\/v2\/users\/2"}],"replies":[{"embeddable":true,"href":"https:\/\/arantv.az\/index.php?rest_route=%2Fwp%2Fv2%2Fcomments&post=25893"}],"version-history":[{"count":0,"href":"https:\/\/arantv.az\/index.php?rest_route=\/wp\/v2\/posts\/25893\/revisions"}],"wp:featuredmedia":[{"embeddable":true,"href":"https:\/\/arantv.az\/index.php?rest_route=\/wp\/v2\/media\/25894"}],"wp:attachment":[{"href":"https:\/\/arantv.az\/index.php?rest_route=%2Fwp%2Fv2%2Fmedia&parent=25893"}],"wp:term":[{"taxonomy":"category","embeddable":true,"href":"https:\/\/arantv.az\/index.php?rest_route=%2Fwp%2Fv2%2Fcategories&post=25893"},{"taxonomy":"post_tag","embeddable":true,"href":"https:\/\/arantv.az\/index.php?rest_route=%2Fwp%2Fv2%2Ftags&post=25893"}],"curies":[{"name":"wp","href":"https:\/\/api.w.org\/{rel}","templated":true}]}}