{"id":259043,"date":"2020-12-24T09:47:06","date_gmt":"2020-12-24T06:47:06","guid":{"rendered":"http:\/\/arantv.az\/?p=259043"},"modified":"2020-12-24T09:47:06","modified_gmt":"2020-12-24T06:47:06","slug":"diaspor-f%c9%99aliyy%c9%99tind%c9%99-xidm%c9%99t%c9%99-gor%c9%99-medali-t%c9%99qdim-olundu","status":"publish","type":"post","link":"https:\/\/arantv.az\/?p=259043","title":{"rendered":"\u201cDiaspor f\u0259aliyy\u0259tind\u0259 xidm\u0259t\u0259 g\u00f6r\u0259\u201d medal\u0131 t\u0259qdim olundu"},"content":{"rendered":"<p>\u00d6t\u0259n ilin sonunda M\u00fcz\u0259ff\u0259r Ali Ba\u015f Komandan, Az\u0259rbaycan Respublikas\u0131n\u0131n Prezidenti \u0130lham \u018fliyev \u201cAz\u0259rbaycan Respublikas\u0131n\u0131n \u201cDiaspor f\u0259aliyy\u0259tind\u0259 xidm\u0259t\u0259 g\u00f6r\u0259\u201d medal\u0131n\u0131n t\u0259sis edilm\u0259si il\u0259 \u0259laq\u0259dar \u201cAz\u0259rbaycan Respublikas\u0131n\u0131n orden v\u0259 medallar\u0131n\u0131n t\u0259sis edilm\u0259si haqq\u0131nda\u201d Az\u0259rbaycan Respublikas\u0131n\u0131n Qanununda d\u0259yi\u015fiklik edilm\u0259si bar\u0259d\u0259\u201d Qanunu\u00a0imzalay\u0131b.<\/p>\n<p>Bu bar\u0259d\u0259 Diasporla \u0130\u015f \u00fczr\u0259 D\u00f6vl\u0259t Komit\u0259si m\u0259lumat yay\u0131b.<\/p>\n<p>Diasporla \u0130\u015f \u00fczr\u0259 D\u00f6vl\u0259t Komit\u0259si bu il \u201cD\u00fcnya az\u0259rbaycanl\u0131lar\u0131n\u0131n h\u0259mr\u0259yliyi\u201d g\u00fcn\u00fc m\u00fcnasib\u0259til\u0259 Az\u0259rbaycan diasporunun f\u0259aliyy\u0259tin\u0259 m\u00fch\u00fcm t\u00f6hf\u0259l\u0259r ver\u0259n diaspor t\u0259\u015fkilatlar\u0131n\u0131n \u00fczvl\u0259rini v\u0259 diaspor f\u0259allar\u0131n\u0131\u00a0 \u201cDiaspor f\u0259aliyy\u0259tind\u0259 xidm\u0259t\u0259 g\u00f6r\u0259\u201d medal\u0131 il\u0259 t\u0259ltif edib.<\/p>\n<div id=\"AdviadNativeVideo0\" class=\"AdviadNativeVideo\"><\/div>\n<p>T\u0259ltif olunan soyda\u015flar\u0131m\u0131z diasporun Az\u0259rbaycan Respublikas\u0131 il\u0259 \u0259laq\u0259l\u0259rinin m\u00f6hk\u0259ml\u0259ndirilm\u0259sind\u0259, beyn\u0259lxalq al\u0259md\u0259 Az\u0259rbaycanla ba\u011fl\u0131 obyektiv informasiyan\u0131n yay\u0131lmas\u0131nda\u00a0g\u00f6st\u0259rdikl\u0259ri xidm\u0259tl\u0259r\u0259, el\u0259c\u0259 d\u0259 Az\u0259rbaycan dilinin v\u0259 m\u0259d\u0259niyy\u0259tinin xarici \u00f6lk\u0259l\u0259rd\u0259 t\u0259bli\u011fin\u0259, Az\u0259rbaycan Respublikas\u0131n\u0131n beyn\u0259lxalq al\u0259md\u0259 ikit\u0259r\u0259fli v\u0259 \u00e7oxt\u0259r\u0259fli \u0259laq\u0259l\u0259rinin inki\u015faf\u0131ndak\u0131 rollar\u0131na g\u00f6r\u0259 h\u0259min\u00a0medala layiq g\u00f6r\u00fcl\u00fcbl\u0259r.<\/p>\n<p>Prezident \u0130lham \u018fliyevin t\u00f6vsiy\u0259 v\u0259 tap\u015f\u0131r\u0131qlar\u0131 \u0259sas\u0131nda Diasporla \u0130\u015f \u00fczr\u0259 D\u00f6vl\u0259t Komit\u0259sinin d\u0259st\u0259kl\u0259diyi Az\u0259rbaycanl\u0131lar\u0131n Koordinasiya \u015euralar\u0131nda birl\u0259\u015f\u0259n diaspor t\u0259\u015fkilatlar\u0131 \u00f6lk\u0259mizin haql\u0131 m\u00f6vqeyini m\u00fcdafi\u0259 edib, erm\u0259ni t\u0259xribatlar\u0131na b\u00fct\u00fcn s\u0259viyy\u0259l\u0259rd\u0259 layiqli cavab veribl\u0259r.<\/p>\n<p>Tovuz hadis\u0259l\u0259ri v\u0259 V\u0259t\u0259n m\u00fcharib\u0259si ba\u015flayan g\u00fcnd\u0259n Az\u0259rbaycan Prezidentinin \u00e7a\u011f\u0131r\u0131\u015f\u0131na cavab olaraq d\u00fcnya az\u0259rbaycanl\u0131lar\u0131 aya\u011fa qalx\u0131b, Az\u0259rbaycana d\u0259st\u0259k m\u0259qs\u0259dil\u0259 \u00fcmumilikd\u0259 182 aksiya, y\u00fcr\u00fc\u015f-mitinq ke\u00e7iribl\u0259r,\u00a0 soyda\u015flar\u0131m\u0131z\u00a0m\u00fcxt\u0259lif beyn\u0259lxalq t\u0259\u015fkilatlara, s\u0259lahiyy\u0259tli \u015f\u0259xsl\u0259r\u0259 minl\u0259rl\u0259 b\u0259yanat\u00a0\u00fcnvanlay\u0131b, d\u00fcnyan\u0131n dem\u0259k olar ki, h\u0259r yerind\u0259 diaspor f\u0259aliyy\u0259ti v\u0259 aksiyalarla ba\u011fl\u0131\u00a026 dild\u0259 m\u0259lumat yay\u0131blar.<\/p>\n<p>Koronavirus (COVID-19) pandemiyas\u0131 d\u00f6vr\u00fc g\u00f6st\u0259rdi ki, Az\u0259rbaycan d\u00f6vl\u0259ti t\u0259kc\u0259 \u00f6lk\u0259 daxilind\u0259 deyil, eyni zamanda xaricd\u0259 ya\u015fayan az\u0259rbaycanl\u0131lara da b\u00f6y\u00fck diqq\u0259t v\u0259 qay\u011f\u0131 g\u00f6st\u0259rir. Bu d\u00f6vrd\u0259 8 mind\u0259n \u00e7ox soyda\u015f\u0131m\u0131za maddi v\u0259 texniki d\u0259st\u0259k verilib, 10 minl\u0259rl\u0259 soyda\u015f\u0131m\u0131z\u0131n is\u0259 Az\u0259rbaycan Respublikas\u0131 Nazirl\u0259r Kabineti yan\u0131nda Operativ Q\u0259rargah\u0131n tap\u015f\u0131r\u0131\u011f\u0131 \u0259sas\u0131nda \u00f6lk\u0259miz\u0259 t\u0259xliyy\u0259si h\u0259yata ke\u00e7irilib.<\/p>\n<p>Diaspor t\u0259\u015fkilatlar\u0131 v\u0259 f\u0259allar\u0131\u00a0 \u00f6lk\u0259mizin diaspor siyas\u0259tin\u0259 b\u00f6y\u00fck t\u00f6hf\u0259l\u0259r verir v\u0259 bunun n\u0259tic\u0259sidir ki, bu il 30 \u00f6lk\u0259d\u0259 ya\u015fayan 92 n\u0259f\u0259r \u201cDiaspor f\u0259aliyy\u0259tind\u0259 xidm\u0259t\u0259 g\u00f6r\u0259\u201d medal\u0131 il\u0259 t\u0259ltif olunub.<\/p>\n<p>Qeyd ed\u0259k ki, Az\u0259rbaycan Respublikas\u0131 Prezidentinin 25.12.2019-cu il tarixli, 899 n\u00f6mr\u0259li F\u0259rman\u0131 il\u0259 \u201cDiaspor f\u0259aliyy\u0259tind\u0259 xidm\u0259t\u0259 g\u00f6r\u0259\u201d medal\u0131 il\u0259 t\u0259ltif etm\u0259k s\u0259lahiyy\u0259ti Diasporla \u0130\u015f \u00fczr\u0259 D\u00f6vl\u0259t Komit\u0259sin\u0259 verilib.<\/p>\n","protected":false},"excerpt":{"rendered":"<p>\u00d6t\u0259n ilin sonunda M\u00fcz\u0259ff\u0259r Ali Ba\u015f Komandan, Az\u0259rbaycan Respublikas\u0131n\u0131n Prezidenti \u0130lham \u018fliyev \u201cAz\u0259rbaycan Respublikas\u0131n\u0131n \u201cDiaspor f\u0259aliyy\u0259tind\u0259 xidm\u0259t\u0259 g\u00f6r\u0259\u201d medal\u0131n\u0131n t\u0259sis edilm\u0259si il\u0259 \u0259laq\u0259dar \u201cAz\u0259rbaycan Respublikas\u0131n\u0131n orden v\u0259 medallar\u0131n\u0131n t\u0259sis edilm\u0259si haqq\u0131nda\u201d Az\u0259rbaycan Respublikas\u0131n\u0131n Qanununda d\u0259yi\u015fiklik edilm\u0259si bar\u0259d\u0259\u201d Qanunu\u00a0imzalay\u0131b. Bu bar\u0259d\u0259 Diasporla \u0130\u015f \u00fczr\u0259 D\u00f6vl\u0259t Komit\u0259si m\u0259lumat yay\u0131b. Diasporla \u0130\u015f \u00fczr\u0259 D\u00f6vl\u0259t Komit\u0259si bu il \u201cD\u00fcnya az\u0259rbaycanl\u0131lar\u0131n\u0131n h\u0259mr\u0259yliyi\u201d g\u00fcn\u00fc m\u00fcnasib\u0259til\u0259 Az\u0259rbaycan diasporunun f\u0259aliyy\u0259tin\u0259 m\u00fch\u00fcm t\u00f6hf\u0259l\u0259r ver\u0259n diaspor t\u0259\u015fkilatlar\u0131n\u0131n \u00fczvl\u0259rini v\u0259 diaspor f\u0259allar\u0131n\u0131\u00a0 \u201cDiaspor f\u0259aliyy\u0259tind\u0259 xidm\u0259t\u0259 g\u00f6r\u0259\u201d medal\u0131 il\u0259 t\u0259ltif edib. T\u0259ltif olunan soyda\u015flar\u0131m\u0131z diasporun Az\u0259rbaycan Respublikas\u0131 il\u0259 \u0259laq\u0259l\u0259rinin m\u00f6hk\u0259ml\u0259ndirilm\u0259sind\u0259, beyn\u0259lxalq al\u0259md\u0259&hellip;<\/p>\n","protected":false},"author":2,"featured_media":259044,"comment_status":"closed","ping_status":"closed","sticky":false,"template":"","format":"standard","meta":{"om_disable_all_campaigns":false,"_monsterinsights_skip_tracking":false,"_monsterinsights_sitenote_active":false,"_monsterinsights_sitenote_note":"","_monsterinsights_sitenote_category":0},"categories":[4],"tags":[],"aioseo_notices":[],"gutentor_comment":0,"rttpg_featured_image_url":{"full":["https:\/\/arantv.az\/wp-content\/uploads\/2020\/12\/PHOTO-2020-12-23-17-16-18.jpg",620,293,false],"landscape":["https:\/\/arantv.az\/wp-content\/uploads\/2020\/12\/PHOTO-2020-12-23-17-16-18.jpg",620,293,false],"portraits":["https:\/\/arantv.az\/wp-content\/uploads\/2020\/12\/PHOTO-2020-12-23-17-16-18.jpg",620,293,false],"thumbnail":["https:\/\/arantv.az\/wp-content\/uploads\/2020\/12\/PHOTO-2020-12-23-17-16-18-150x150.jpg",150,150,true],"medium":["https:\/\/arantv.az\/wp-content\/uploads\/2020\/12\/PHOTO-2020-12-23-17-16-18-300x142.jpg",300,142,true],"large":["https:\/\/arantv.az\/wp-content\/uploads\/2020\/12\/PHOTO-2020-12-23-17-16-18.jpg",620,293,false],"1536x1536":["https:\/\/arantv.az\/wp-content\/uploads\/2020\/12\/PHOTO-2020-12-23-17-16-18.jpg",620,293,false],"2048x2048":["https:\/\/arantv.az\/wp-content\/uploads\/2020\/12\/PHOTO-2020-12-23-17-16-18.jpg",620,293,false],"post-thumbnail":["https:\/\/arantv.az\/wp-content\/uploads\/2020\/12\/PHOTO-2020-12-23-17-16-18-240x172.jpg",240,172,true],"advps-thumb-one":["https:\/\/arantv.az\/wp-content\/uploads\/2020\/12\/PHOTO-2020-12-23-17-16-18.jpg",620,293,false]},"rttpg_author":{"display_name":"V\u00fcsal Rafiqo\u011flu","author_link":"https:\/\/arantv.az\/?author=2"},"rttpg_comment":0,"rttpg_category":"<a href=\"https:\/\/arantv.az\/?cat=4\" rel=\"category\">Siyas\u0259t<\/a>","rttpg_excerpt":"\u00d6t\u0259n ilin sonunda M\u00fcz\u0259ff\u0259r Ali Ba\u015f Komandan, Az\u0259rbaycan Respublikas\u0131n\u0131n Prezidenti \u0130lham \u018fliyev \u201cAz\u0259rbaycan Respublikas\u0131n\u0131n \u201cDiaspor f\u0259aliyy\u0259tind\u0259 xidm\u0259t\u0259 g\u00f6r\u0259\u201d medal\u0131n\u0131n t\u0259sis edilm\u0259si il\u0259 \u0259laq\u0259dar \u201cAz\u0259rbaycan Respublikas\u0131n\u0131n orden v\u0259 medallar\u0131n\u0131n t\u0259sis edilm\u0259si haqq\u0131nda\u201d Az\u0259rbaycan Respublikas\u0131n\u0131n Qanununda d\u0259yi\u015fiklik edilm\u0259si bar\u0259d\u0259\u201d Qanunu\u00a0imzalay\u0131b. Bu bar\u0259d\u0259 Diasporla \u0130\u015f \u00fczr\u0259 D\u00f6vl\u0259t Komit\u0259si m\u0259lumat yay\u0131b. Diasporla \u0130\u015f \u00fczr\u0259 D\u00f6vl\u0259t Komit\u0259si bu il \u201cD\u00fcnya&hellip;","_links":{"self":[{"href":"https:\/\/arantv.az\/index.php?rest_route=\/wp\/v2\/posts\/259043"}],"collection":[{"href":"https:\/\/arantv.az\/index.php?rest_route=\/wp\/v2\/posts"}],"about":[{"href":"https:\/\/arantv.az\/index.php?rest_route=\/wp\/v2\/types\/post"}],"author":[{"embeddable":true,"href":"https:\/\/arantv.az\/index.php?rest_route=\/wp\/v2\/users\/2"}],"replies":[{"embeddable":true,"href":"https:\/\/arantv.az\/index.php?rest_route=%2Fwp%2Fv2%2Fcomments&post=259043"}],"version-history":[{"count":0,"href":"https:\/\/arantv.az\/index.php?rest_route=\/wp\/v2\/posts\/259043\/revisions"}],"wp:featuredmedia":[{"embeddable":true,"href":"https:\/\/arantv.az\/index.php?rest_route=\/wp\/v2\/media\/259044"}],"wp:attachment":[{"href":"https:\/\/arantv.az\/index.php?rest_route=%2Fwp%2Fv2%2Fmedia&parent=259043"}],"wp:term":[{"taxonomy":"category","embeddable":true,"href":"https:\/\/arantv.az\/index.php?rest_route=%2Fwp%2Fv2%2Fcategories&post=259043"},{"taxonomy":"post_tag","embeddable":true,"href":"https:\/\/arantv.az\/index.php?rest_route=%2Fwp%2Fv2%2Ftags&post=259043"}],"curies":[{"name":"wp","href":"https:\/\/api.w.org\/{rel}","templated":true}]}}