{"id":259047,"date":"2020-12-24T09:47:45","date_gmt":"2020-12-24T06:47:45","guid":{"rendered":"http:\/\/arantv.az\/?p=259047"},"modified":"2020-12-24T09:47:45","modified_gmt":"2020-12-24T06:47:45","slug":"qazaxistan-prezidenti-ilham-%c9%99liyev%c9%99-z%c9%99ng-etdi","status":"publish","type":"post","link":"https:\/\/arantv.az\/?p=259047","title":{"rendered":"Qazax\u0131stan prezidenti \u0130lham \u018fliyev\u0259 z\u0259ng etdi"},"content":{"rendered":"<p>Qazax\u0131stan Respublikas\u0131n\u0131n Prezidenti Kas\u0131m-Jomart Tokayev dekabr\u0131n 24-d\u0259 Az\u0259rbaycan Respublikas\u0131n\u0131n Prezidenti \u0130lham \u018fliyev\u0259 telefonla z\u0259ng edib.<\/p>\n<p>Bununla ba\u011fl\u0131 Az\u0259rbaycan Prezidentinin M\u0259tbuat Xidm\u0259ti\u00a0<a href=\"https:\/\/azertag.az\/xeber\/Prezidentin_Metbuat_Xidmetinin_melumati-1673467\" target=\"_blank\" rel=\"noopener\">m\u0259lumat<\/a>\u00a0yay\u0131b.<\/p>\n<div id=\"AdviadNativeVideo0\" class=\"AdviadNativeVideo\"><\/div>\n<p>Qazax\u0131stan Prezidenti d\u00f6vl\u0259timizin ba\u015f\u00e7\u0131s\u0131n\u0131 ad g\u00fcn\u00fc m\u00fcnasib\u0259til\u0259 t\u0259brik edib, ona Az\u0259rbaycan\u0131n inki\u015faf\u0131 namin\u0259 f\u0259aliyy\u0259tind\u0259 u\u011furlar, m\u00f6hk\u0259m cansa\u011fl\u0131\u011f\u0131 arzulay\u0131b.<\/p>\n<p>Az\u0259rbaycan Prezidenti g\u00f6st\u0259ril\u0259n diqq\u0259t\u0259 v\u0259 t\u0259brik\u0259 g\u00f6r\u0259 minn\u0259tdarl\u0131\u011f\u0131n\u0131 bildirib.<\/p>\n<p>D\u00f6vl\u0259t ba\u015f\u00e7\u0131lar\u0131 Az\u0259rbaycan-Qazax\u0131stan dostluq m\u00fcnasib\u0259tl\u0259rinin u\u011furla inki\u015faf etdiyini vur\u011fulayaraq, \u0259laq\u0259l\u0259rimizin bundan sonra da geni\u015fl\u0259n\u0259c\u0259yin\u0259 \u0259min olduqlar\u0131n\u0131 bildiribl\u0259r.<\/p>\n","protected":false},"excerpt":{"rendered":"<p>Qazax\u0131stan Respublikas\u0131n\u0131n Prezidenti Kas\u0131m-Jomart Tokayev dekabr\u0131n 24-d\u0259 Az\u0259rbaycan Respublikas\u0131n\u0131n Prezidenti \u0130lham \u018fliyev\u0259 telefonla z\u0259ng edib. Bununla ba\u011fl\u0131 Az\u0259rbaycan Prezidentinin M\u0259tbuat Xidm\u0259ti\u00a0m\u0259lumat\u00a0yay\u0131b. Qazax\u0131stan Prezidenti d\u00f6vl\u0259timizin ba\u015f\u00e7\u0131s\u0131n\u0131 ad g\u00fcn\u00fc m\u00fcnasib\u0259til\u0259 t\u0259brik edib, ona Az\u0259rbaycan\u0131n inki\u015faf\u0131 namin\u0259 f\u0259aliyy\u0259tind\u0259 u\u011furlar, m\u00f6hk\u0259m cansa\u011fl\u0131\u011f\u0131 arzulay\u0131b. Az\u0259rbaycan Prezidenti g\u00f6st\u0259ril\u0259n diqq\u0259t\u0259 v\u0259 t\u0259brik\u0259 g\u00f6r\u0259 minn\u0259tdarl\u0131\u011f\u0131n\u0131 bildirib. D\u00f6vl\u0259t ba\u015f\u00e7\u0131lar\u0131 Az\u0259rbaycan-Qazax\u0131stan dostluq m\u00fcnasib\u0259tl\u0259rinin u\u011furla inki\u015faf etdiyini vur\u011fulayaraq, \u0259laq\u0259l\u0259rimizin bundan sonra da geni\u015fl\u0259n\u0259c\u0259yin\u0259 \u0259min olduqlar\u0131n\u0131 bildiribl\u0259r.<\/p>\n","protected":false},"author":2,"featured_media":259048,"comment_status":"closed","ping_status":"closed","sticky":false,"template":"","format":"standard","meta":{"om_disable_all_campaigns":false,"_monsterinsights_skip_tracking":false,"_monsterinsights_sitenote_active":false,"_monsterinsights_sitenote_note":"","_monsterinsights_sitenote_category":0},"categories":[4],"tags":[],"aioseo_notices":[],"gutentor_comment":0,"rttpg_featured_image_url":{"full":["https:\/\/arantv.az\/wp-content\/uploads\/2020\/12\/d42424ab-7df9-4fad-922f-55700f5894c7.jpg",620,438,false],"landscape":["https:\/\/arantv.az\/wp-content\/uploads\/2020\/12\/d42424ab-7df9-4fad-922f-55700f5894c7.jpg",620,438,false],"portraits":["https:\/\/arantv.az\/wp-content\/uploads\/2020\/12\/d42424ab-7df9-4fad-922f-55700f5894c7.jpg",620,438,false],"thumbnail":["https:\/\/arantv.az\/wp-content\/uploads\/2020\/12\/d42424ab-7df9-4fad-922f-55700f5894c7-150x150.jpg",150,150,true],"medium":["https:\/\/arantv.az\/wp-content\/uploads\/2020\/12\/d42424ab-7df9-4fad-922f-55700f5894c7-300x212.jpg",300,212,true],"large":["https:\/\/arantv.az\/wp-content\/uploads\/2020\/12\/d42424ab-7df9-4fad-922f-55700f5894c7.jpg",620,438,false],"1536x1536":["https:\/\/arantv.az\/wp-content\/uploads\/2020\/12\/d42424ab-7df9-4fad-922f-55700f5894c7.jpg",620,438,false],"2048x2048":["https:\/\/arantv.az\/wp-content\/uploads\/2020\/12\/d42424ab-7df9-4fad-922f-55700f5894c7.jpg",620,438,false],"post-thumbnail":["https:\/\/arantv.az\/wp-content\/uploads\/2020\/12\/d42424ab-7df9-4fad-922f-55700f5894c7-240x172.jpg",240,172,true],"advps-thumb-one":["https:\/\/arantv.az\/wp-content\/uploads\/2020\/12\/d42424ab-7df9-4fad-922f-55700f5894c7.jpg",620,438,false]},"rttpg_author":{"display_name":"V\u00fcsal Rafiqo\u011flu","author_link":"https:\/\/arantv.az\/?author=2"},"rttpg_comment":0,"rttpg_category":"<a href=\"https:\/\/arantv.az\/?cat=4\" rel=\"category\">Siyas\u0259t<\/a>","rttpg_excerpt":"Qazax\u0131stan Respublikas\u0131n\u0131n Prezidenti Kas\u0131m-Jomart Tokayev dekabr\u0131n 24-d\u0259 Az\u0259rbaycan Respublikas\u0131n\u0131n Prezidenti \u0130lham \u018fliyev\u0259 telefonla z\u0259ng edib. Bununla ba\u011fl\u0131 Az\u0259rbaycan Prezidentinin M\u0259tbuat Xidm\u0259ti\u00a0m\u0259lumat\u00a0yay\u0131b. Qazax\u0131stan Prezidenti d\u00f6vl\u0259timizin ba\u015f\u00e7\u0131s\u0131n\u0131 ad g\u00fcn\u00fc m\u00fcnasib\u0259til\u0259 t\u0259brik edib, ona Az\u0259rbaycan\u0131n inki\u015faf\u0131 namin\u0259 f\u0259aliyy\u0259tind\u0259 u\u011furlar, m\u00f6hk\u0259m cansa\u011fl\u0131\u011f\u0131 arzulay\u0131b. Az\u0259rbaycan Prezidenti g\u00f6st\u0259ril\u0259n diqq\u0259t\u0259 v\u0259 t\u0259brik\u0259 g\u00f6r\u0259 minn\u0259tdarl\u0131\u011f\u0131n\u0131 bildirib. D\u00f6vl\u0259t ba\u015f\u00e7\u0131lar\u0131 Az\u0259rbaycan-Qazax\u0131stan dostluq m\u00fcnasib\u0259tl\u0259rinin u\u011furla inki\u015faf&hellip;","_links":{"self":[{"href":"https:\/\/arantv.az\/index.php?rest_route=\/wp\/v2\/posts\/259047"}],"collection":[{"href":"https:\/\/arantv.az\/index.php?rest_route=\/wp\/v2\/posts"}],"about":[{"href":"https:\/\/arantv.az\/index.php?rest_route=\/wp\/v2\/types\/post"}],"author":[{"embeddable":true,"href":"https:\/\/arantv.az\/index.php?rest_route=\/wp\/v2\/users\/2"}],"replies":[{"embeddable":true,"href":"https:\/\/arantv.az\/index.php?rest_route=%2Fwp%2Fv2%2Fcomments&post=259047"}],"version-history":[{"count":0,"href":"https:\/\/arantv.az\/index.php?rest_route=\/wp\/v2\/posts\/259047\/revisions"}],"wp:featuredmedia":[{"embeddable":true,"href":"https:\/\/arantv.az\/index.php?rest_route=\/wp\/v2\/media\/259048"}],"wp:attachment":[{"href":"https:\/\/arantv.az\/index.php?rest_route=%2Fwp%2Fv2%2Fmedia&parent=259047"}],"wp:term":[{"taxonomy":"category","embeddable":true,"href":"https:\/\/arantv.az\/index.php?rest_route=%2Fwp%2Fv2%2Fcategories&post=259047"},{"taxonomy":"post_tag","embeddable":true,"href":"https:\/\/arantv.az\/index.php?rest_route=%2Fwp%2Fv2%2Ftags&post=259047"}],"curies":[{"name":"wp","href":"https:\/\/api.w.org\/{rel}","templated":true}]}}