{"id":259051,"date":"2020-12-24T09:49:09","date_gmt":"2020-12-24T06:49:09","guid":{"rendered":"http:\/\/arantv.az\/?p=259051"},"modified":"2020-12-24T09:49:09","modified_gmt":"2020-12-24T06:49:09","slug":"qarabagin-az%c9%99rbaycanli-icmasindan-prezident%c9%99-t%c9%99brik","status":"publish","type":"post","link":"https:\/\/arantv.az\/?p=259051","title":{"rendered":"Qaraba\u011f\u0131n az\u0259rbaycanl\u0131 icmas\u0131ndan Prezident\u0259 t\u0259brik"},"content":{"rendered":"<p>Az\u0259rbaycan Respublikas\u0131n\u0131n Da\u011fl\u0131q Qaraba\u011f b\u00f6lg\u0259sinin az\u0259rbaycanl\u0131 icmas\u0131n\u0131n idar\u0259 hey\u0259ti Prezident \u0130lham \u018fliyev\u0259 t\u0259brik m\u0259ktubu \u00fcnvanlay\u0131b.<\/p>\n<p><strong>ARANTV.AZ<\/strong>\u00a0 x\u0259b\u0259r verir ki, m\u0259ktubda deyilir:<\/p>\n<p><strong>\u201cM\u00f6ht\u0259r\u0259m C\u0259nab Prezident,<\/strong><\/p>\n<p><em>Sizi do\u011fum g\u00fcn\u00fc m\u00fcnasib\u0259til\u0259 b\u00fct\u00fcn kollektivimiz ad\u0131ndan s\u0259mimi q\u0259lbd\u0259n t\u0259brik edirik!<\/em><\/p>\n<p>\u00d6lk\u0259miz\u0259 r\u0259hb\u0259rlik etdiyiniz ill\u0259r \u0259rzind\u0259 Az\u0259rbaycan xalq\u0131 t\u0259r\u0259find\u0259n Siz\u0259 g\u00f6st\u0259ril\u0259n etimad\u0131 \u0259n y\u00fcks\u0259k \u015f\u0259kild\u0259 daim do\u011fruldaraq, v\u0259t\u0259nimizin inki\u015faf\u0131 \u00fc\u00e7\u00fcn misilsiz xidm\u0259tl\u0259r g\u00f6st\u0259rmisiniz. Sizin m\u00fcdrik siyas\u0259tiniz v\u0259 \u0259sl s\u0259rk\u0259rd\u0259lik bacar\u0131\u011f\u0131n\u0131z, o c\u00fcml\u0259d\u0259n h\u0259qiq\u0259tl\u0259rimizin d\u00fcnyaya \u00e7atd\u0131r\u0131lmas\u0131 istiqam\u0259tind\u0259 g\u00f6st\u0259rdiyiniz diplomatik m\u0259har\u0259t V\u0259t\u0259n M\u00fcharib\u0259sind\u0259 parlaq q\u0259l\u0259b\u0259 qazanma\u011f\u0131m\u0131zla n\u0259tic\u0259l\u0259ndi.<\/p>\n<p>Bununla xalq\u0131m\u0131z\u0131n 30 illik v\u0259t\u0259n h\u0259sr\u0259tin\u0259 son qoydunuz! Az\u0259rbaycan Ordusunun M\u00fcz\u0259ff\u0259r Ali Ba\u015f Komandan\u0131 kimi tariximizin \u0259n \u015fanl\u0131 q\u0259l\u0259b\u0259sini xalq\u0131m\u0131za ya\u015fatd\u0131\u011f\u0131n\u0131z \u00fc\u00e7\u00fcn Siz\u0259 sonsuz t\u0259\u015f\u0259kk\u00fcr\u00fcm\u00fcz\u00fc bildiririk! M\u0259hz Sizin Az\u0259rbaycan xalq\u0131 qar\u015f\u0131s\u0131nda misilsiz xidm\u0259tinizin n\u0259tic\u0259sidir ki, b\u00fct\u00fcn d\u00fcnya az\u0259rbaycanl\u0131lar\u0131 qalib xalq\u0131n n\u00fcmay\u0259nd\u0259l\u0259ri olma\u011f\u0131n q\u00fcrurunu ya\u015fay\u0131rlar.<\/p>\n<p>\u018fminik ki, Sizin r\u0259hb\u0259rliyiniz alt\u0131nda Az\u0259rbaycan Respublikas\u0131 daha da inki\u015faf ed\u0259c\u0259k, xalq\u0131m\u0131z\u0131n rifah\u0131, xo\u015fb\u0259xt g\u0259l\u0259c\u0259yi v\u0259 firavanl\u0131\u011f\u0131 t\u0259min edil\u0259c\u0259k.<\/p>\n<p>Siz\u0259 \u015f\u0259r\u0259fli i\u015finizd\u0259 u\u011furlar v\u0259 m\u00f6hk\u0259m can sa\u011fl\u0131\u011f\u0131 arzulay\u0131r\u0131q! Biz Sizin kimi r\u0259hb\u0259rimizin olmas\u0131 il\u0259 f\u0259xr edirik!\u201d<\/p>\n","protected":false},"excerpt":{"rendered":"<p>Az\u0259rbaycan Respublikas\u0131n\u0131n Da\u011fl\u0131q Qaraba\u011f b\u00f6lg\u0259sinin az\u0259rbaycanl\u0131 icmas\u0131n\u0131n idar\u0259 hey\u0259ti Prezident \u0130lham \u018fliyev\u0259 t\u0259brik m\u0259ktubu \u00fcnvanlay\u0131b. ARANTV.AZ\u00a0 x\u0259b\u0259r verir ki, m\u0259ktubda deyilir: \u201cM\u00f6ht\u0259r\u0259m C\u0259nab Prezident, Sizi do\u011fum g\u00fcn\u00fc m\u00fcnasib\u0259til\u0259 b\u00fct\u00fcn kollektivimiz ad\u0131ndan s\u0259mimi q\u0259lbd\u0259n t\u0259brik edirik! \u00d6lk\u0259miz\u0259 r\u0259hb\u0259rlik etdiyiniz ill\u0259r \u0259rzind\u0259 Az\u0259rbaycan xalq\u0131 t\u0259r\u0259find\u0259n Siz\u0259 g\u00f6st\u0259ril\u0259n etimad\u0131 \u0259n y\u00fcks\u0259k \u015f\u0259kild\u0259 daim do\u011fruldaraq, v\u0259t\u0259nimizin inki\u015faf\u0131 \u00fc\u00e7\u00fcn misilsiz xidm\u0259tl\u0259r g\u00f6st\u0259rmisiniz. Sizin m\u00fcdrik siyas\u0259tiniz v\u0259 \u0259sl s\u0259rk\u0259rd\u0259lik bacar\u0131\u011f\u0131n\u0131z, o c\u00fcml\u0259d\u0259n h\u0259qiq\u0259tl\u0259rimizin d\u00fcnyaya \u00e7atd\u0131r\u0131lmas\u0131 istiqam\u0259tind\u0259 g\u00f6st\u0259rdiyiniz diplomatik m\u0259har\u0259t V\u0259t\u0259n M\u00fcharib\u0259sind\u0259 parlaq q\u0259l\u0259b\u0259 qazanma\u011f\u0131m\u0131zla n\u0259tic\u0259l\u0259ndi. Bununla xalq\u0131m\u0131z\u0131n 30 illik v\u0259t\u0259n h\u0259sr\u0259tin\u0259 son qoydunuz! Az\u0259rbaycan Ordusunun M\u00fcz\u0259ff\u0259r&hellip;<\/p>\n","protected":false},"author":2,"featured_media":259052,"comment_status":"closed","ping_status":"closed","sticky":false,"template":"","format":"standard","meta":{"om_disable_all_campaigns":false,"_monsterinsights_skip_tracking":false,"_monsterinsights_sitenote_active":false,"_monsterinsights_sitenote_note":"","_monsterinsights_sitenote_category":0},"categories":[4],"tags":[],"aioseo_notices":[],"gutentor_comment":0,"rttpg_featured_image_url":{"full":["https:\/\/arantv.az\/wp-content\/uploads\/2020\/12\/5d700922160734673657838035110306328-2.jpg",975,540,false],"landscape":["https:\/\/arantv.az\/wp-content\/uploads\/2020\/12\/5d700922160734673657838035110306328-2.jpg",975,540,false],"portraits":["https:\/\/arantv.az\/wp-content\/uploads\/2020\/12\/5d700922160734673657838035110306328-2.jpg",975,540,false],"thumbnail":["https:\/\/arantv.az\/wp-content\/uploads\/2020\/12\/5d700922160734673657838035110306328-2-150x150.jpg",150,150,true],"medium":["https:\/\/arantv.az\/wp-content\/uploads\/2020\/12\/5d700922160734673657838035110306328-2-300x166.jpg",300,166,true],"large":["https:\/\/arantv.az\/wp-content\/uploads\/2020\/12\/5d700922160734673657838035110306328-2.jpg",640,354,false],"1536x1536":["https:\/\/arantv.az\/wp-content\/uploads\/2020\/12\/5d700922160734673657838035110306328-2.jpg",975,540,false],"2048x2048":["https:\/\/arantv.az\/wp-content\/uploads\/2020\/12\/5d700922160734673657838035110306328-2.jpg",975,540,false],"post-thumbnail":["https:\/\/arantv.az\/wp-content\/uploads\/2020\/12\/5d700922160734673657838035110306328-2-240x172.jpg",240,172,true],"advps-thumb-one":["https:\/\/arantv.az\/wp-content\/uploads\/2020\/12\/5d700922160734673657838035110306328-2.jpg",975,540,false]},"rttpg_author":{"display_name":"V\u00fcsal Rafiqo\u011flu","author_link":"https:\/\/arantv.az\/?author=2"},"rttpg_comment":0,"rttpg_category":"<a href=\"https:\/\/arantv.az\/?cat=4\" rel=\"category\">Siyas\u0259t<\/a>","rttpg_excerpt":"Az\u0259rbaycan Respublikas\u0131n\u0131n Da\u011fl\u0131q Qaraba\u011f b\u00f6lg\u0259sinin az\u0259rbaycanl\u0131 icmas\u0131n\u0131n idar\u0259 hey\u0259ti Prezident \u0130lham \u018fliyev\u0259 t\u0259brik m\u0259ktubu \u00fcnvanlay\u0131b. ARANTV.AZ\u00a0 x\u0259b\u0259r verir ki, m\u0259ktubda deyilir: \u201cM\u00f6ht\u0259r\u0259m C\u0259nab Prezident, Sizi do\u011fum g\u00fcn\u00fc m\u00fcnasib\u0259til\u0259 b\u00fct\u00fcn kollektivimiz ad\u0131ndan s\u0259mimi q\u0259lbd\u0259n t\u0259brik edirik! \u00d6lk\u0259miz\u0259 r\u0259hb\u0259rlik etdiyiniz ill\u0259r \u0259rzind\u0259 Az\u0259rbaycan xalq\u0131 t\u0259r\u0259find\u0259n Siz\u0259 g\u00f6st\u0259ril\u0259n etimad\u0131 \u0259n y\u00fcks\u0259k \u015f\u0259kild\u0259 daim do\u011fruldaraq, v\u0259t\u0259nimizin inki\u015faf\u0131 \u00fc\u00e7\u00fcn misilsiz&hellip;","_links":{"self":[{"href":"https:\/\/arantv.az\/index.php?rest_route=\/wp\/v2\/posts\/259051"}],"collection":[{"href":"https:\/\/arantv.az\/index.php?rest_route=\/wp\/v2\/posts"}],"about":[{"href":"https:\/\/arantv.az\/index.php?rest_route=\/wp\/v2\/types\/post"}],"author":[{"embeddable":true,"href":"https:\/\/arantv.az\/index.php?rest_route=\/wp\/v2\/users\/2"}],"replies":[{"embeddable":true,"href":"https:\/\/arantv.az\/index.php?rest_route=%2Fwp%2Fv2%2Fcomments&post=259051"}],"version-history":[{"count":0,"href":"https:\/\/arantv.az\/index.php?rest_route=\/wp\/v2\/posts\/259051\/revisions"}],"wp:featuredmedia":[{"embeddable":true,"href":"https:\/\/arantv.az\/index.php?rest_route=\/wp\/v2\/media\/259052"}],"wp:attachment":[{"href":"https:\/\/arantv.az\/index.php?rest_route=%2Fwp%2Fv2%2Fmedia&parent=259051"}],"wp:term":[{"taxonomy":"category","embeddable":true,"href":"https:\/\/arantv.az\/index.php?rest_route=%2Fwp%2Fv2%2Fcategories&post=259051"},{"taxonomy":"post_tag","embeddable":true,"href":"https:\/\/arantv.az\/index.php?rest_route=%2Fwp%2Fv2%2Ftags&post=259051"}],"curies":[{"name":"wp","href":"https:\/\/api.w.org\/{rel}","templated":true}]}}