{"id":25916,"date":"2018-12-03T09:21:14","date_gmt":"2018-12-03T06:21:14","guid":{"rendered":"http:\/\/arantv.az\/?p=25916"},"modified":"2018-12-03T09:21:14","modified_gmt":"2018-12-03T06:21:14","slug":"at%c9%99t-pa-nin-f%c9%99aliyy%c9%99ti-t%c9%99kmill%c9%99sdirilir","status":"publish","type":"post","link":"https:\/\/arantv.az\/?p=25916","title":{"rendered":"AT\u018fT PA-n\u0131n f\u0259aliyy\u0259ti t\u0259kmill\u0259\u015fdirilir"},"content":{"rendered":"<p>Milli M\u0259clisin (MM) deputat\u0131, AT\u018fT Parlament Assambleyas\u0131n\u0131n (PA) vitse-prezidenti\u00a0<strong>Azay Quliyev\u00a0<\/strong>qurumun B\u00fcro iclas\u0131nda v\u0259 AT\u018fT-in Nazirl\u0259r \u015euras\u0131n\u0131n 25-ci toplant\u0131s\u0131nda i\u015ftirak etm\u0259k \u00fc\u00e7\u00fcn dekabr\u0131n 4-d\u0259 \u0130taliyan\u0131n Milan \u015f\u0259h\u0259rin\u0259 s\u0259f\u0259r\u0259 ged\u0259c\u0259k.<\/p>\n<p><b>ARANTV.AZ\u00a0<\/b>x\u0259b\u0259r verir ki, B\u00fcro iclas\u0131nda AT\u018fT PA-n\u0131n 2019-cu il \u00fc\u00e7\u00fcn prioritet f\u0259aliyy\u0259t istiqam\u0259tl\u0259ri, Assambleyan\u0131n q\u0131\u015f v\u0259 yay sessiyalar\u0131n\u0131n, el\u0259c\u0259 d\u0259, n\u0259z\u0259rd\u0259 tutulmu\u015f dig\u0259r iclaslar\u0131n\u0131n g\u00fcnd\u0259liyin\u0259 aid m\u0259s\u0259l\u0259l\u0259r v\u0259 aktuall\u0131q k\u0259sb ed\u0259n dig\u0259r m\u00f6vzular\u00a0 m\u00fczakir\u0259 olunacaq.<\/p>\n<p>\u0130clasda AT\u018fT PA-n\u0131n f\u0259aliyy\u0259tini t\u0259kmill\u0259\u015fdirm\u0259k v\u0259 institusional s\u0259viyy\u0259d\u0259 yeni t\u0259cr\u00fcb\u0259l\u0259ri t\u0259tbiq etm\u0259k m\u0259qs\u0259dil\u0259 qurumda ke\u00e7irilm\u0259si n\u0259z\u0259rd\u0259 tutulan islahatlara\u00a0dair t\u0259klifl\u0259r\u0259 v\u0259 qurumun se\u00e7ki m\u00fc\u015fahid\u0259 missiyalar\u0131n\u0131n prosedur qaydalar\u0131na d\u0259yi\u015fiklikl\u0259rin edilm\u0259si m\u0259s\u0259l\u0259sin\u0259 bax\u0131lacaq.<\/p>\n<div id=\"AdributorNativeVideo0\" class=\"AdributorNativeVideo\"><\/div>\n<p>AT\u018fT-in Nazirl\u0259r \u015euras\u0131n\u0131n 25-ci iclas\u0131nda bir s\u0131ra m\u00f6vzular \u0259traf\u0131nda geni\u015f fikir m\u00fcbadil\u0259si apar\u0131lacaq.<\/p>\n<p>A.Quliyev B\u00fcro iclas\u0131nda m\u00fczakir\u0259y\u0259 \u00e7\u0131xar\u0131lan m\u0259s\u0259l\u0259l\u0259r\u0259 dair \u00f6z fikirl\u0259rini bildir\u0259c\u0259k.<\/p>\n<p>S\u0259f\u0259r dekabr\u0131n 8-d\u0259 ba\u015fa \u00e7atacaq.<\/p>\n<p>oxu.az<\/p>\n","protected":false},"excerpt":{"rendered":"<p>Milli M\u0259clisin (MM) deputat\u0131, AT\u018fT Parlament Assambleyas\u0131n\u0131n (PA) vitse-prezidenti\u00a0Azay Quliyev\u00a0qurumun B\u00fcro iclas\u0131nda v\u0259 AT\u018fT-in Nazirl\u0259r \u015euras\u0131n\u0131n 25-ci toplant\u0131s\u0131nda i\u015ftirak etm\u0259k \u00fc\u00e7\u00fcn dekabr\u0131n 4-d\u0259 \u0130taliyan\u0131n Milan \u015f\u0259h\u0259rin\u0259 s\u0259f\u0259r\u0259 ged\u0259c\u0259k. ARANTV.AZ\u00a0x\u0259b\u0259r verir ki, B\u00fcro iclas\u0131nda AT\u018fT PA-n\u0131n 2019-cu il \u00fc\u00e7\u00fcn prioritet f\u0259aliyy\u0259t istiqam\u0259tl\u0259ri, Assambleyan\u0131n q\u0131\u015f v\u0259 yay sessiyalar\u0131n\u0131n, el\u0259c\u0259 d\u0259, n\u0259z\u0259rd\u0259 tutulmu\u015f dig\u0259r iclaslar\u0131n\u0131n g\u00fcnd\u0259liyin\u0259 aid m\u0259s\u0259l\u0259l\u0259r v\u0259 aktuall\u0131q k\u0259sb ed\u0259n dig\u0259r m\u00f6vzular\u00a0 m\u00fczakir\u0259 olunacaq. \u0130clasda AT\u018fT PA-n\u0131n f\u0259aliyy\u0259tini t\u0259kmill\u0259\u015fdirm\u0259k v\u0259 institusional s\u0259viyy\u0259d\u0259 yeni t\u0259cr\u00fcb\u0259l\u0259ri t\u0259tbiq etm\u0259k m\u0259qs\u0259dil\u0259 qurumda ke\u00e7irilm\u0259si n\u0259z\u0259rd\u0259 tutulan islahatlara\u00a0dair t\u0259klifl\u0259r\u0259 v\u0259 qurumun se\u00e7ki m\u00fc\u015fahid\u0259 missiyalar\u0131n\u0131n prosedur qaydalar\u0131na d\u0259yi\u015fiklikl\u0259rin&hellip;<\/p>\n","protected":false},"author":2,"featured_media":25917,"comment_status":"closed","ping_status":"closed","sticky":false,"template":"","format":"standard","meta":{"om_disable_all_campaigns":false,"_monsterinsights_skip_tracking":false,"_monsterinsights_sitenote_active":false,"_monsterinsights_sitenote_note":"","_monsterinsights_sitenote_category":0},"categories":[4],"tags":[],"aioseo_notices":[],"gutentor_comment":0,"rttpg_featured_image_url":{"full":["https:\/\/arantv.az\/wp-content\/uploads\/2018\/12\/a-tet-atet.jpg",620,401,false],"landscape":["https:\/\/arantv.az\/wp-content\/uploads\/2018\/12\/a-tet-atet.jpg",620,401,false],"portraits":["https:\/\/arantv.az\/wp-content\/uploads\/2018\/12\/a-tet-atet.jpg",620,401,false],"thumbnail":["https:\/\/arantv.az\/wp-content\/uploads\/2018\/12\/a-tet-atet-150x150.jpg",150,150,true],"medium":["https:\/\/arantv.az\/wp-content\/uploads\/2018\/12\/a-tet-atet-300x194.jpg",300,194,true],"large":["https:\/\/arantv.az\/wp-content\/uploads\/2018\/12\/a-tet-atet.jpg",620,401,false],"1536x1536":["https:\/\/arantv.az\/wp-content\/uploads\/2018\/12\/a-tet-atet.jpg",620,401,false],"2048x2048":["https:\/\/arantv.az\/wp-content\/uploads\/2018\/12\/a-tet-atet.jpg",620,401,false],"post-thumbnail":["https:\/\/arantv.az\/wp-content\/uploads\/2018\/12\/a-tet-atet-240x172.jpg",240,172,true],"advps-thumb-one":["https:\/\/arantv.az\/wp-content\/uploads\/2018\/12\/a-tet-atet.jpg",620,401,false]},"rttpg_author":{"display_name":"V\u00fcsal Rafiqo\u011flu","author_link":"https:\/\/arantv.az\/?author=2"},"rttpg_comment":0,"rttpg_category":"<a href=\"https:\/\/arantv.az\/?cat=4\" rel=\"category\">Siyas\u0259t<\/a>","rttpg_excerpt":"Milli M\u0259clisin (MM) deputat\u0131, AT\u018fT Parlament Assambleyas\u0131n\u0131n (PA) vitse-prezidenti\u00a0Azay Quliyev\u00a0qurumun B\u00fcro iclas\u0131nda v\u0259 AT\u018fT-in Nazirl\u0259r \u015euras\u0131n\u0131n 25-ci toplant\u0131s\u0131nda i\u015ftirak etm\u0259k \u00fc\u00e7\u00fcn dekabr\u0131n 4-d\u0259 \u0130taliyan\u0131n Milan \u015f\u0259h\u0259rin\u0259 s\u0259f\u0259r\u0259 ged\u0259c\u0259k. ARANTV.AZ\u00a0x\u0259b\u0259r verir ki, B\u00fcro iclas\u0131nda AT\u018fT PA-n\u0131n 2019-cu il \u00fc\u00e7\u00fcn prioritet f\u0259aliyy\u0259t istiqam\u0259tl\u0259ri, Assambleyan\u0131n q\u0131\u015f v\u0259 yay sessiyalar\u0131n\u0131n, el\u0259c\u0259 d\u0259, n\u0259z\u0259rd\u0259 tutulmu\u015f dig\u0259r iclaslar\u0131n\u0131n g\u00fcnd\u0259liyin\u0259 aid m\u0259s\u0259l\u0259l\u0259r&hellip;","_links":{"self":[{"href":"https:\/\/arantv.az\/index.php?rest_route=\/wp\/v2\/posts\/25916"}],"collection":[{"href":"https:\/\/arantv.az\/index.php?rest_route=\/wp\/v2\/posts"}],"about":[{"href":"https:\/\/arantv.az\/index.php?rest_route=\/wp\/v2\/types\/post"}],"author":[{"embeddable":true,"href":"https:\/\/arantv.az\/index.php?rest_route=\/wp\/v2\/users\/2"}],"replies":[{"embeddable":true,"href":"https:\/\/arantv.az\/index.php?rest_route=%2Fwp%2Fv2%2Fcomments&post=25916"}],"version-history":[{"count":0,"href":"https:\/\/arantv.az\/index.php?rest_route=\/wp\/v2\/posts\/25916\/revisions"}],"wp:featuredmedia":[{"embeddable":true,"href":"https:\/\/arantv.az\/index.php?rest_route=\/wp\/v2\/media\/25917"}],"wp:attachment":[{"href":"https:\/\/arantv.az\/index.php?rest_route=%2Fwp%2Fv2%2Fmedia&parent=25916"}],"wp:term":[{"taxonomy":"category","embeddable":true,"href":"https:\/\/arantv.az\/index.php?rest_route=%2Fwp%2Fv2%2Fcategories&post=25916"},{"taxonomy":"post_tag","embeddable":true,"href":"https:\/\/arantv.az\/index.php?rest_route=%2Fwp%2Fv2%2Ftags&post=25916"}],"curies":[{"name":"wp","href":"https:\/\/api.w.org\/{rel}","templated":true}]}}