{"id":25919,"date":"2018-12-03T09:24:20","date_gmt":"2018-12-03T06:24:20","guid":{"rendered":"http:\/\/arantv.az\/?p=25919"},"modified":"2018-12-03T09:24:20","modified_gmt":"2018-12-03T06:24:20","slug":"ilham-%c9%99liyev-inkisaf-m%c9%99qs%c9%99dimizdir-coxcildliyinin-74-cu-cildi-capdan-cixib","status":"publish","type":"post","link":"https:\/\/arantv.az\/?p=25919","title":{"rendered":"\u201c\u0130lham \u018fliyev. \u0130nki\u015faf &#8211; m\u0259qs\u0259dimizdir\u201d \u00e7oxcildliyinin 74-c\u00fc cildi \u00e7apdan \u00e7\u0131x\u0131b"},"content":{"rendered":"<p><strong>ARANTV.AZ<\/strong> x\u0259b\u0259r verir ki, Az\u0259rbaycanl\u0131lar d\u00fcnyada \u00f6zl\u0259rini h\u0259mi\u015f\u0259 \u00f6z V\u0259t\u0259nin\u0259 ba\u011fl\u0131 insanlar kimi g\u00f6st\u0259ribl\u0259r. Bu g\u00fcn d\u0259 bu, bel\u0259dir. \u018flb\u0259tt\u0259, biz \u00e7ox ist\u0259yirik ki, xaricd\u0259 ya\u015fayan h\u0259r bir az\u0259rbaycanl\u0131 he\u00e7 olmasa, ild\u0259 bir d\u0259f\u0259 Az\u0259rbaycana g\u0259lsin. Birincisi, ona g\u00f6r\u0259 ki, V\u0259t\u0259nl\u0259 \u0259laq\u0259l\u0259r q\u0131r\u0131lmas\u0131n. \u0130kincisi, ona g\u00f6r\u0259 ki, Az\u0259rbaycan\u0131n m\u00fcxt\u0259lif yerl\u0259rind\u0259 \u00e7ox g\u00f6z\u0259l \u015f\u0259rait yarad\u0131l\u0131b. Bak\u0131 \u015f\u0259h\u0259rind\u0259, b\u00f6lg\u0259l\u0259rimizd\u0259 istirah\u0259t \u00fc\u00e7\u00fcn g\u00f6z\u0259l, m\u00fcasir otell\u0259r, istirah\u0259t zonalar\u0131 var. Hesab edir\u0259m ki, Az\u0259rbaycan indi d\u00fcnya miqyas\u0131nda \u00f6z imkanlar\u0131n\u0131 ortaya qoyur.<\/p>\n<p>\u201c\u0130lham \u018fliyev. \u0130nki\u015faf &#8211; m\u0259qs\u0259dimizdir\u201d \u00e7oxcildliyinin yenic\u0259 \u00e7apdan \u00e7\u0131xm\u0131\u015f 74-c\u00fc kitab\u0131nda yer alan bu fikirl\u0259r d\u00f6vl\u0259timizin ba\u015f\u00e7\u0131s\u0131n\u0131n 2016-c\u0131 il iyunun 3-d\u0259 D\u00fcnya Az\u0259rbaycanl\u0131lar\u0131n\u0131n IV Qurultay\u0131n\u0131n r\u0259smi a\u00e7\u0131l\u0131\u015f m\u0259rasimind\u0259 s\u00f6yl\u0259diyi nitqind\u0259n g\u00f6t\u00fcr\u00fcl\u00fcb.<\/p>\n<p>Az\u0259rbaycan Respublikas\u0131 Prezidenti Administrasiyas\u0131n\u0131n r\u0259hb\u0259ri, akademik Ramiz Mehdiyevin burax\u0131l\u0131\u015f\u0131na m\u0259sul oldu\u011fu \u00e7oxcildliyin n\u00f6vb\u0259ti kitab\u0131ndak\u0131 materiallar 2016-c\u0131 ilin may\u0131ndan iyul ay\u0131nad\u0259k olan d\u00f6vr\u00fc \u0259hat\u0259 edir.<\/p>\n<p>Kitaba Prezident \u0130lham \u018fliyevin Avstriyaya, Rusiyaya i\u015fg\u00fczar s\u0259f\u0259rl\u0259rin\u0259 dair informasiyalar, \u0130stanbulda D\u00fcnya Humanitar Sammitind\u0259, Berlind\u0259 Az\u0259rbaycan-Almaniya iqtisadi forumunda \u00e7\u0131x\u0131\u015flar\u0131n\u0131n m\u0259tnl\u0259ri, NATO Sammitind\u0259 i\u015ftirak etm\u0259k \u00fc\u00e7\u00fcn Pol\u015faya s\u0259f\u0259ri bar\u0259d\u0259 materiallar, Sammitin \u018ffqan\u0131stanla ba\u011fl\u0131 sessiyas\u0131nda \u00e7\u0131x\u0131\u015f\u0131n\u0131n m\u0259tni daxil edilib.<\/p>\n<p>N\u0259\u015frd\u0259 d\u00f6vl\u0259timizin ba\u015f\u00e7\u0131s\u0131n\u0131n Az\u0259rbaycana r\u0259smi s\u0259f\u0259r\u0259 g\u0259lmi\u015f T\u00fcrkiy\u0259nin Ba\u015f naziri il\u0259 g\u00f6r\u00fc\u015f\u00fc, Rusiya Federasiyas\u0131 Da\u011f\u0131stan Respublikas\u0131n\u0131n ba\u015f\u00e7\u0131s\u0131n\u0131 q\u0259bul etm\u0259si bar\u0259d\u0259 informasiyalar yer al\u0131b.<\/p>\n<p>\u00c7oxcildliyin 74-c\u00fc kitab\u0131nda Prezident \u0130lham \u018fliyevin \u0130ndoneziya, Niderland, Bolqar\u0131stan, \u0130ran, Rusiya, Belarus, \u00c7in, T\u00fcrkiy\u0259, \u0130taliya, \u018ffqan\u0131stan, B\u00f6y\u00fck Britaniya v\u0259 dig\u0259r d\u00f6vl\u0259tl\u0259rin \u00f6lk\u0259miz\u0259 s\u0259f\u0259r etmi\u015f y\u00fcks\u0259kv\u0259zif\u0259li \u015f\u0259xsl\u0259rini, \u201cThe Business Year\u201d jurnal\u0131n\u0131n ba\u015f redaktorunu v\u0259 ba\u015f direktorunu q\u0259bul etm\u0259si bar\u0259d\u0259 materiallar toplan\u0131b.<\/p>\n<p>Kitaba, h\u0259m\u00e7inin Az\u0259rbaycan Prezidentinin qo\u015funlar\u0131n t\u0259mas x\u0259ttind\u0259 yerl\u0259\u015f\u0259n T\u0259rt\u0259r, A\u011fdam v\u0259 B\u0259rd\u0259 rayonlar\u0131na s\u0259f\u0259rl\u0259rin\u0259, sakinl\u0259rl\u0259 g\u00f6r\u00fc\u015fl\u0259rin\u0259, Bak\u0131da apar\u0131lan yenid\u0259nqurma v\u0259 abadl\u0131q i\u015fl\u0259ri il\u0259 tan\u0131\u015fl\u0131\u011f\u0131na dair materiallar daxil olunub.<\/p>\n<p>Bu n\u0259\u015frd\u0259 Prezident \u0130lham \u018fliyevin XXIII Beyn\u0259lxalq \u201cX\u0259z\u0259r Neft v\u0259 Qaz-2016\u201d s\u0259rgi v\u0259 konfrans\u0131n\u0131n a\u00e7\u0131l\u0131\u015f\u0131 m\u0259rasimind\u0259, Nazirl\u0259r Kabinetinin 2016-c\u0131 ilin birinci yar\u0131s\u0131n\u0131n sosial-iqtisadi inki\u015faf\u0131n\u0131n yekunlar\u0131na v\u0259 qar\u015f\u0131da duran v\u0259zif\u0259l\u0259r\u0259 h\u0259sr olunmu\u015f iclas\u0131nda s\u00f6yl\u0259diyi nitql\u0259rinin m\u0259tnl\u0259ri, XXII Beyn\u0259lxalq Qida S\u0259nayesi v\u0259 X Beyn\u0259lxalq K\u0259nd T\u0259s\u0259rr\u00fcfat\u0131 s\u0259rgil\u0259ri il\u0259 tan\u0131\u015fl\u0131\u011f\u0131na dair informasiyalar toplan\u0131b.<\/p>\n<p>D\u00f6vl\u0259timizin ba\u015f\u00e7\u0131s\u0131n\u0131n \u00fcmummilli lider Heyd\u0259r \u018fliyevin anadan olmas\u0131n\u0131n 93-c\u00fc ild\u00f6n\u00fcm\u00fc v\u0259 fa\u015fizm \u00fcz\u0259rind\u0259 Q\u0259l\u0259b\u0259nin 71 illiyi, 28 May \u2013 Respublika G\u00fcn\u00fc il\u0259 \u0259laq\u0259dar r\u0259smi q\u0259bullarda s\u00f6yl\u0259diyi nitql\u0259rinin, \u201cG\u0259nc\u0259-2016-c\u0131 il Avropa g\u0259ncl\u0259r paytaxt\u0131\u201d layih\u0259sinin a\u00e7\u0131l\u0131\u015f\u0131 m\u0259rasiminin i\u015ftirak\u00e7\u0131lar\u0131na \u00fcnvanlanm\u0131\u015f m\u0259ktubunun, 80 illik yubileyi m\u00fcnasib\u0259til\u0259 \u015fair Oljas S\u00fcleymenova t\u0259brikinin v\u0259 dig\u0259r m\u00fcraci\u0259t v\u0259 m\u0259ktublar\u0131n m\u0259tnl\u0259ri il\u0259 d\u0259 bu kitabda tan\u0131\u015f olmaq m\u00fcmk\u00fcnd\u00fcr.<\/p>\n<p>Kitabda \u201cQeydl\u0259r\u201d, \u201c\u015e\u0259xsi adlar\u201d, \u201cCo\u011frafi adlar\u201d g\u00f6st\u0259ricil\u0259ri verilib.<\/p>\n<p>\u201cAz\u0259rn\u0259\u015fr\u201d t\u0259r\u0259find\u0259n burax\u0131lan 74-c\u00fc kitab\u0131n haz\u0131rlanmas\u0131nda Az\u0259rbaycan D\u00f6vl\u0259t \u0130nformasiya Agentliyinin (<a href=\"https:\/\/azertag.az\/\" target=\"_blank\" rel=\"noopener\">AZ\u018fRTAC<\/a>) materiallar\u0131ndan istifad\u0259 olunub.<\/p>\n","protected":false},"excerpt":{"rendered":"<p>ARANTV.AZ x\u0259b\u0259r verir ki, Az\u0259rbaycanl\u0131lar d\u00fcnyada \u00f6zl\u0259rini h\u0259mi\u015f\u0259 \u00f6z V\u0259t\u0259nin\u0259 ba\u011fl\u0131 insanlar kimi g\u00f6st\u0259ribl\u0259r. Bu g\u00fcn d\u0259 bu, bel\u0259dir. \u018flb\u0259tt\u0259, biz \u00e7ox ist\u0259yirik ki, xaricd\u0259 ya\u015fayan h\u0259r bir az\u0259rbaycanl\u0131 he\u00e7 olmasa, ild\u0259 bir d\u0259f\u0259 Az\u0259rbaycana g\u0259lsin. Birincisi, ona g\u00f6r\u0259 ki, V\u0259t\u0259nl\u0259 \u0259laq\u0259l\u0259r q\u0131r\u0131lmas\u0131n. \u0130kincisi, ona g\u00f6r\u0259 ki, Az\u0259rbaycan\u0131n m\u00fcxt\u0259lif yerl\u0259rind\u0259 \u00e7ox g\u00f6z\u0259l \u015f\u0259rait yarad\u0131l\u0131b. Bak\u0131 \u015f\u0259h\u0259rind\u0259, b\u00f6lg\u0259l\u0259rimizd\u0259 istirah\u0259t \u00fc\u00e7\u00fcn g\u00f6z\u0259l, m\u00fcasir otell\u0259r, istirah\u0259t zonalar\u0131 var. Hesab edir\u0259m ki, Az\u0259rbaycan indi d\u00fcnya miqyas\u0131nda \u00f6z imkanlar\u0131n\u0131 ortaya qoyur. \u201c\u0130lham \u018fliyev. \u0130nki\u015faf &#8211; m\u0259qs\u0259dimizdir\u201d \u00e7oxcildliyinin yenic\u0259 \u00e7apdan \u00e7\u0131xm\u0131\u015f 74-c\u00fc kitab\u0131nda yer alan bu&hellip;<\/p>\n","protected":false},"author":2,"featured_media":25920,"comment_status":"closed","ping_status":"closed","sticky":false,"template":"","format":"standard","meta":{"om_disable_all_campaigns":false,"_monsterinsights_skip_tracking":false,"_monsterinsights_sitenote_active":false,"_monsterinsights_sitenote_note":"","_monsterinsights_sitenote_category":0},"categories":[4],"tags":[],"aioseo_notices":[],"gutentor_comment":0,"rttpg_featured_image_url":{"full":["https:\/\/arantv.az\/wp-content\/uploads\/2018\/12\/acvu88ugvmbait3jr8686mik6274.jpg",462,315,false],"landscape":["https:\/\/arantv.az\/wp-content\/uploads\/2018\/12\/acvu88ugvmbait3jr8686mik6274.jpg",462,315,false],"portraits":["https:\/\/arantv.az\/wp-content\/uploads\/2018\/12\/acvu88ugvmbait3jr8686mik6274.jpg",462,315,false],"thumbnail":["https:\/\/arantv.az\/wp-content\/uploads\/2018\/12\/acvu88ugvmbait3jr8686mik6274-150x150.jpg",150,150,true],"medium":["https:\/\/arantv.az\/wp-content\/uploads\/2018\/12\/acvu88ugvmbait3jr8686mik6274-300x205.jpg",300,205,true],"large":["https:\/\/arantv.az\/wp-content\/uploads\/2018\/12\/acvu88ugvmbait3jr8686mik6274.jpg",462,315,false],"1536x1536":["https:\/\/arantv.az\/wp-content\/uploads\/2018\/12\/acvu88ugvmbait3jr8686mik6274.jpg",462,315,false],"2048x2048":["https:\/\/arantv.az\/wp-content\/uploads\/2018\/12\/acvu88ugvmbait3jr8686mik6274.jpg",462,315,false],"post-thumbnail":["https:\/\/arantv.az\/wp-content\/uploads\/2018\/12\/acvu88ugvmbait3jr8686mik6274-240x172.jpg",240,172,true],"advps-thumb-one":["https:\/\/arantv.az\/wp-content\/uploads\/2018\/12\/acvu88ugvmbait3jr8686mik6274.jpg",462,315,false]},"rttpg_author":{"display_name":"V\u00fcsal Rafiqo\u011flu","author_link":"https:\/\/arantv.az\/?author=2"},"rttpg_comment":0,"rttpg_category":"<a href=\"https:\/\/arantv.az\/?cat=4\" rel=\"category\">Siyas\u0259t<\/a>","rttpg_excerpt":"ARANTV.AZ x\u0259b\u0259r verir ki, Az\u0259rbaycanl\u0131lar d\u00fcnyada \u00f6zl\u0259rini h\u0259mi\u015f\u0259 \u00f6z V\u0259t\u0259nin\u0259 ba\u011fl\u0131 insanlar kimi g\u00f6st\u0259ribl\u0259r. Bu g\u00fcn d\u0259 bu, bel\u0259dir. \u018flb\u0259tt\u0259, biz \u00e7ox ist\u0259yirik ki, xaricd\u0259 ya\u015fayan h\u0259r bir az\u0259rbaycanl\u0131 he\u00e7 olmasa, ild\u0259 bir d\u0259f\u0259 Az\u0259rbaycana g\u0259lsin. Birincisi, ona g\u00f6r\u0259 ki, V\u0259t\u0259nl\u0259 \u0259laq\u0259l\u0259r q\u0131r\u0131lmas\u0131n. \u0130kincisi, ona g\u00f6r\u0259 ki, Az\u0259rbaycan\u0131n m\u00fcxt\u0259lif yerl\u0259rind\u0259 \u00e7ox g\u00f6z\u0259l \u015f\u0259rait yarad\u0131l\u0131b. Bak\u0131&hellip;","_links":{"self":[{"href":"https:\/\/arantv.az\/index.php?rest_route=\/wp\/v2\/posts\/25919"}],"collection":[{"href":"https:\/\/arantv.az\/index.php?rest_route=\/wp\/v2\/posts"}],"about":[{"href":"https:\/\/arantv.az\/index.php?rest_route=\/wp\/v2\/types\/post"}],"author":[{"embeddable":true,"href":"https:\/\/arantv.az\/index.php?rest_route=\/wp\/v2\/users\/2"}],"replies":[{"embeddable":true,"href":"https:\/\/arantv.az\/index.php?rest_route=%2Fwp%2Fv2%2Fcomments&post=25919"}],"version-history":[{"count":0,"href":"https:\/\/arantv.az\/index.php?rest_route=\/wp\/v2\/posts\/25919\/revisions"}],"wp:featuredmedia":[{"embeddable":true,"href":"https:\/\/arantv.az\/index.php?rest_route=\/wp\/v2\/media\/25920"}],"wp:attachment":[{"href":"https:\/\/arantv.az\/index.php?rest_route=%2Fwp%2Fv2%2Fmedia&parent=25919"}],"wp:term":[{"taxonomy":"category","embeddable":true,"href":"https:\/\/arantv.az\/index.php?rest_route=%2Fwp%2Fv2%2Fcategories&post=25919"},{"taxonomy":"post_tag","embeddable":true,"href":"https:\/\/arantv.az\/index.php?rest_route=%2Fwp%2Fv2%2Ftags&post=25919"}],"curies":[{"name":"wp","href":"https:\/\/api.w.org\/{rel}","templated":true}]}}