{"id":259293,"date":"2020-12-24T11:52:58","date_gmt":"2020-12-24T08:52:58","guid":{"rendered":"http:\/\/arantv.az\/?p=259293"},"modified":"2020-12-24T11:52:58","modified_gmt":"2020-12-24T08:52:58","slug":"yeni-il-qapanmasi-quvv%c9%99y%c9%99-mindi","status":"publish","type":"post","link":"https:\/\/arantv.az\/?p=259293","title":{"rendered":"Yeni il qapanmas\u0131 Q\u00dcVV\u018fY\u018f M\u0130ND\u0130"},"content":{"rendered":"<p>\u0130taliyada koronavirus qada\u011falar\u0131n\u0131n t\u0259tbiqin\u0259 ba\u015flan\u0131l\u0131b.<\/p>\n<p><strong>ARANTV.AZ<\/strong>\u00a0\u00a0<a title=\"xeberler son xeberler 2020\" href=\"https:\/\/big.az\/\" target=\"_blank\" rel=\"noopener\">x\u0259b\u0259r<\/a>\u00a0verir ki, bununla da \u00f6lk\u0259 daxilind\u0259 p\u0259rak\u0259nd\u0259 sat\u0131\u015f ma\u011fazalar\u0131 ba\u011flan\u0131r, restoran v\u0259 barlar yaln\u0131z \u00e7atd\u0131r\u0131lma xidm\u0259ti ed\u0259 bil\u0259r. Yeni il ziyaf\u0259tin\u0259 \u0259n \u00e7ox iki yetkinin d\u0259v\u0259t edilm\u0259si t\u00f6vsiy\u0259 olunur.<\/p>\n<div id=\"AdviadNativeVideo0\" class=\"AdviadNativeVideo\"><\/div>\n<p>Yeni il \u0259r\u0259f\u0259si d\u0259 daxil olmaqla \u015f\u0259h\u0259r meydanlar\u0131nda ist\u0259nil\u0259n formada topla\u015fmaq qada\u011fand\u0131r. &#8220;Q\u0131rm\u0131z\u0131 zona&#8221; 6 yanvar tarixin\u0259d\u0259k q\u00fcvv\u0259d\u0259 olacaq.<\/p>\n<p>Qeyd ed\u0259k ki, yanvar\u0131n 7-d\u0259 \u0259halinin k\u00fctl\u0259vi peyv\u0259ndl\u0259nm\u0259si kampaniyas\u0131na ba\u015flan\u0131lacaq. \/Unikal.org<\/p>\n","protected":false},"excerpt":{"rendered":"<p>\u0130taliyada koronavirus qada\u011falar\u0131n\u0131n t\u0259tbiqin\u0259 ba\u015flan\u0131l\u0131b. ARANTV.AZ\u00a0\u00a0x\u0259b\u0259r\u00a0verir ki, bununla da \u00f6lk\u0259 daxilind\u0259 p\u0259rak\u0259nd\u0259 sat\u0131\u015f ma\u011fazalar\u0131 ba\u011flan\u0131r, restoran v\u0259 barlar yaln\u0131z \u00e7atd\u0131r\u0131lma xidm\u0259ti ed\u0259 bil\u0259r. Yeni il ziyaf\u0259tin\u0259 \u0259n \u00e7ox iki yetkinin d\u0259v\u0259t edilm\u0259si t\u00f6vsiy\u0259 olunur. Yeni il \u0259r\u0259f\u0259si d\u0259 daxil olmaqla \u015f\u0259h\u0259r meydanlar\u0131nda ist\u0259nil\u0259n formada topla\u015fmaq qada\u011fand\u0131r. &#8220;Q\u0131rm\u0131z\u0131 zona&#8221; 6 yanvar tarixin\u0259d\u0259k q\u00fcvv\u0259d\u0259 olacaq. Qeyd ed\u0259k ki, yanvar\u0131n 7-d\u0259 \u0259halinin k\u00fctl\u0259vi peyv\u0259ndl\u0259nm\u0259si kampaniyas\u0131na ba\u015flan\u0131lacaq. \/Unikal.org<\/p>\n","protected":false},"author":2,"featured_media":259294,"comment_status":"closed","ping_status":"closed","sticky":false,"template":"","format":"standard","meta":{"om_disable_all_campaigns":false,"_monsterinsights_skip_tracking":false,"_monsterinsights_sitenote_active":false,"_monsterinsights_sitenote_note":"","_monsterinsights_sitenote_category":0},"categories":[7],"tags":[],"aioseo_notices":[],"gutentor_comment":0,"rttpg_featured_image_url":{"full":["https:\/\/arantv.az\/wp-content\/uploads\/2020\/12\/yeni_il_51608194181_91608795404.jpg",649,487,false],"landscape":["https:\/\/arantv.az\/wp-content\/uploads\/2020\/12\/yeni_il_51608194181_91608795404.jpg",649,487,false],"portraits":["https:\/\/arantv.az\/wp-content\/uploads\/2020\/12\/yeni_il_51608194181_91608795404.jpg",649,487,false],"thumbnail":["https:\/\/arantv.az\/wp-content\/uploads\/2020\/12\/yeni_il_51608194181_91608795404-150x150.jpg",150,150,true],"medium":["https:\/\/arantv.az\/wp-content\/uploads\/2020\/12\/yeni_il_51608194181_91608795404-300x225.jpg",300,225,true],"large":["https:\/\/arantv.az\/wp-content\/uploads\/2020\/12\/yeni_il_51608194181_91608795404.jpg",640,480,false],"1536x1536":["https:\/\/arantv.az\/wp-content\/uploads\/2020\/12\/yeni_il_51608194181_91608795404.jpg",649,487,false],"2048x2048":["https:\/\/arantv.az\/wp-content\/uploads\/2020\/12\/yeni_il_51608194181_91608795404.jpg",649,487,false],"post-thumbnail":["https:\/\/arantv.az\/wp-content\/uploads\/2020\/12\/yeni_il_51608194181_91608795404-240x172.jpg",240,172,true],"advps-thumb-one":["https:\/\/arantv.az\/wp-content\/uploads\/2020\/12\/yeni_il_51608194181_91608795404.jpg",649,487,false]},"rttpg_author":{"display_name":"V\u00fcsal Rafiqo\u011flu","author_link":"https:\/\/arantv.az\/?author=2"},"rttpg_comment":0,"rttpg_category":"<a href=\"https:\/\/arantv.az\/?cat=7\" rel=\"category\">D\u00fcnya<\/a>","rttpg_excerpt":"\u0130taliyada koronavirus qada\u011falar\u0131n\u0131n t\u0259tbiqin\u0259 ba\u015flan\u0131l\u0131b. ARANTV.AZ\u00a0\u00a0x\u0259b\u0259r\u00a0verir ki, bununla da \u00f6lk\u0259 daxilind\u0259 p\u0259rak\u0259nd\u0259 sat\u0131\u015f ma\u011fazalar\u0131 ba\u011flan\u0131r, restoran v\u0259 barlar yaln\u0131z \u00e7atd\u0131r\u0131lma xidm\u0259ti ed\u0259 bil\u0259r. Yeni il ziyaf\u0259tin\u0259 \u0259n \u00e7ox iki yetkinin d\u0259v\u0259t edilm\u0259si t\u00f6vsiy\u0259 olunur. Yeni il \u0259r\u0259f\u0259si d\u0259 daxil olmaqla \u015f\u0259h\u0259r meydanlar\u0131nda ist\u0259nil\u0259n formada topla\u015fmaq qada\u011fand\u0131r. &#8220;Q\u0131rm\u0131z\u0131 zona&#8221; 6 yanvar tarixin\u0259d\u0259k q\u00fcvv\u0259d\u0259 olacaq. Qeyd ed\u0259k&hellip;","_links":{"self":[{"href":"https:\/\/arantv.az\/index.php?rest_route=\/wp\/v2\/posts\/259293"}],"collection":[{"href":"https:\/\/arantv.az\/index.php?rest_route=\/wp\/v2\/posts"}],"about":[{"href":"https:\/\/arantv.az\/index.php?rest_route=\/wp\/v2\/types\/post"}],"author":[{"embeddable":true,"href":"https:\/\/arantv.az\/index.php?rest_route=\/wp\/v2\/users\/2"}],"replies":[{"embeddable":true,"href":"https:\/\/arantv.az\/index.php?rest_route=%2Fwp%2Fv2%2Fcomments&post=259293"}],"version-history":[{"count":0,"href":"https:\/\/arantv.az\/index.php?rest_route=\/wp\/v2\/posts\/259293\/revisions"}],"wp:featuredmedia":[{"embeddable":true,"href":"https:\/\/arantv.az\/index.php?rest_route=\/wp\/v2\/media\/259294"}],"wp:attachment":[{"href":"https:\/\/arantv.az\/index.php?rest_route=%2Fwp%2Fv2%2Fmedia&parent=259293"}],"wp:term":[{"taxonomy":"category","embeddable":true,"href":"https:\/\/arantv.az\/index.php?rest_route=%2Fwp%2Fv2%2Fcategories&post=259293"},{"taxonomy":"post_tag","embeddable":true,"href":"https:\/\/arantv.az\/index.php?rest_route=%2Fwp%2Fv2%2Ftags&post=259293"}],"curies":[{"name":"wp","href":"https:\/\/api.w.org\/{rel}","templated":true}]}}