{"id":259360,"date":"2020-12-24T13:07:23","date_gmt":"2020-12-24T10:07:23","guid":{"rendered":"http:\/\/arantv.az\/?p=259360"},"modified":"2020-12-24T13:07:23","modified_gmt":"2020-12-24T10:07:23","slug":"rovn%c9%99q-abdullayev-2020-ci-ili-d%c9%99y%c9%99rl%c9%99ndirdi","status":"publish","type":"post","link":"https:\/\/arantv.az\/?p=259360","title":{"rendered":"R\u00f6vn\u0259q Abdullayev 2020-ci ili d\u0259y\u0259rl\u0259ndirdi"},"content":{"rendered":"<p>\u201cS\u0259m\u0259r\u0259li m\u00fczakir\u0259l\u0259r apard\u0131q, m\u00fcvafiq q\u0259rarlar q\u0259bul olundu. H\u0259r biriniz\u0259 iclasda i\u015ftirak\u0131n\u0131za g\u00f6r\u0259 t\u0259\u015f\u0259kk\u00fcr edir\u0259m. Bu il \u00fc\u00e7\u00fcn \u0130craiyy\u0259 Komit\u0259sinin sonuncu iclas\u0131 idi\u201d.<\/p>\n<p>Bunu AFFA-n\u0131n prezidenti R\u00f6vn\u0259q Abdullayev deyib.<\/p>\n<p>AFFA-n\u0131n bu g\u00fcn ke\u00e7irilmi\u015f \u0130craiyy\u0259 Komit\u0259sinin iclas\u0131ndan sonra Abdullayev 2020-ci ili d\u0259 d\u0259y\u0259rl\u0259ndirib:<\/p>\n<p>\u201cPandemiya il\u0259 \u0259laq\u0259dar bu il b\u00fct\u00fcn d\u00fcnya \u00fc\u00e7\u00fcn yadda\u015flarda u\u011fursuz il kimi qala bil\u0259r, amma Az\u0259rbaycan \u00fc\u00e7\u00fcn, xalq\u0131m\u0131z \u00fc\u00e7\u00fcn 2020-ci il z\u0259f\u0259r ilidir. Uzun m\u00fcdd\u0259t i\u015f\u011fal alt\u0131nda olan torpaqlar\u0131m\u0131z\u0131 c\u0259nab Ali Ba\u015f Komandan\u0131n q\u0259tiyy\u0259ti, c\u0259sar\u0259ti v\u0259 ordumuzun r\u0259\u015fad\u0259ti say\u0259sind\u0259 azad etm\u0259y\u0259 nail olduq. Arzu edir\u0259m ki, bundan sonra b\u00fct\u00fcn ill\u0259r \u00f6lk\u0259mizin quruculuq, inki\u015faf ill\u0259ri olsun. H\u0259r birinizi qar\u015f\u0131dan g\u0259l\u0259n Yeni il v\u0259 D\u00fcnya Az\u0259rbaycanl\u0131lar\u0131n\u0131n H\u0259mr\u0259yliyi G\u00fcn\u00fc m\u00fcnasib\u0259til\u0259 t\u0259brik edir, bu pandemiya g\u00fcnl\u0259rind\u0259 sa\u011flam olma\u011f\u0131n\u0131z\u0131\u00a0arzulay\u0131ram!\u201d.<\/p>\n","protected":false},"excerpt":{"rendered":"<p>\u201cS\u0259m\u0259r\u0259li m\u00fczakir\u0259l\u0259r apard\u0131q, m\u00fcvafiq q\u0259rarlar q\u0259bul olundu. H\u0259r biriniz\u0259 iclasda i\u015ftirak\u0131n\u0131za g\u00f6r\u0259 t\u0259\u015f\u0259kk\u00fcr edir\u0259m. Bu il \u00fc\u00e7\u00fcn \u0130craiyy\u0259 Komit\u0259sinin sonuncu iclas\u0131 idi\u201d. Bunu AFFA-n\u0131n prezidenti R\u00f6vn\u0259q Abdullayev deyib. AFFA-n\u0131n bu g\u00fcn ke\u00e7irilmi\u015f \u0130craiyy\u0259 Komit\u0259sinin iclas\u0131ndan sonra Abdullayev 2020-ci ili d\u0259 d\u0259y\u0259rl\u0259ndirib: \u201cPandemiya il\u0259 \u0259laq\u0259dar bu il b\u00fct\u00fcn d\u00fcnya \u00fc\u00e7\u00fcn yadda\u015flarda u\u011fursuz il kimi qala bil\u0259r, amma Az\u0259rbaycan \u00fc\u00e7\u00fcn, xalq\u0131m\u0131z \u00fc\u00e7\u00fcn 2020-ci il z\u0259f\u0259r ilidir. Uzun m\u00fcdd\u0259t i\u015f\u011fal alt\u0131nda olan torpaqlar\u0131m\u0131z\u0131 c\u0259nab Ali Ba\u015f Komandan\u0131n q\u0259tiyy\u0259ti, c\u0259sar\u0259ti v\u0259 ordumuzun r\u0259\u015fad\u0259ti say\u0259sind\u0259 azad etm\u0259y\u0259 nail olduq. Arzu edir\u0259m ki, bundan sonra b\u00fct\u00fcn&hellip;<\/p>\n","protected":false},"author":2,"featured_media":259361,"comment_status":"closed","ping_status":"closed","sticky":false,"template":"","format":"standard","meta":{"om_disable_all_campaigns":false,"_monsterinsights_skip_tracking":false,"_monsterinsights_sitenote_active":false,"_monsterinsights_sitenote_note":"","_monsterinsights_sitenote_category":0},"categories":[6],"tags":[],"aioseo_notices":[],"gutentor_comment":0,"rttpg_featured_image_url":{"full":["https:\/\/arantv.az\/wp-content\/uploads\/2020\/12\/f13f7a1f-0bbe-3701-a8f6-4280af3ad9e8_850.jpg",620,387,false],"landscape":["https:\/\/arantv.az\/wp-content\/uploads\/2020\/12\/f13f7a1f-0bbe-3701-a8f6-4280af3ad9e8_850.jpg",620,387,false],"portraits":["https:\/\/arantv.az\/wp-content\/uploads\/2020\/12\/f13f7a1f-0bbe-3701-a8f6-4280af3ad9e8_850.jpg",620,387,false],"thumbnail":["https:\/\/arantv.az\/wp-content\/uploads\/2020\/12\/f13f7a1f-0bbe-3701-a8f6-4280af3ad9e8_850-150x150.jpg",150,150,true],"medium":["https:\/\/arantv.az\/wp-content\/uploads\/2020\/12\/f13f7a1f-0bbe-3701-a8f6-4280af3ad9e8_850-300x187.jpg",300,187,true],"large":["https:\/\/arantv.az\/wp-content\/uploads\/2020\/12\/f13f7a1f-0bbe-3701-a8f6-4280af3ad9e8_850.jpg",620,387,false],"1536x1536":["https:\/\/arantv.az\/wp-content\/uploads\/2020\/12\/f13f7a1f-0bbe-3701-a8f6-4280af3ad9e8_850.jpg",620,387,false],"2048x2048":["https:\/\/arantv.az\/wp-content\/uploads\/2020\/12\/f13f7a1f-0bbe-3701-a8f6-4280af3ad9e8_850.jpg",620,387,false],"post-thumbnail":["https:\/\/arantv.az\/wp-content\/uploads\/2020\/12\/f13f7a1f-0bbe-3701-a8f6-4280af3ad9e8_850-240x172.jpg",240,172,true],"advps-thumb-one":["https:\/\/arantv.az\/wp-content\/uploads\/2020\/12\/f13f7a1f-0bbe-3701-a8f6-4280af3ad9e8_850.jpg",620,387,false]},"rttpg_author":{"display_name":"V\u00fcsal Rafiqo\u011flu","author_link":"https:\/\/arantv.az\/?author=2"},"rttpg_comment":0,"rttpg_category":"<a href=\"https:\/\/arantv.az\/?cat=6\" rel=\"category\">\u0130dman<\/a>","rttpg_excerpt":"\u201cS\u0259m\u0259r\u0259li m\u00fczakir\u0259l\u0259r apard\u0131q, m\u00fcvafiq q\u0259rarlar q\u0259bul olundu. H\u0259r biriniz\u0259 iclasda i\u015ftirak\u0131n\u0131za g\u00f6r\u0259 t\u0259\u015f\u0259kk\u00fcr edir\u0259m. Bu il \u00fc\u00e7\u00fcn \u0130craiyy\u0259 Komit\u0259sinin sonuncu iclas\u0131 idi\u201d. Bunu AFFA-n\u0131n prezidenti R\u00f6vn\u0259q Abdullayev deyib. AFFA-n\u0131n bu g\u00fcn ke\u00e7irilmi\u015f \u0130craiyy\u0259 Komit\u0259sinin iclas\u0131ndan sonra Abdullayev 2020-ci ili d\u0259 d\u0259y\u0259rl\u0259ndirib: \u201cPandemiya il\u0259 \u0259laq\u0259dar bu il b\u00fct\u00fcn d\u00fcnya \u00fc\u00e7\u00fcn yadda\u015flarda u\u011fursuz il kimi qala bil\u0259r,&hellip;","_links":{"self":[{"href":"https:\/\/arantv.az\/index.php?rest_route=\/wp\/v2\/posts\/259360"}],"collection":[{"href":"https:\/\/arantv.az\/index.php?rest_route=\/wp\/v2\/posts"}],"about":[{"href":"https:\/\/arantv.az\/index.php?rest_route=\/wp\/v2\/types\/post"}],"author":[{"embeddable":true,"href":"https:\/\/arantv.az\/index.php?rest_route=\/wp\/v2\/users\/2"}],"replies":[{"embeddable":true,"href":"https:\/\/arantv.az\/index.php?rest_route=%2Fwp%2Fv2%2Fcomments&post=259360"}],"version-history":[{"count":0,"href":"https:\/\/arantv.az\/index.php?rest_route=\/wp\/v2\/posts\/259360\/revisions"}],"wp:featuredmedia":[{"embeddable":true,"href":"https:\/\/arantv.az\/index.php?rest_route=\/wp\/v2\/media\/259361"}],"wp:attachment":[{"href":"https:\/\/arantv.az\/index.php?rest_route=%2Fwp%2Fv2%2Fmedia&parent=259360"}],"wp:term":[{"taxonomy":"category","embeddable":true,"href":"https:\/\/arantv.az\/index.php?rest_route=%2Fwp%2Fv2%2Fcategories&post=259360"},{"taxonomy":"post_tag","embeddable":true,"href":"https:\/\/arantv.az\/index.php?rest_route=%2Fwp%2Fv2%2Ftags&post=259360"}],"curies":[{"name":"wp","href":"https:\/\/api.w.org\/{rel}","templated":true}]}}