{"id":259364,"date":"2020-12-24T13:08:14","date_gmt":"2020-12-24T10:08:14","guid":{"rendered":"http:\/\/arantv.az\/?p=259364"},"modified":"2020-12-24T13:08:14","modified_gmt":"2020-12-24T10:08:14","slug":"sercio-mattarella-ilham-%c9%99liyev%c9%99-m%c9%99ktub-gond%c9%99rdi","status":"publish","type":"post","link":"https:\/\/arantv.az\/?p=259364","title":{"rendered":"Sercio Mattarella \u0130lham \u018fliyev\u0259 m\u0259ktub g\u00f6nd\u0259rdi"},"content":{"rendered":"<p>\u0130taliya Respublikas\u0131n\u0131n Prezidenti Sercio Mattarella Az\u0259rbaycan Prezidenti \u0130lham \u018fliyev\u0259 t\u0259brik m\u0259ktubu \u00fcnvanlay\u0131b.<\/p>\n<p><strong>ARANTV.AZ<\/strong>\u00a0\u00a0x\u0259b\u0259r verir ki, m\u0259ktubda deyilir:<\/p>\n<p>\u201cH\u00f6rm\u0259tli c\u0259nab Prezident.<\/p>\n<p>Do\u011fum g\u00fcn\u00fcn\u00fcz m\u00fcnasib\u0259til\u0259 Siz\u0259 \u0259n s\u0259mimi arzular\u0131m\u0131 \u00e7atd\u0131rmaqdan m\u0259mnunluq duyuram.<\/p>\n<p>Bu ilin \u0259vv\u0259lind\u0259 Az\u0259rbaycan v\u0259 \u0130taliya aras\u0131ndak\u0131 s\u0131x \u0259laq\u0259l\u0259ri daha da m\u00f6hk\u0259ml\u0259ndir\u0259n d\u00f6vl\u0259t s\u0259f\u0259riniz \u00e7\u0259r\u00e7iv\u0259sind\u0259 ke\u00e7irdiyimiz g\u00f6r\u00fc\u015f\u00fc x\u00fcsusi m\u0259mnunluq hissi il\u0259 xat\u0131rlay\u0131ram.<\/p>\n<p>\u0130nan\u0131ram ki, C\u0259nub Qaz D\u0259hlizinin yax\u0131n zamanlarda tamamlanmas\u0131 il\u0259 bir daha \u00f6z t\u0259sdiqini tapan \u00f6lk\u0259l\u0259raras\u0131 \u0259laq\u0259l\u0259rimiz geni\u015f v\u0259 s\u0259m\u0259r\u0259li \u0259m\u0259kda\u015fl\u0131\u011f\u0131m\u0131z\u0131n m\u00f6vcud oldu\u011fu b\u00fct\u00fcn sah\u0259l\u0259rd\u0259 yeni bir impuls qazanacaq.<\/p>\n<p>Siz\u0259 dostcas\u0131na \u0259n s\u0259mimi t\u0259brikl\u0259rimi \u00e7atd\u0131r\u0131r, \u00f6z\u00fcn\u00fcz\u0259 v\u0259 ail\u0259niz\u0259 rifah arzu edir\u0259m\u201d.AZ\u018fRTAC<\/p>\n","protected":false},"excerpt":{"rendered":"<p>\u0130taliya Respublikas\u0131n\u0131n Prezidenti Sercio Mattarella Az\u0259rbaycan Prezidenti \u0130lham \u018fliyev\u0259 t\u0259brik m\u0259ktubu \u00fcnvanlay\u0131b. ARANTV.AZ\u00a0\u00a0x\u0259b\u0259r verir ki, m\u0259ktubda deyilir: \u201cH\u00f6rm\u0259tli c\u0259nab Prezident. Do\u011fum g\u00fcn\u00fcn\u00fcz m\u00fcnasib\u0259til\u0259 Siz\u0259 \u0259n s\u0259mimi arzular\u0131m\u0131 \u00e7atd\u0131rmaqdan m\u0259mnunluq duyuram. Bu ilin \u0259vv\u0259lind\u0259 Az\u0259rbaycan v\u0259 \u0130taliya aras\u0131ndak\u0131 s\u0131x \u0259laq\u0259l\u0259ri daha da m\u00f6hk\u0259ml\u0259ndir\u0259n d\u00f6vl\u0259t s\u0259f\u0259riniz \u00e7\u0259r\u00e7iv\u0259sind\u0259 ke\u00e7irdiyimiz g\u00f6r\u00fc\u015f\u00fc x\u00fcsusi m\u0259mnunluq hissi il\u0259 xat\u0131rlay\u0131ram. \u0130nan\u0131ram ki, C\u0259nub Qaz D\u0259hlizinin yax\u0131n zamanlarda tamamlanmas\u0131 il\u0259 bir daha \u00f6z t\u0259sdiqini tapan \u00f6lk\u0259l\u0259raras\u0131 \u0259laq\u0259l\u0259rimiz geni\u015f v\u0259 s\u0259m\u0259r\u0259li \u0259m\u0259kda\u015fl\u0131\u011f\u0131m\u0131z\u0131n m\u00f6vcud oldu\u011fu b\u00fct\u00fcn sah\u0259l\u0259rd\u0259 yeni bir impuls qazanacaq. Siz\u0259 dostcas\u0131na \u0259n s\u0259mimi t\u0259brikl\u0259rimi \u00e7atd\u0131r\u0131r, \u00f6z\u00fcn\u00fcz\u0259 v\u0259 ail\u0259niz\u0259 rifah&hellip;<\/p>\n","protected":false},"author":2,"featured_media":259365,"comment_status":"closed","ping_status":"closed","sticky":false,"template":"","format":"standard","meta":{"om_disable_all_campaigns":false,"_monsterinsights_skip_tracking":false,"_monsterinsights_sitenote_active":false,"_monsterinsights_sitenote_note":"","_monsterinsights_sitenote_category":0},"categories":[4],"tags":[],"aioseo_notices":[],"gutentor_comment":0,"rttpg_featured_image_url":{"full":["https:\/\/arantv.az\/wp-content\/uploads\/2020\/12\/mattarella-ilham.jpg",620,449,false],"landscape":["https:\/\/arantv.az\/wp-content\/uploads\/2020\/12\/mattarella-ilham.jpg",620,449,false],"portraits":["https:\/\/arantv.az\/wp-content\/uploads\/2020\/12\/mattarella-ilham.jpg",620,449,false],"thumbnail":["https:\/\/arantv.az\/wp-content\/uploads\/2020\/12\/mattarella-ilham-150x150.jpg",150,150,true],"medium":["https:\/\/arantv.az\/wp-content\/uploads\/2020\/12\/mattarella-ilham-300x217.jpg",300,217,true],"large":["https:\/\/arantv.az\/wp-content\/uploads\/2020\/12\/mattarella-ilham.jpg",620,449,false],"1536x1536":["https:\/\/arantv.az\/wp-content\/uploads\/2020\/12\/mattarella-ilham.jpg",620,449,false],"2048x2048":["https:\/\/arantv.az\/wp-content\/uploads\/2020\/12\/mattarella-ilham.jpg",620,449,false],"post-thumbnail":["https:\/\/arantv.az\/wp-content\/uploads\/2020\/12\/mattarella-ilham-240x172.jpg",240,172,true],"advps-thumb-one":["https:\/\/arantv.az\/wp-content\/uploads\/2020\/12\/mattarella-ilham.jpg",620,449,false]},"rttpg_author":{"display_name":"V\u00fcsal Rafiqo\u011flu","author_link":"https:\/\/arantv.az\/?author=2"},"rttpg_comment":0,"rttpg_category":"<a href=\"https:\/\/arantv.az\/?cat=4\" rel=\"category\">Siyas\u0259t<\/a>","rttpg_excerpt":"\u0130taliya Respublikas\u0131n\u0131n Prezidenti Sercio Mattarella Az\u0259rbaycan Prezidenti \u0130lham \u018fliyev\u0259 t\u0259brik m\u0259ktubu \u00fcnvanlay\u0131b. ARANTV.AZ\u00a0\u00a0x\u0259b\u0259r verir ki, m\u0259ktubda deyilir: \u201cH\u00f6rm\u0259tli c\u0259nab Prezident. Do\u011fum g\u00fcn\u00fcn\u00fcz m\u00fcnasib\u0259til\u0259 Siz\u0259 \u0259n s\u0259mimi arzular\u0131m\u0131 \u00e7atd\u0131rmaqdan m\u0259mnunluq duyuram. Bu ilin \u0259vv\u0259lind\u0259 Az\u0259rbaycan v\u0259 \u0130taliya aras\u0131ndak\u0131 s\u0131x \u0259laq\u0259l\u0259ri daha da m\u00f6hk\u0259ml\u0259ndir\u0259n d\u00f6vl\u0259t s\u0259f\u0259riniz \u00e7\u0259r\u00e7iv\u0259sind\u0259 ke\u00e7irdiyimiz g\u00f6r\u00fc\u015f\u00fc x\u00fcsusi m\u0259mnunluq hissi il\u0259 xat\u0131rlay\u0131ram. \u0130nan\u0131ram ki, C\u0259nub&hellip;","_links":{"self":[{"href":"https:\/\/arantv.az\/index.php?rest_route=\/wp\/v2\/posts\/259364"}],"collection":[{"href":"https:\/\/arantv.az\/index.php?rest_route=\/wp\/v2\/posts"}],"about":[{"href":"https:\/\/arantv.az\/index.php?rest_route=\/wp\/v2\/types\/post"}],"author":[{"embeddable":true,"href":"https:\/\/arantv.az\/index.php?rest_route=\/wp\/v2\/users\/2"}],"replies":[{"embeddable":true,"href":"https:\/\/arantv.az\/index.php?rest_route=%2Fwp%2Fv2%2Fcomments&post=259364"}],"version-history":[{"count":0,"href":"https:\/\/arantv.az\/index.php?rest_route=\/wp\/v2\/posts\/259364\/revisions"}],"wp:featuredmedia":[{"embeddable":true,"href":"https:\/\/arantv.az\/index.php?rest_route=\/wp\/v2\/media\/259365"}],"wp:attachment":[{"href":"https:\/\/arantv.az\/index.php?rest_route=%2Fwp%2Fv2%2Fmedia&parent=259364"}],"wp:term":[{"taxonomy":"category","embeddable":true,"href":"https:\/\/arantv.az\/index.php?rest_route=%2Fwp%2Fv2%2Fcategories&post=259364"},{"taxonomy":"post_tag","embeddable":true,"href":"https:\/\/arantv.az\/index.php?rest_route=%2Fwp%2Fv2%2Ftags&post=259364"}],"curies":[{"name":"wp","href":"https:\/\/api.w.org\/{rel}","templated":true}]}}