{"id":259368,"date":"2020-12-24T13:09:04","date_gmt":"2020-12-24T10:09:04","guid":{"rendered":"http:\/\/arantv.az\/?p=259368"},"modified":"2020-12-24T13:09:04","modified_gmt":"2020-12-24T10:09:04","slug":"affa-m%c9%99sqcil%c9%99ri-isind%c9%99-saxladi","status":"publish","type":"post","link":"https:\/\/arantv.az\/?p=259368","title":{"rendered":"AFFA m\u0259\u015fq\u00e7il\u0259ri i\u015find\u0259 saxlad\u0131"},"content":{"rendered":"<p>Bu g\u00fcn AFFA \u0130craiyy\u0259 Komit\u0259sinin ilin son iclas\u0131 ke\u00e7irilib.<\/p>\n<p>\u0130clasda AFFA-n\u0131n prezidenti R\u00f6vn\u0259q Abdullayev, \u0130craiyy\u0259 Komit\u0259sinin \u00fczvl\u0259ri El\u015fad N\u0259sirov, Elxan M\u0259mm\u0259dov, Vaqif Sad\u0131qov, Mahir M\u0259mm\u0259dov, Firudin Qurbanov, Elmar M\u0259mm\u0259dyarov, Zaur Axundov, F\u0259rid Mansurov v\u0259 K\u00f6n\u00fcl Mehdiyeva i\u015ftirak edibl\u0259r.<\/p>\n<p>M\u00fczakir\u0259l\u0259rd\u0259n \u0259vv\u0259l V\u0259t\u0259n m\u00fcharib\u0259sind\u0259, torpaqlar\u0131m\u0131z\u0131n azadl\u0131\u011f\u0131 u\u011frunda can\u0131ndan ke\u00e7mi\u015f \u015f\u0259hidl\u0259rimizin xatir\u0259si bir d\u0259qiq\u0259lik s\u00fckutla yad edilib.<\/p>\n<p>Apar\u0131lm\u0131\u015f m\u00fczakir\u0259l\u0259rd\u0259n sonra \u00fc\u00e7 q\u0259rar\u00a0q\u0259bul olunub. Bu q\u0259rarlardan birind\u0259 2021\/22-ci il m\u00f6vs\u00fcm\u00fcnd\u0259 UEFA klub yar\u0131\u015flar\u0131 v\u0259 Az\u0259rbaycan Premyer Liqas\u0131nda i\u015ftirak \u00fc\u00e7\u00fcn klublar\u0131n Lisenziyala\u015fd\u0131rma qaydalar\u0131 t\u0259sdiq olunub.<\/p>\n<p>H\u0259m\u00e7inin m\u00fcqavil\u0259 m\u00fcdd\u0259ti ba\u015fa \u00e7atm\u0131\u015f v\u0259 yekunla\u015fmaqda olan a\u015fa\u011f\u0131 ya\u015f qruplar\u0131ndan ibar\u0259t milli komandalar\u0131n ba\u015f m\u0259\u015fq\u00e7il\u0259rinin m\u00fcqavil\u0259si qar\u015f\u0131l\u0131ql\u0131 raz\u0131l\u0131q \u0259sas\u0131nda uzad\u0131l\u0131b (m\u0259\u015fq\u00e7il\u0259rin ya\u015f qruplar\u0131nda f\u0259aliyy\u0259ti pandemiya il\u0259 \u0259laq\u0259dar UEFA t\u0259r\u0259find\u0259n m\u00fcxt\u0259lif turnirl\u0259rin l\u0259\u011fv olunmas\u0131 v\u0259 ya t\u0259xir\u0259 sal\u0131nmas\u0131 bar\u0259d\u0259 q\u0259rarlara m\u00fcvafiq \u015f\u0259kild\u0259 t\u0259nziml\u0259n\u0259c\u0259k v\u0259 m\u00fcqavil\u0259l\u0259rin m\u00fcdd\u0259ti se\u00e7m\u0259 m\u0259rh\u0259l\u0259ni \u0259hat\u0259 ed\u0259c\u0259k).<\/p>\n<p>Bunlar Milan Obradovi\u00e7 (U-21 millimizin ba\u015f m\u0259\u015fq\u00e7isi), Samir \u018fliyev (U-19 y\u0131\u011fmam\u0131z\u0131n\u00a0ba\u015f m\u0259\u015fq\u00e7isi), Elxan Abdullayev (U-18-in ba\u015f m\u0259\u015fq\u00e7isi), Milo\u015f Velebit (U-17 millimizin ba\u015f m\u0259\u015fq\u00e7isi) v\u0259 Aqil N\u0259biyevdir (U-16-\u0131n ba\u015f m\u0259\u015fq\u00e7isi).<\/p>\n<p>AFFA-n\u0131n n\u00f6vb\u0259ti Konfrans\u0131n\u0131n t\u0259xmini m\u00fcdd\u0259ti d\u0259 a\u00e7\u0131qlan\u0131b. Bu,\u00a02021-ci il yanvar\u0131n sonu-fevral\u0131n \u0259vv\u0259lind\u0259 videokonfrans format\u0131nda ke\u00e7iril\u0259c\u0259k.<\/p>\n","protected":false},"excerpt":{"rendered":"<p>Bu g\u00fcn AFFA \u0130craiyy\u0259 Komit\u0259sinin ilin son iclas\u0131 ke\u00e7irilib. \u0130clasda AFFA-n\u0131n prezidenti R\u00f6vn\u0259q Abdullayev, \u0130craiyy\u0259 Komit\u0259sinin \u00fczvl\u0259ri El\u015fad N\u0259sirov, Elxan M\u0259mm\u0259dov, Vaqif Sad\u0131qov, Mahir M\u0259mm\u0259dov, Firudin Qurbanov, Elmar M\u0259mm\u0259dyarov, Zaur Axundov, F\u0259rid Mansurov v\u0259 K\u00f6n\u00fcl Mehdiyeva i\u015ftirak edibl\u0259r. M\u00fczakir\u0259l\u0259rd\u0259n \u0259vv\u0259l V\u0259t\u0259n m\u00fcharib\u0259sind\u0259, torpaqlar\u0131m\u0131z\u0131n azadl\u0131\u011f\u0131 u\u011frunda can\u0131ndan ke\u00e7mi\u015f \u015f\u0259hidl\u0259rimizin xatir\u0259si bir d\u0259qiq\u0259lik s\u00fckutla yad edilib. Apar\u0131lm\u0131\u015f m\u00fczakir\u0259l\u0259rd\u0259n sonra \u00fc\u00e7 q\u0259rar\u00a0q\u0259bul olunub. Bu q\u0259rarlardan birind\u0259 2021\/22-ci il m\u00f6vs\u00fcm\u00fcnd\u0259 UEFA klub yar\u0131\u015flar\u0131 v\u0259 Az\u0259rbaycan Premyer Liqas\u0131nda i\u015ftirak \u00fc\u00e7\u00fcn klublar\u0131n Lisenziyala\u015fd\u0131rma qaydalar\u0131 t\u0259sdiq olunub. H\u0259m\u00e7inin m\u00fcqavil\u0259 m\u00fcdd\u0259ti ba\u015fa \u00e7atm\u0131\u015f v\u0259 yekunla\u015fmaqda olan a\u015fa\u011f\u0131 ya\u015f&hellip;<\/p>\n","protected":false},"author":2,"featured_media":259369,"comment_status":"closed","ping_status":"closed","sticky":false,"template":"","format":"standard","meta":{"om_disable_all_campaigns":false,"_monsterinsights_skip_tracking":false,"_monsterinsights_sitenote_active":false,"_monsterinsights_sitenote_note":"","_monsterinsights_sitenote_category":0},"categories":[6],"tags":[],"aioseo_notices":[],"gutentor_comment":0,"rttpg_featured_image_url":{"full":["https:\/\/arantv.az\/wp-content\/uploads\/2020\/12\/1571413400.jpg",600,450,false],"landscape":["https:\/\/arantv.az\/wp-content\/uploads\/2020\/12\/1571413400.jpg",600,450,false],"portraits":["https:\/\/arantv.az\/wp-content\/uploads\/2020\/12\/1571413400.jpg",600,450,false],"thumbnail":["https:\/\/arantv.az\/wp-content\/uploads\/2020\/12\/1571413400-150x150.jpg",150,150,true],"medium":["https:\/\/arantv.az\/wp-content\/uploads\/2020\/12\/1571413400-300x225.jpg",300,225,true],"large":["https:\/\/arantv.az\/wp-content\/uploads\/2020\/12\/1571413400.jpg",600,450,false],"1536x1536":["https:\/\/arantv.az\/wp-content\/uploads\/2020\/12\/1571413400.jpg",600,450,false],"2048x2048":["https:\/\/arantv.az\/wp-content\/uploads\/2020\/12\/1571413400.jpg",600,450,false],"post-thumbnail":["https:\/\/arantv.az\/wp-content\/uploads\/2020\/12\/1571413400-240x172.jpg",240,172,true],"advps-thumb-one":["https:\/\/arantv.az\/wp-content\/uploads\/2020\/12\/1571413400.jpg",600,450,false]},"rttpg_author":{"display_name":"V\u00fcsal Rafiqo\u011flu","author_link":"https:\/\/arantv.az\/?author=2"},"rttpg_comment":0,"rttpg_category":"<a href=\"https:\/\/arantv.az\/?cat=6\" rel=\"category\">\u0130dman<\/a>","rttpg_excerpt":"Bu g\u00fcn AFFA \u0130craiyy\u0259 Komit\u0259sinin ilin son iclas\u0131 ke\u00e7irilib. \u0130clasda AFFA-n\u0131n prezidenti R\u00f6vn\u0259q Abdullayev, \u0130craiyy\u0259 Komit\u0259sinin \u00fczvl\u0259ri El\u015fad N\u0259sirov, Elxan M\u0259mm\u0259dov, Vaqif Sad\u0131qov, Mahir M\u0259mm\u0259dov, Firudin Qurbanov, Elmar M\u0259mm\u0259dyarov, Zaur Axundov, F\u0259rid Mansurov v\u0259 K\u00f6n\u00fcl Mehdiyeva i\u015ftirak edibl\u0259r. M\u00fczakir\u0259l\u0259rd\u0259n \u0259vv\u0259l V\u0259t\u0259n m\u00fcharib\u0259sind\u0259, torpaqlar\u0131m\u0131z\u0131n azadl\u0131\u011f\u0131 u\u011frunda can\u0131ndan ke\u00e7mi\u015f \u015f\u0259hidl\u0259rimizin xatir\u0259si bir d\u0259qiq\u0259lik s\u00fckutla yad edilib. Apar\u0131lm\u0131\u015f&hellip;","_links":{"self":[{"href":"https:\/\/arantv.az\/index.php?rest_route=\/wp\/v2\/posts\/259368"}],"collection":[{"href":"https:\/\/arantv.az\/index.php?rest_route=\/wp\/v2\/posts"}],"about":[{"href":"https:\/\/arantv.az\/index.php?rest_route=\/wp\/v2\/types\/post"}],"author":[{"embeddable":true,"href":"https:\/\/arantv.az\/index.php?rest_route=\/wp\/v2\/users\/2"}],"replies":[{"embeddable":true,"href":"https:\/\/arantv.az\/index.php?rest_route=%2Fwp%2Fv2%2Fcomments&post=259368"}],"version-history":[{"count":0,"href":"https:\/\/arantv.az\/index.php?rest_route=\/wp\/v2\/posts\/259368\/revisions"}],"wp:featuredmedia":[{"embeddable":true,"href":"https:\/\/arantv.az\/index.php?rest_route=\/wp\/v2\/media\/259369"}],"wp:attachment":[{"href":"https:\/\/arantv.az\/index.php?rest_route=%2Fwp%2Fv2%2Fmedia&parent=259368"}],"wp:term":[{"taxonomy":"category","embeddable":true,"href":"https:\/\/arantv.az\/index.php?rest_route=%2Fwp%2Fv2%2Fcategories&post=259368"},{"taxonomy":"post_tag","embeddable":true,"href":"https:\/\/arantv.az\/index.php?rest_route=%2Fwp%2Fv2%2Ftags&post=259368"}],"curies":[{"name":"wp","href":"https:\/\/api.w.org\/{rel}","templated":true}]}}