{"id":25945,"date":"2018-12-03T10:45:15","date_gmt":"2018-12-03T07:45:15","guid":{"rendered":"http:\/\/arantv.az\/?p=25945"},"modified":"2018-12-03T10:45:15","modified_gmt":"2018-12-03T07:45:15","slug":"m%c9%99mm%c9%99dyarov-mnatsakanyan-gorusunun-vaxti-b%c9%99lli-oldu","status":"publish","type":"post","link":"https:\/\/arantv.az\/?p=25945","title":{"rendered":"M\u0259mm\u0259dyarov-Mnatsakanyan g\u00f6r\u00fc\u015f\u00fcn\u00fcn vaxt\u0131 b\u0259lli oldu"},"content":{"rendered":"<p>AT\u018fT-in Nazirl\u0259r \u015euras\u0131n\u0131n 25-ci sessiyas\u0131nda i\u015ftirak ed\u0259n Az\u0259rbaycan Respublikas\u0131 xarici i\u015fl\u0259r naziri\u00a0<strong>Elmar M\u0259mm\u0259dyarov\u00a0<\/strong>v\u0259 Erm\u0259nistan Respublikas\u0131 xarici i\u015fl\u0259r nazirinin s\u0259lahiyy\u0259tini icra ed\u0259n\u00a0<strong>Z\u00f6hrab Mnatsakanyan<\/strong>\u00a0aras\u0131nda dekabr\u0131n 5-d\u0259 Milanda g\u00f6r\u00fc\u015f ke\u00e7iril\u0259c\u0259k.<\/p>\n<p><strong>ARANTV.AZ<\/strong>-\u0131n m\u0259lumat\u0131na g\u00f6r\u0259, g\u00f6r\u00fc\u015fd\u0259 AT\u018fT-in F\u0259aliyy\u0259td\u0259 olan s\u0259drinin \u015f\u0259xsi n\u00fcmay\u0259nd\u0259si\u00a0<strong>Anjey Kaspr\u015fik\u00a0<\/strong>d\u0259 i\u015ftirak ed\u0259c\u0259k.<\/p>\n<p>G\u00f6r\u00fc\u015f AT\u018fT-in Minsk Qrupunun h\u0259ms\u0259drl\u0259rinin (\u0130qor Popov \u2013 Rusiya Federasiyas\u0131, Stefan Viskonti \u2013 Fransa v\u0259 Endry\u00fc \u015eofer \u2013 AB\u015e) vasit\u0259\u00e7iliyi il\u0259 ba\u015f tutacaq.<\/p>\n<div id=\"AdributorNativeVideo0\" class=\"AdributorNativeVideo\"><\/div>\n<p>G\u00f6r\u00fc\u015f \u0259snas\u0131nda Erm\u0259nistan-Az\u0259rbaycan m\u00fcnaqi\u015f\u0259sinin h\u0259lli \u00fczr\u0259 dan\u0131\u015f\u0131qlar prosesi m\u00fczakir\u0259 olunacaq.oxu.az<\/p>\n","protected":false},"excerpt":{"rendered":"<p>AT\u018fT-in Nazirl\u0259r \u015euras\u0131n\u0131n 25-ci sessiyas\u0131nda i\u015ftirak ed\u0259n Az\u0259rbaycan Respublikas\u0131 xarici i\u015fl\u0259r naziri\u00a0Elmar M\u0259mm\u0259dyarov\u00a0v\u0259 Erm\u0259nistan Respublikas\u0131 xarici i\u015fl\u0259r nazirinin s\u0259lahiyy\u0259tini icra ed\u0259n\u00a0Z\u00f6hrab Mnatsakanyan\u00a0aras\u0131nda dekabr\u0131n 5-d\u0259 Milanda g\u00f6r\u00fc\u015f ke\u00e7iril\u0259c\u0259k. ARANTV.AZ-\u0131n m\u0259lumat\u0131na g\u00f6r\u0259, g\u00f6r\u00fc\u015fd\u0259 AT\u018fT-in F\u0259aliyy\u0259td\u0259 olan s\u0259drinin \u015f\u0259xsi n\u00fcmay\u0259nd\u0259si\u00a0Anjey Kaspr\u015fik\u00a0d\u0259 i\u015ftirak ed\u0259c\u0259k. G\u00f6r\u00fc\u015f AT\u018fT-in Minsk Qrupunun h\u0259ms\u0259drl\u0259rinin (\u0130qor Popov \u2013 Rusiya Federasiyas\u0131, Stefan Viskonti \u2013 Fransa v\u0259 Endry\u00fc \u015eofer \u2013 AB\u015e) vasit\u0259\u00e7iliyi il\u0259 ba\u015f tutacaq. G\u00f6r\u00fc\u015f \u0259snas\u0131nda Erm\u0259nistan-Az\u0259rbaycan m\u00fcnaqi\u015f\u0259sinin h\u0259lli \u00fczr\u0259 dan\u0131\u015f\u0131qlar prosesi m\u00fczakir\u0259 olunacaq.oxu.az<\/p>\n","protected":false},"author":2,"featured_media":25946,"comment_status":"closed","ping_status":"closed","sticky":false,"template":"","format":"standard","meta":{"om_disable_all_campaigns":false,"_monsterinsights_skip_tracking":false,"_monsterinsights_sitenote_active":false,"_monsterinsights_sitenote_note":"","_monsterinsights_sitenote_category":0},"categories":[4],"tags":[],"aioseo_notices":[],"gutentor_comment":0,"rttpg_featured_image_url":{"full":["https:\/\/arantv.az\/wp-content\/uploads\/2018\/12\/f7a81282-881b-499f-938e-ecdf4edf38ff.jpg",620,365,false],"landscape":["https:\/\/arantv.az\/wp-content\/uploads\/2018\/12\/f7a81282-881b-499f-938e-ecdf4edf38ff.jpg",620,365,false],"portraits":["https:\/\/arantv.az\/wp-content\/uploads\/2018\/12\/f7a81282-881b-499f-938e-ecdf4edf38ff.jpg",620,365,false],"thumbnail":["https:\/\/arantv.az\/wp-content\/uploads\/2018\/12\/f7a81282-881b-499f-938e-ecdf4edf38ff-150x150.jpg",150,150,true],"medium":["https:\/\/arantv.az\/wp-content\/uploads\/2018\/12\/f7a81282-881b-499f-938e-ecdf4edf38ff-300x177.jpg",300,177,true],"large":["https:\/\/arantv.az\/wp-content\/uploads\/2018\/12\/f7a81282-881b-499f-938e-ecdf4edf38ff.jpg",620,365,false],"1536x1536":["https:\/\/arantv.az\/wp-content\/uploads\/2018\/12\/f7a81282-881b-499f-938e-ecdf4edf38ff.jpg",620,365,false],"2048x2048":["https:\/\/arantv.az\/wp-content\/uploads\/2018\/12\/f7a81282-881b-499f-938e-ecdf4edf38ff.jpg",620,365,false],"post-thumbnail":["https:\/\/arantv.az\/wp-content\/uploads\/2018\/12\/f7a81282-881b-499f-938e-ecdf4edf38ff-240x172.jpg",240,172,true],"advps-thumb-one":["https:\/\/arantv.az\/wp-content\/uploads\/2018\/12\/f7a81282-881b-499f-938e-ecdf4edf38ff.jpg",620,365,false]},"rttpg_author":{"display_name":"V\u00fcsal Rafiqo\u011flu","author_link":"https:\/\/arantv.az\/?author=2"},"rttpg_comment":0,"rttpg_category":"<a href=\"https:\/\/arantv.az\/?cat=4\" rel=\"category\">Siyas\u0259t<\/a>","rttpg_excerpt":"AT\u018fT-in Nazirl\u0259r \u015euras\u0131n\u0131n 25-ci sessiyas\u0131nda i\u015ftirak ed\u0259n Az\u0259rbaycan Respublikas\u0131 xarici i\u015fl\u0259r naziri\u00a0Elmar M\u0259mm\u0259dyarov\u00a0v\u0259 Erm\u0259nistan Respublikas\u0131 xarici i\u015fl\u0259r nazirinin s\u0259lahiyy\u0259tini icra ed\u0259n\u00a0Z\u00f6hrab Mnatsakanyan\u00a0aras\u0131nda dekabr\u0131n 5-d\u0259 Milanda g\u00f6r\u00fc\u015f ke\u00e7iril\u0259c\u0259k. ARANTV.AZ-\u0131n m\u0259lumat\u0131na g\u00f6r\u0259, g\u00f6r\u00fc\u015fd\u0259 AT\u018fT-in F\u0259aliyy\u0259td\u0259 olan s\u0259drinin \u015f\u0259xsi n\u00fcmay\u0259nd\u0259si\u00a0Anjey Kaspr\u015fik\u00a0d\u0259 i\u015ftirak ed\u0259c\u0259k. G\u00f6r\u00fc\u015f AT\u018fT-in Minsk Qrupunun h\u0259ms\u0259drl\u0259rinin (\u0130qor Popov \u2013 Rusiya Federasiyas\u0131, Stefan Viskonti \u2013 Fransa v\u0259&hellip;","_links":{"self":[{"href":"https:\/\/arantv.az\/index.php?rest_route=\/wp\/v2\/posts\/25945"}],"collection":[{"href":"https:\/\/arantv.az\/index.php?rest_route=\/wp\/v2\/posts"}],"about":[{"href":"https:\/\/arantv.az\/index.php?rest_route=\/wp\/v2\/types\/post"}],"author":[{"embeddable":true,"href":"https:\/\/arantv.az\/index.php?rest_route=\/wp\/v2\/users\/2"}],"replies":[{"embeddable":true,"href":"https:\/\/arantv.az\/index.php?rest_route=%2Fwp%2Fv2%2Fcomments&post=25945"}],"version-history":[{"count":0,"href":"https:\/\/arantv.az\/index.php?rest_route=\/wp\/v2\/posts\/25945\/revisions"}],"wp:featuredmedia":[{"embeddable":true,"href":"https:\/\/arantv.az\/index.php?rest_route=\/wp\/v2\/media\/25946"}],"wp:attachment":[{"href":"https:\/\/arantv.az\/index.php?rest_route=%2Fwp%2Fv2%2Fmedia&parent=25945"}],"wp:term":[{"taxonomy":"category","embeddable":true,"href":"https:\/\/arantv.az\/index.php?rest_route=%2Fwp%2Fv2%2Fcategories&post=25945"},{"taxonomy":"post_tag","embeddable":true,"href":"https:\/\/arantv.az\/index.php?rest_route=%2Fwp%2Fv2%2Ftags&post=25945"}],"curies":[{"name":"wp","href":"https:\/\/api.w.org\/{rel}","templated":true}]}}