{"id":25948,"date":"2018-12-03T10:54:38","date_gmt":"2018-12-03T07:54:38","guid":{"rendered":"http:\/\/arantv.az\/?p=25948"},"modified":"2018-12-03T10:54:38","modified_gmt":"2018-12-03T07:54:38","slug":"bakida-venesuela-konsullugu-acilacaq","status":"publish","type":"post","link":"https:\/\/arantv.az\/?p=25948","title":{"rendered":"Bak\u0131da Venesuela konsullu\u011fu a\u00e7\u0131lacaq"},"content":{"rendered":"<p>G\u0259l\u0259n il Venesuelan\u0131n Bak\u0131dak\u0131 s\u0259firliyind\u0259 konsulluq \u015f\u00f6b\u0259sinin a\u00e7\u0131lmas\u0131 planla\u015fd\u0131r\u0131l\u0131r.<\/p>\n<p><strong>ARANTV.AZ<\/strong>-\u0131n m\u0259lumat\u0131na g\u00f6r\u0259, bu bar\u0259d\u0259 1news.az-a m\u00fcsahib\u0259sind\u0259 Venesuela Bolivar Respublikas\u0131n\u0131n Az\u0259rbaycandak\u0131 s\u0259firliyinin m\u00fcv\u0259qq\u0259ti i\u015fl\u0259r v\u0259kili\u00a0<strong>Pedro Argenis San\u00e7es Flores<\/strong>\u00a0deyib.<\/p>\n<p>Onun s\u00f6zl\u0259rin\u0259 g\u00f6r\u0259, haz\u0131rda Venesuelaya s\u0259f\u0259r ed\u0259n az\u0259rbaycanl\u0131lar vizan\u0131 T\u00fcrkiy\u0259 v\u0259 \u0130randak\u0131 diplomatik korpuslardan \u0259ld\u0259 edirl\u0259r.<\/p>\n<div id=\"AdributorNativeVideo0\" class=\"AdributorNativeVideo\"><\/div>\n<p>\u201cG\u0259l\u0259n il Az\u0259rbaycanda s\u0259firliyin konsulluq \u015f\u00f6b\u0259sinin a\u00e7\u0131lmas\u0131n\u0131 n\u0259z\u0259rd\u0259 tutmu\u015fuq. Bundan sonra az\u0259rbaycanl\u0131lar Bak\u0131da viza \u0259ld\u0259 ed\u0259 bil\u0259c\u0259kl\u0259r. \u00dcmid edir\u0259m ki, bu, Venesuelaya s\u0259f\u0259r ed\u0259nl\u0259rin say\u0131n\u0131 da art\u0131racaq\u201d.<\/p>\n<p>Pedro Argenis San\u00e7es Flores bildirib ki, g\u0259l\u0259n il Venesuela Bolivar Respublikas\u0131n\u0131n prezidenti\u00a0<strong>Nikolas Maduro<\/strong>nun Az\u0259rbaycana s\u0259f\u0259ri planla\u015fd\u0131r\u0131l\u0131r.<\/p>\n<p>Onun s\u00f6zl\u0259rin\u0259 g\u00f6r\u0259, prezident Maduronun 2019-cu ild\u0259 Bak\u0131da ke\u00e7iril\u0259c\u0259k Qo\u015fulmama H\u0259r\u0259kat\u0131n\u0131n Zirv\u0259 g\u00f6r\u00fc\u015f\u00fcnd\u0259 i\u015ftirak\u0131 g\u00f6zl\u0259nilir.<\/p>\n<p>Xat\u0131rladaq ki, Az\u0259rbaycan 2019-2022-ci ill\u0259rd\u0259 Qo\u015fulmama H\u0259r\u0259kat\u0131na s\u0259drlik ed\u0259c\u0259k. Bu \u00e7\u0259r\u00e7iv\u0259d\u0259 g\u0259l\u0259n il Bak\u0131da Zirv\u0259 g\u00f6r\u00fc\u015f\u00fc olacaq.<\/p>\n<p>Prezident Maduro daha \u0259vv\u0259l 2016-c\u0131 ild\u0259 Az\u0259rbaycanda s\u0259f\u0259rd\u0259 olub.<\/p>\n<p>oxu.az<\/p>\n","protected":false},"excerpt":{"rendered":"<p>G\u0259l\u0259n il Venesuelan\u0131n Bak\u0131dak\u0131 s\u0259firliyind\u0259 konsulluq \u015f\u00f6b\u0259sinin a\u00e7\u0131lmas\u0131 planla\u015fd\u0131r\u0131l\u0131r. ARANTV.AZ-\u0131n m\u0259lumat\u0131na g\u00f6r\u0259, bu bar\u0259d\u0259 1news.az-a m\u00fcsahib\u0259sind\u0259 Venesuela Bolivar Respublikas\u0131n\u0131n Az\u0259rbaycandak\u0131 s\u0259firliyinin m\u00fcv\u0259qq\u0259ti i\u015fl\u0259r v\u0259kili\u00a0Pedro Argenis San\u00e7es Flores\u00a0deyib. Onun s\u00f6zl\u0259rin\u0259 g\u00f6r\u0259, haz\u0131rda Venesuelaya s\u0259f\u0259r ed\u0259n az\u0259rbaycanl\u0131lar vizan\u0131 T\u00fcrkiy\u0259 v\u0259 \u0130randak\u0131 diplomatik korpuslardan \u0259ld\u0259 edirl\u0259r. \u201cG\u0259l\u0259n il Az\u0259rbaycanda s\u0259firliyin konsulluq \u015f\u00f6b\u0259sinin a\u00e7\u0131lmas\u0131n\u0131 n\u0259z\u0259rd\u0259 tutmu\u015fuq. Bundan sonra az\u0259rbaycanl\u0131lar Bak\u0131da viza \u0259ld\u0259 ed\u0259 bil\u0259c\u0259kl\u0259r. \u00dcmid edir\u0259m ki, bu, Venesuelaya s\u0259f\u0259r ed\u0259nl\u0259rin say\u0131n\u0131 da art\u0131racaq\u201d. Pedro Argenis San\u00e7es Flores bildirib ki, g\u0259l\u0259n il Venesuela Bolivar Respublikas\u0131n\u0131n prezidenti\u00a0Nikolas Maduronun Az\u0259rbaycana s\u0259f\u0259ri planla\u015fd\u0131r\u0131l\u0131r. Onun s\u00f6zl\u0259rin\u0259 g\u00f6r\u0259, prezident&hellip;<\/p>\n","protected":false},"author":2,"featured_media":25949,"comment_status":"closed","ping_status":"closed","sticky":false,"template":"","format":"standard","meta":{"om_disable_all_campaigns":false,"_monsterinsights_skip_tracking":false,"_monsterinsights_sitenote_active":false,"_monsterinsights_sitenote_note":"","_monsterinsights_sitenote_category":0},"categories":[4],"tags":[],"aioseo_notices":[],"gutentor_comment":0,"rttpg_featured_image_url":{"full":["https:\/\/arantv.az\/wp-content\/uploads\/2018\/12\/kartinki24_ru_country_flags_148.jpg",620,388,false],"landscape":["https:\/\/arantv.az\/wp-content\/uploads\/2018\/12\/kartinki24_ru_country_flags_148.jpg",620,388,false],"portraits":["https:\/\/arantv.az\/wp-content\/uploads\/2018\/12\/kartinki24_ru_country_flags_148.jpg",620,388,false],"thumbnail":["https:\/\/arantv.az\/wp-content\/uploads\/2018\/12\/kartinki24_ru_country_flags_148-150x150.jpg",150,150,true],"medium":["https:\/\/arantv.az\/wp-content\/uploads\/2018\/12\/kartinki24_ru_country_flags_148-300x188.jpg",300,188,true],"large":["https:\/\/arantv.az\/wp-content\/uploads\/2018\/12\/kartinki24_ru_country_flags_148.jpg",620,388,false],"1536x1536":["https:\/\/arantv.az\/wp-content\/uploads\/2018\/12\/kartinki24_ru_country_flags_148.jpg",620,388,false],"2048x2048":["https:\/\/arantv.az\/wp-content\/uploads\/2018\/12\/kartinki24_ru_country_flags_148.jpg",620,388,false],"post-thumbnail":["https:\/\/arantv.az\/wp-content\/uploads\/2018\/12\/kartinki24_ru_country_flags_148-240x172.jpg",240,172,true],"advps-thumb-one":["https:\/\/arantv.az\/wp-content\/uploads\/2018\/12\/kartinki24_ru_country_flags_148.jpg",620,388,false]},"rttpg_author":{"display_name":"V\u00fcsal Rafiqo\u011flu","author_link":"https:\/\/arantv.az\/?author=2"},"rttpg_comment":0,"rttpg_category":"<a href=\"https:\/\/arantv.az\/?cat=4\" rel=\"category\">Siyas\u0259t<\/a>","rttpg_excerpt":"G\u0259l\u0259n il Venesuelan\u0131n Bak\u0131dak\u0131 s\u0259firliyind\u0259 konsulluq \u015f\u00f6b\u0259sinin a\u00e7\u0131lmas\u0131 planla\u015fd\u0131r\u0131l\u0131r. ARANTV.AZ-\u0131n m\u0259lumat\u0131na g\u00f6r\u0259, bu bar\u0259d\u0259 1news.az-a m\u00fcsahib\u0259sind\u0259 Venesuela Bolivar Respublikas\u0131n\u0131n Az\u0259rbaycandak\u0131 s\u0259firliyinin m\u00fcv\u0259qq\u0259ti i\u015fl\u0259r v\u0259kili\u00a0Pedro Argenis San\u00e7es Flores\u00a0deyib. Onun s\u00f6zl\u0259rin\u0259 g\u00f6r\u0259, haz\u0131rda Venesuelaya s\u0259f\u0259r ed\u0259n az\u0259rbaycanl\u0131lar vizan\u0131 T\u00fcrkiy\u0259 v\u0259 \u0130randak\u0131 diplomatik korpuslardan \u0259ld\u0259 edirl\u0259r. \u201cG\u0259l\u0259n il Az\u0259rbaycanda s\u0259firliyin konsulluq \u015f\u00f6b\u0259sinin a\u00e7\u0131lmas\u0131n\u0131 n\u0259z\u0259rd\u0259 tutmu\u015fuq. Bundan sonra az\u0259rbaycanl\u0131lar&hellip;","_links":{"self":[{"href":"https:\/\/arantv.az\/index.php?rest_route=\/wp\/v2\/posts\/25948"}],"collection":[{"href":"https:\/\/arantv.az\/index.php?rest_route=\/wp\/v2\/posts"}],"about":[{"href":"https:\/\/arantv.az\/index.php?rest_route=\/wp\/v2\/types\/post"}],"author":[{"embeddable":true,"href":"https:\/\/arantv.az\/index.php?rest_route=\/wp\/v2\/users\/2"}],"replies":[{"embeddable":true,"href":"https:\/\/arantv.az\/index.php?rest_route=%2Fwp%2Fv2%2Fcomments&post=25948"}],"version-history":[{"count":0,"href":"https:\/\/arantv.az\/index.php?rest_route=\/wp\/v2\/posts\/25948\/revisions"}],"wp:featuredmedia":[{"embeddable":true,"href":"https:\/\/arantv.az\/index.php?rest_route=\/wp\/v2\/media\/25949"}],"wp:attachment":[{"href":"https:\/\/arantv.az\/index.php?rest_route=%2Fwp%2Fv2%2Fmedia&parent=25948"}],"wp:term":[{"taxonomy":"category","embeddable":true,"href":"https:\/\/arantv.az\/index.php?rest_route=%2Fwp%2Fv2%2Fcategories&post=25948"},{"taxonomy":"post_tag","embeddable":true,"href":"https:\/\/arantv.az\/index.php?rest_route=%2Fwp%2Fv2%2Ftags&post=25948"}],"curies":[{"name":"wp","href":"https:\/\/api.w.org\/{rel}","templated":true}]}}