{"id":25979,"date":"2018-12-03T14:41:04","date_gmt":"2018-12-03T11:41:04","guid":{"rendered":"http:\/\/arantv.az\/?p=25979"},"modified":"2018-12-03T14:41:04","modified_gmt":"2018-12-03T11:41:04","slug":"iranin-rabit%c9%99-naziri-bakiya-g%c9%99lir","status":"publish","type":"post","link":"https:\/\/arantv.az\/?p=25979","title":{"rendered":"\u0130ran\u0131n rabit\u0259 naziri Bak\u0131ya g\u0259lir"},"content":{"rendered":"<p>\u0130ran\u0131n rabit\u0259 v\u0259 informasiya texnologiyalar\u0131 naziri M\u0259h\u0259mm\u0259d Cavad C\u0259hromi &#8220;Bakutel 2018&#8221;- 24-c\u00fc Az\u0259rbaycan Beyn\u0259lxalq Telekommunikasiya, \u0130nnovasiya v\u0259 Y\u00fcks\u0259k Texnologiyalar S\u0259rgi v\u0259 Konfrans\u0131nda i\u015ftirak etm\u0259k \u00fc\u00e7\u00fcn bu g\u00fcn Az\u0259rbaycana s\u0259f\u0259r ed\u0259c\u0259k.<\/p>\n<p><strong>ARANTV.AZ<\/strong>\u00a0 x\u0259b\u0259r verir ki, bu bar\u0259d\u0259\u00a0 trend-\u0259 \u0130ran\u0131n Az\u0259rbaycandak\u0131 s\u0259firliyind\u0259n m\u0259lumat verilib.<\/p>\n<p>M\u0259lumatda bildirilir: &#8220;M\u0259h\u0259mm\u0259d C\u0259hrominin &#8220;Bakutel&#8221; s\u0259rgisin\u0259 ba\u015f \u00e7\u0259k\u0259c\u0259yi v\u0259 &#8220;Kaspian \u0130nnovasiya&#8221; konfrans\u0131nda \u00e7\u0131x\u0131\u015f ed\u0259c\u0259yi g\u00f6zl\u0259nilir.<\/p>\n<p>M.C\u0259hromi Az\u0259rbaycan, T\u00fcrkiy\u0259, Rusiya v\u0259 \u0130ran rabit\u0259 nazirl\u0259rinin d\u00f6rdt\u0259r\u0259fli g\u00f6r\u00fc\u015f\u00fcnd\u0259 i\u015ftirak ed\u0259c\u0259k. Nazir h\u0259m\u00e7inin ad\u0131\u00e7\u0259kil\u0259n \u00f6lk\u0259l\u0259rin rabit\u0259 nazirl\u0259ri il\u0259 ikit\u0259r\u0259fli \u0259m\u0259kda\u015fl\u0131\u011f\u0131n inki\u015faf\u0131 haqq\u0131nda fikir m\u00fcbadil\u0259si aparacaq.<\/p>\n<p>4-7 dekabrda ke\u00e7iril\u0259c\u0259k 24-c\u00fc Az\u0259rbaycan Beyn\u0259lxalq Telekommunikasiya, \u0130nnovasiya v\u0259 Y\u00fcks\u0259k Texnologiyalar S\u0259rgi v\u0259 Konfrans\u0131nda 14 \u0130ran \u015firk\u0259ti i\u015ftirak edir.<\/p>\n","protected":false},"excerpt":{"rendered":"<p>\u0130ran\u0131n rabit\u0259 v\u0259 informasiya texnologiyalar\u0131 naziri M\u0259h\u0259mm\u0259d Cavad C\u0259hromi &#8220;Bakutel 2018&#8221;- 24-c\u00fc Az\u0259rbaycan Beyn\u0259lxalq Telekommunikasiya, \u0130nnovasiya v\u0259 Y\u00fcks\u0259k Texnologiyalar S\u0259rgi v\u0259 Konfrans\u0131nda i\u015ftirak etm\u0259k \u00fc\u00e7\u00fcn bu g\u00fcn Az\u0259rbaycana s\u0259f\u0259r ed\u0259c\u0259k. ARANTV.AZ\u00a0 x\u0259b\u0259r verir ki, bu bar\u0259d\u0259\u00a0 trend-\u0259 \u0130ran\u0131n Az\u0259rbaycandak\u0131 s\u0259firliyind\u0259n m\u0259lumat verilib. M\u0259lumatda bildirilir: &#8220;M\u0259h\u0259mm\u0259d C\u0259hrominin &#8220;Bakutel&#8221; s\u0259rgisin\u0259 ba\u015f \u00e7\u0259k\u0259c\u0259yi v\u0259 &#8220;Kaspian \u0130nnovasiya&#8221; konfrans\u0131nda \u00e7\u0131x\u0131\u015f ed\u0259c\u0259yi g\u00f6zl\u0259nilir. M.C\u0259hromi Az\u0259rbaycan, T\u00fcrkiy\u0259, Rusiya v\u0259 \u0130ran rabit\u0259 nazirl\u0259rinin d\u00f6rdt\u0259r\u0259fli g\u00f6r\u00fc\u015f\u00fcnd\u0259 i\u015ftirak ed\u0259c\u0259k. Nazir h\u0259m\u00e7inin ad\u0131\u00e7\u0259kil\u0259n \u00f6lk\u0259l\u0259rin rabit\u0259 nazirl\u0259ri il\u0259 ikit\u0259r\u0259fli \u0259m\u0259kda\u015fl\u0131\u011f\u0131n inki\u015faf\u0131 haqq\u0131nda fikir m\u00fcbadil\u0259si aparacaq. 4-7 dekabrda ke\u00e7iril\u0259c\u0259k 24-c\u00fc Az\u0259rbaycan Beyn\u0259lxalq Telekommunikasiya,&hellip;<\/p>\n","protected":false},"author":2,"featured_media":25980,"comment_status":"closed","ping_status":"closed","sticky":false,"template":"","format":"standard","meta":{"om_disable_all_campaigns":false,"_monsterinsights_skip_tracking":false,"_monsterinsights_sitenote_active":false,"_monsterinsights_sitenote_note":"","_monsterinsights_sitenote_category":0},"categories":[4],"tags":[],"aioseo_notices":[],"gutentor_comment":0,"rttpg_featured_image_url":{"full":["https:\/\/arantv.az\/wp-content\/uploads\/2018\/12\/709314.jpg",800,600,false],"landscape":["https:\/\/arantv.az\/wp-content\/uploads\/2018\/12\/709314.jpg",800,600,false],"portraits":["https:\/\/arantv.az\/wp-content\/uploads\/2018\/12\/709314.jpg",800,600,false],"thumbnail":["https:\/\/arantv.az\/wp-content\/uploads\/2018\/12\/709314-150x150.jpg",150,150,true],"medium":["https:\/\/arantv.az\/wp-content\/uploads\/2018\/12\/709314-300x225.jpg",300,225,true],"large":["https:\/\/arantv.az\/wp-content\/uploads\/2018\/12\/709314.jpg",640,480,false],"1536x1536":["https:\/\/arantv.az\/wp-content\/uploads\/2018\/12\/709314.jpg",800,600,false],"2048x2048":["https:\/\/arantv.az\/wp-content\/uploads\/2018\/12\/709314.jpg",800,600,false],"post-thumbnail":["https:\/\/arantv.az\/wp-content\/uploads\/2018\/12\/709314-240x172.jpg",240,172,true],"advps-thumb-one":["https:\/\/arantv.az\/wp-content\/uploads\/2018\/12\/709314.jpg",800,600,false]},"rttpg_author":{"display_name":"V\u00fcsal Rafiqo\u011flu","author_link":"https:\/\/arantv.az\/?author=2"},"rttpg_comment":0,"rttpg_category":"<a href=\"https:\/\/arantv.az\/?cat=4\" rel=\"category\">Siyas\u0259t<\/a>","rttpg_excerpt":"\u0130ran\u0131n rabit\u0259 v\u0259 informasiya texnologiyalar\u0131 naziri M\u0259h\u0259mm\u0259d Cavad C\u0259hromi &#8220;Bakutel 2018&#8221;- 24-c\u00fc Az\u0259rbaycan Beyn\u0259lxalq Telekommunikasiya, \u0130nnovasiya v\u0259 Y\u00fcks\u0259k Texnologiyalar S\u0259rgi v\u0259 Konfrans\u0131nda i\u015ftirak etm\u0259k \u00fc\u00e7\u00fcn bu g\u00fcn Az\u0259rbaycana s\u0259f\u0259r ed\u0259c\u0259k. ARANTV.AZ\u00a0 x\u0259b\u0259r verir ki, bu bar\u0259d\u0259\u00a0 trend-\u0259 \u0130ran\u0131n Az\u0259rbaycandak\u0131 s\u0259firliyind\u0259n m\u0259lumat verilib. M\u0259lumatda bildirilir: &#8220;M\u0259h\u0259mm\u0259d C\u0259hrominin &#8220;Bakutel&#8221; s\u0259rgisin\u0259 ba\u015f \u00e7\u0259k\u0259c\u0259yi v\u0259 &#8220;Kaspian \u0130nnovasiya&#8221; konfrans\u0131nda \u00e7\u0131x\u0131\u015f&hellip;","_links":{"self":[{"href":"https:\/\/arantv.az\/index.php?rest_route=\/wp\/v2\/posts\/25979"}],"collection":[{"href":"https:\/\/arantv.az\/index.php?rest_route=\/wp\/v2\/posts"}],"about":[{"href":"https:\/\/arantv.az\/index.php?rest_route=\/wp\/v2\/types\/post"}],"author":[{"embeddable":true,"href":"https:\/\/arantv.az\/index.php?rest_route=\/wp\/v2\/users\/2"}],"replies":[{"embeddable":true,"href":"https:\/\/arantv.az\/index.php?rest_route=%2Fwp%2Fv2%2Fcomments&post=25979"}],"version-history":[{"count":0,"href":"https:\/\/arantv.az\/index.php?rest_route=\/wp\/v2\/posts\/25979\/revisions"}],"wp:featuredmedia":[{"embeddable":true,"href":"https:\/\/arantv.az\/index.php?rest_route=\/wp\/v2\/media\/25980"}],"wp:attachment":[{"href":"https:\/\/arantv.az\/index.php?rest_route=%2Fwp%2Fv2%2Fmedia&parent=25979"}],"wp:term":[{"taxonomy":"category","embeddable":true,"href":"https:\/\/arantv.az\/index.php?rest_route=%2Fwp%2Fv2%2Fcategories&post=25979"},{"taxonomy":"post_tag","embeddable":true,"href":"https:\/\/arantv.az\/index.php?rest_route=%2Fwp%2Fv2%2Ftags&post=25979"}],"curies":[{"name":"wp","href":"https:\/\/api.w.org\/{rel}","templated":true}]}}