{"id":25988,"date":"2018-12-03T14:48:25","date_gmt":"2018-12-03T11:48:25","guid":{"rendered":"http:\/\/arantv.az\/?p=25988"},"modified":"2018-12-03T14:48:25","modified_gmt":"2018-12-03T11:48:25","slug":"az%c9%99rbaycanda-m%c9%99kt%c9%99b-yoxdur-sagirdl%c9%99r%c9%99-aciq-havada-d%c9%99rs-kecilir-aciqlama-video","status":"publish","type":"post","link":"https:\/\/arantv.az\/?p=25988","title":{"rendered":"Az\u0259rbaycanda m\u0259kt\u0259b yoxdur, \u015fagirdl\u0259r\u0259 a\u00e7\u0131q havada d\u0259rs ke\u00e7ilir? &#8211; A\u00e7\u0131qlama &#8211; V\u0130DEO"},"content":{"rendered":"<p>Sosial \u015f\u0259b\u0259k\u0259d\u0259 Salyan rayonunda \u015fagirdl\u0259rin evl\u0259rd\u0259 a\u00e7\u0131q havada t\u0259hsil ald\u0131\u011f\u0131n\u0131 g\u00f6st\u0259r\u0259n videog\u00f6r\u00fcnt\u00fc yay\u0131l\u0131b.<\/p>\n<p><b>ARANTV.AZ\u00a0<\/b>\u00a0x\u0259b\u0259r verir ki, m\u0259s\u0259l\u0259 il\u0259 ba\u011fl\u0131 bizimyol.info T\u0259hsil Nazirliyin\u0259 g\u00f6nd\u0259ril\u0259n informasiya sor\u011fusuna cavab verilib.<\/p>\n<p>Qeyd olunan videog\u00f6r\u00fcnt\u00fc il\u0259 ba\u011fl\u0131 bildirilib ki, Az\u0259rbaycan Respublikas\u0131 Nazirl\u0259r Kabinetinin 2016-ci il 19 may tarixli 291s n\u00f6mr\u0259li s\u0259r\u0259ncam\u0131 il\u0259 T\u0259hsil Nazirliyin\u0259 ayr\u0131lm\u0131\u015f v\u0259sait hesab\u0131na Salyan rayonu, K\u00fcrs\u0259ngi k\u0259nd tam orta m\u0259kt\u0259binin \u0259sasl\u0131 t\u0259miri n\u0259z\u0259rd\u0259 tutulub. Haz\u0131rda obyektd\u0259 son tamamlama i\u015fl\u0259ri yerin\u0259 yetirilir.<\/p>\n<div id=\"AdributorNativeVideo0\" class=\"AdributorNativeVideo\"><\/div>\n<p>\u201cSalyan rayon K\u00fcrs\u0259ngi k\u0259nd tam orta m\u0259kt\u0259bind\u0259 35 sinif komplekti f\u0259aliyy\u0259t g\u00f6st\u0259rir. Bu sinifl\u0259rd\u0259n haz\u0131rda 29 sinif komlekti m\u0259kt\u0259b binas\u0131ndan, 6 sinif komplekti is\u0259 \u015f\u0259xsi evl\u0259rd\u0259n (istilikl\u0259 t\u0259min olunublar) istifad\u0259 etm\u0259kl\u0259 t\u0259drisi davam etdirirl\u0259r. \u018flav\u0259 olaraq bildiririk ki, sosial \u015f\u0259b\u0259k\u0259d\u0259 yay\u0131lm\u0131\u015f m\u0259lumat k\u00f6hn\u0259 tarix\u0259 aid olan m\u0259lumatd\u0131r. M\u0259kt\u0259b binas\u0131nda t\u0259dris vaxt\u0131 \u00e7\u0259kilmi\u015f fotolar \u0259lav\u0259 olunur\u201d,-dey\u0259 nazirlikd\u0259n bildirilib.<\/p>\n<div class=\"embed-responsive embed-responsive-16by9\"><iframe loading=\"lazy\" id=\"nmqembedid\" class=\"embed-responsive-item\" title=\"video player\" src=\"https:\/\/izle.az\/embed\/qyyxdY0sMAsrMshPNjIBAA~~\" width=\"600\" height=\"340\" frameborder=\"0\" scrolling=\"no\" allowfullscreen=\"allowfullscreen\" data-mce-fragment=\"1\"><\/iframe><\/div>\n<p><img class=\"imgbcodecent\" src=\"https:\/\/upload.az\/foto\/arxiv\/f2_41543836661.png\" alt=\"Az\u0259rbaycanda m\u0259kt\u0259b yoxdur, \u015fagirdl\u0259r\u0259 a\u00e7\u0131q havada d\u0259rs ke\u00e7ilir? - A\u00e7\u0131qlama - V\u0130DEO\" \/><br \/>\n<img class=\"imgbcodecent\" src=\"https:\/\/upload.az\/foto\/arxiv\/f3_61543836661.png\" alt=\"Az\u0259rbaycanda m\u0259kt\u0259b yoxdur, \u015fagirdl\u0259r\u0259 a\u00e7\u0131q havada d\u0259rs ke\u00e7ilir? - A\u00e7\u0131qlama - V\u0130DEO\" \/><br \/>\n<img class=\"imgbcodecent\" src=\"https:\/\/upload.az\/foto\/arxiv\/f4_61543836661.png\" alt=\"Az\u0259rbaycanda m\u0259kt\u0259b yoxdur, \u015fagirdl\u0259r\u0259 a\u00e7\u0131q havada d\u0259rs ke\u00e7ilir? - A\u00e7\u0131qlama - V\u0130DEO\" \/><\/p>\n","protected":false},"excerpt":{"rendered":"<p>Sosial \u015f\u0259b\u0259k\u0259d\u0259 Salyan rayonunda \u015fagirdl\u0259rin evl\u0259rd\u0259 a\u00e7\u0131q havada t\u0259hsil ald\u0131\u011f\u0131n\u0131 g\u00f6st\u0259r\u0259n videog\u00f6r\u00fcnt\u00fc yay\u0131l\u0131b. ARANTV.AZ\u00a0\u00a0x\u0259b\u0259r verir ki, m\u0259s\u0259l\u0259 il\u0259 ba\u011fl\u0131 bizimyol.info T\u0259hsil Nazirliyin\u0259 g\u00f6nd\u0259ril\u0259n informasiya sor\u011fusuna cavab verilib. Qeyd olunan videog\u00f6r\u00fcnt\u00fc il\u0259 ba\u011fl\u0131 bildirilib ki, Az\u0259rbaycan Respublikas\u0131 Nazirl\u0259r Kabinetinin 2016-ci il 19 may tarixli 291s n\u00f6mr\u0259li s\u0259r\u0259ncam\u0131 il\u0259 T\u0259hsil Nazirliyin\u0259 ayr\u0131lm\u0131\u015f v\u0259sait hesab\u0131na Salyan rayonu, K\u00fcrs\u0259ngi k\u0259nd tam orta m\u0259kt\u0259binin \u0259sasl\u0131 t\u0259miri n\u0259z\u0259rd\u0259 tutulub. Haz\u0131rda obyektd\u0259 son tamamlama i\u015fl\u0259ri yerin\u0259 yetirilir. \u201cSalyan rayon K\u00fcrs\u0259ngi k\u0259nd tam orta m\u0259kt\u0259bind\u0259 35 sinif komplekti f\u0259aliyy\u0259t g\u00f6st\u0259rir. Bu sinifl\u0259rd\u0259n haz\u0131rda 29 sinif komlekti m\u0259kt\u0259b binas\u0131ndan,&hellip;<\/p>\n","protected":false},"author":2,"featured_media":25989,"comment_status":"closed","ping_status":"closed","sticky":false,"template":"","format":"standard","meta":{"om_disable_all_campaigns":false,"_monsterinsights_skip_tracking":false,"_monsterinsights_sitenote_active":false,"_monsterinsights_sitenote_note":"","_monsterinsights_sitenote_category":0},"categories":[1],"tags":[],"aioseo_notices":[],"gutentor_comment":0,"rttpg_featured_image_url":{"full":["https:\/\/arantv.az\/wp-content\/uploads\/2018\/12\/f1_81543836661.jpg",650,381,false],"landscape":["https:\/\/arantv.az\/wp-content\/uploads\/2018\/12\/f1_81543836661.jpg",650,381,false],"portraits":["https:\/\/arantv.az\/wp-content\/uploads\/2018\/12\/f1_81543836661.jpg",650,381,false],"thumbnail":["https:\/\/arantv.az\/wp-content\/uploads\/2018\/12\/f1_81543836661-150x150.jpg",150,150,true],"medium":["https:\/\/arantv.az\/wp-content\/uploads\/2018\/12\/f1_81543836661-300x176.jpg",300,176,true],"large":["https:\/\/arantv.az\/wp-content\/uploads\/2018\/12\/f1_81543836661.jpg",640,375,false],"1536x1536":["https:\/\/arantv.az\/wp-content\/uploads\/2018\/12\/f1_81543836661.jpg",650,381,false],"2048x2048":["https:\/\/arantv.az\/wp-content\/uploads\/2018\/12\/f1_81543836661.jpg",650,381,false],"post-thumbnail":["https:\/\/arantv.az\/wp-content\/uploads\/2018\/12\/f1_81543836661-240x172.jpg",240,172,true],"advps-thumb-one":["https:\/\/arantv.az\/wp-content\/uploads\/2018\/12\/f1_81543836661.jpg",650,381,false]},"rttpg_author":{"display_name":"V\u00fcsal Rafiqo\u011flu","author_link":"https:\/\/arantv.az\/?author=2"},"rttpg_comment":0,"rttpg_category":"<a href=\"https:\/\/arantv.az\/?cat=1\" rel=\"category\">C\u0259miyy\u0259t<\/a>","rttpg_excerpt":"Sosial \u015f\u0259b\u0259k\u0259d\u0259 Salyan rayonunda \u015fagirdl\u0259rin evl\u0259rd\u0259 a\u00e7\u0131q havada t\u0259hsil ald\u0131\u011f\u0131n\u0131 g\u00f6st\u0259r\u0259n videog\u00f6r\u00fcnt\u00fc yay\u0131l\u0131b. ARANTV.AZ\u00a0\u00a0x\u0259b\u0259r verir ki, m\u0259s\u0259l\u0259 il\u0259 ba\u011fl\u0131 bizimyol.info T\u0259hsil Nazirliyin\u0259 g\u00f6nd\u0259ril\u0259n informasiya sor\u011fusuna cavab verilib. Qeyd olunan videog\u00f6r\u00fcnt\u00fc il\u0259 ba\u011fl\u0131 bildirilib ki, Az\u0259rbaycan Respublikas\u0131 Nazirl\u0259r Kabinetinin 2016-ci il 19 may tarixli 291s n\u00f6mr\u0259li s\u0259r\u0259ncam\u0131 il\u0259 T\u0259hsil Nazirliyin\u0259 ayr\u0131lm\u0131\u015f v\u0259sait hesab\u0131na Salyan rayonu, K\u00fcrs\u0259ngi&hellip;","_links":{"self":[{"href":"https:\/\/arantv.az\/index.php?rest_route=\/wp\/v2\/posts\/25988"}],"collection":[{"href":"https:\/\/arantv.az\/index.php?rest_route=\/wp\/v2\/posts"}],"about":[{"href":"https:\/\/arantv.az\/index.php?rest_route=\/wp\/v2\/types\/post"}],"author":[{"embeddable":true,"href":"https:\/\/arantv.az\/index.php?rest_route=\/wp\/v2\/users\/2"}],"replies":[{"embeddable":true,"href":"https:\/\/arantv.az\/index.php?rest_route=%2Fwp%2Fv2%2Fcomments&post=25988"}],"version-history":[{"count":0,"href":"https:\/\/arantv.az\/index.php?rest_route=\/wp\/v2\/posts\/25988\/revisions"}],"wp:featuredmedia":[{"embeddable":true,"href":"https:\/\/arantv.az\/index.php?rest_route=\/wp\/v2\/media\/25989"}],"wp:attachment":[{"href":"https:\/\/arantv.az\/index.php?rest_route=%2Fwp%2Fv2%2Fmedia&parent=25988"}],"wp:term":[{"taxonomy":"category","embeddable":true,"href":"https:\/\/arantv.az\/index.php?rest_route=%2Fwp%2Fv2%2Fcategories&post=25988"},{"taxonomy":"post_tag","embeddable":true,"href":"https:\/\/arantv.az\/index.php?rest_route=%2Fwp%2Fv2%2Ftags&post=25988"}],"curies":[{"name":"wp","href":"https:\/\/api.w.org\/{rel}","templated":true}]}}