{"id":25997,"date":"2018-12-03T15:48:21","date_gmt":"2018-12-03T12:48:21","guid":{"rendered":"http:\/\/arantv.az\/?p=25997"},"modified":"2018-12-03T15:48:21","modified_gmt":"2018-12-03T12:48:21","slug":"b%c9%99rd%c9%99d%c9%99-3-dekabr-beyn%c9%99lxalq-%c9%99lill%c9%99r-gunu-qeyd-edilib","status":"publish","type":"post","link":"https:\/\/arantv.az\/?p=25997","title":{"rendered":"B\u0259rd\u0259d\u0259 3 DEKABR \u2013Beyn\u0259lxalq \u018flill\u0259r G\u00fcn\u00fc qeyd edilib"},"content":{"rendered":"<p>\u201cS\u0259n t\u0259k deyils\u0259n\u201d adli t\u0259dbir B\u0259rd\u0259 \u015f\u0259h\u0259r U\u015faq \u0130nc\u0259s\u0259n\u0259t m\u0259kt\u0259bind\u0259 ba\u015f tutub<\/p>\n<p>&nbsp;<\/p>\n<p><strong>ARANTV.AZ<\/strong> x\u0259b\u0259r verir ki, Beyn\u0259lxalq \u018flill\u0259r G\u00fcn\u00fc m\u00fcnasib\u0259til\u0259 \u201cInki\u015faf\u00a0 Namin\u0259 \u0130dman \u201c \u0130ctimai Birliyinin n\u0259zdind\u0259 f\u0259aliyy\u0259t g\u00f6st\u0259r\u0259n B\u0259rd\u0259 G\u00fcn\u0259rzi Qay\u011fi M\u0259rk\u0259zi\u00a0 \u201cS\u0259n t\u0259k deyils\u0259n\u201d adli t\u0259dbir t\u0259\u015fkil edib .T\u0259dbird\u0259 \u00a0bir s\u0131ra h\u00f6k\u00fcm\u0259t n\u00fcmay\u0259nd\u0259l\u0259ri,k\u00f6rp\u0259l\u0259r evl\u0259rinin kollektivi ,orta m\u0259kt\u0259bl\u0259rin \u015fagird v\u0259 m\u00fc\u0259lliml\u0259ri i\u015ftirak edib,<\/p>\n<p>\u0130lk \u00f6nc\u0259 \u00e7\u0131x\u0131\u015f \u00fc\u00e7\u00fcn s\u00f6z Seyid Yusif A\u011fan\u0131n q\u0131z \u00f6vlad\u0131 seyid V\u0259sil\u0259 xan\u0131ma verilib.V\u0259sil\u0259 xan\u0131m m\u0259rk\u0259zin balalar\u0131na dualar\u0131n\u0131 s\u00f6yl\u0259yib .<\/p>\n<p>B\u0259rd\u0259 G\u00fcn\u0259rzi Qay\u011fi M\u0259rk\u0259zinin r\u0259hb\u0259ri Ayg\u00fcn xan\u0131m H\u00fcseynova i\u015ftirak\u00e7\u0131lara t\u0259dbirin m\u0259qs\u0259di B\u0259rd\u0259 G\u00fcn\u0259rzi Qay\u011f\u0131 M\u0259rk\u0259zinin f\u0259aliy\u0259ti,sa\u011flaml\u0131q imkanlar\u0131 m\u0259hdud v\u0259 sosial t\u0259hl\u00fck\u0259li v\u0259ziyy\u0259td\u0259 ya\u015fayan u\u015faqlara,h\u0259m\u00e7inin onlar\u0131n ail\u0259l\u0259rin\u0259 g\u00f6st\u0259ril\u0259n xidm\u0259tl\u0259r haqda m\u0259lumat verib.<\/p>\n<p>Daha sonra \u00e7\u0131x\u0131\u015f ed\u0259n \u201c\u015e\u0259hid Ail\u0259l\u0259ri, Qaraba\u011f \u018flill\u0259ri v\u0259 M\u00fcharib\u0259 Veteranlar\u0131\u201d ictimai Birliyinin B\u0259rd\u0259 rayon \u015f\u00f6b\u0259sinin s\u0259diri Etibar xan\u0131m H\u00fcseynova r\u0259hb\u0259ri oldu\u011fu t\u0259\u015fkilat\u0131n ad\u0131ndan t\u0259dbir i\u015ftirak\u00e7\u0131lar\u0131n\u0131 salamlay\u0131b. Bildirib ki, t\u0259msil etdiyi t\u0259\u015fkilat\u0131n da s\u0131ralar\u0131nda xeyli sayda \u0259lil insanlar var. Onlar sa\u011flaml\u0131qlar\u0131n\u0131 Az\u0259rbaycan Respublikas\u0131n\u0131n \u0259razi b\u00fct\u00f6vl\u00fcy\u00fc u\u011frunda qurban veribl\u0259r. Etibar xan\u0131m H\u00fcseynova bel\u0259 bir t\u0259\u015fkilata r\u0259hb\u0259rlik etdiyind\u0259n \u0259lil olmaq, onun n\u0259 dem\u0259k oldu\u011funu yax\u015f\u0131 anlad\u0131\u011f\u0131n\u0131 deyib. T\u0259dbir\u0259 d\u0259 sa\u011flaml\u0131q imkanlar\u0131 m\u0259hdud olan u\u015faqlara h\u0259diyy\u0259l\u0259rl\u0259 g\u0259ldiyini bildir\u0259r\u0259k, u\u015faqlara g\u0259tirdikl\u0259ri sovqat\u0131 paylay\u0131b.<\/p>\n<p>T\u0259hsil \u015f\u00f6b\u0259sind\u0259 metodkabinetin direktoru Xuraman Qurabanova v\u0259 H\u0259mkarlar \u0130ttifaq\u0131n\u0131n s\u0259dri Tamella \u0130badova \u00e7\u0131x\u0131\u015f ed\u0259r\u0259k m\u0259rk\u0259zin f\u0259aliyy\u0259tini t\u0259qdir\u0259layiq oldu\u011funu s\u00f6yl\u0259yibl\u0259r, bu \u00e7\u0259tin v\u0259 m\u0259suliyy\u0259tli i\u015fd\u0259 m\u0259k\u0259z kollektivin\u0259 u\u011furlar dil\u0259yibl\u0259r.<\/p>\n<p>D\u00f6l\u0259t Sosial M\u00fcdafi\u0259 Fondunun B\u0259rd\u0259 rayon \u015f\u00f6b\u0259sinin \u015f\u00f6b\u0259 m\u00fcdiri K\u00f6n\u00fcl xan\u0131m H\u00fcseynova \u00e7\u0131x\u0131\u015f ed\u0259r\u0259k \u0259lill\u0259r g\u00fcn\u00fc il\u0259 bagl\u0131 m\u0259lumat verib.\u015e\u00f6b\u0259nin n\u00fcmay\u0259nd\u0259l\u0259ri g\u0259tirdikl\u0259ri h\u0259diyy\u0259 pay\u0131n\u0131 u\u015faqlara t\u0259qdim edibl\u0259r.<\/p>\n<p>Daha sonra N\u0259riman N\u0259rimanov ad\u0131na\u00a0 3 sayl\u0131 B\u0259rd\u0259 \u015f\u0259h\u0259r tam orta m\u0259kt\u0259bin direktoru S\u0259fur\u0259 xan\u0131m H\u00fcmb\u0259tova sa\u011flaml\u0131q imkan\u0131 m\u0259hdud u\u015faqlar\u0131n qullu\u011funda dayanma\u011f\u0131n \u00e7\u0259tin bir i\u015f oldu\u011funu, ancaq B\u0259rd\u0259 G\u00fcn\u0259rzi M\u0259rk\u0259zinin r\u0259hb\u0259ri Ayg\u00fcn H\u00fcseynovan\u0131n bu i\u015fin \u00f6hd\u0259sind\u0259n layiqinc\u0259 g\u0259ldiyini, onun bu f\u0259aliyy\u0259tinin alq\u0131\u015fa layiq oldu\u011funu bildirib.<\/p>\n<p>B\u0259rd\u0259 rayon G\u0259ncl\u0259r v\u0259 \u0130dman \u0130dar\u0259sinin r\u0259isi v\u0259zif\u0259sini m\u00fcv\u0259qq\u0259ti icra ed\u0259n\u00a0 Ayd\u0131n Qas\u0131mov \u018flill\u0259r g\u00fcn\u00fc il\u0259 ba\u011fl\u0131 dan\u0131\u015faraq , fikirl\u0259rini t\u0259dbir i\u015ftirak\u00e7\u0131lar\u0131 il\u0259 b\u00f6l\u00fc\u015f\u00fcb.<\/p>\n<p>Daha sonra m\u0259rk\u0259zin u\u015faqlar\u0131 \u0259d\u0259bi-b\u0259dii \u00a0proqramlar\u0131 il\u0259 \u00e7\u0131x\u0131\u015f edibl\u0259r.<\/p>\n<p>\u015e\u0259h\u0259r 3 sayl\u0131 tam orta m\u0259kt\u0259bin \u015fagirdl\u0259rinin ifas\u0131nda \u201cBayraq q\u00fcrurumdur\u201dkompazisiyas\u0131 v\u0259 maraql\u0131 s\u0259hn\u0259cikl\u0259r g\u00f6st\u0259rilib.<\/p>\n<p>&nbsp;<\/p>\n<p><img loading=\"lazy\" class=\"alignnone size-medium wp-image-25998\" src=\"https:\/\/arantv.az\/wp-content\/uploads\/2018\/12\/47285142_346778595870687_8941020994189918208_n-300x200.jpg\" alt=\"\" width=\"300\" height=\"200\" \/><\/p>\n<p><img loading=\"lazy\" class=\"alignnone size-medium wp-image-25999\" src=\"https:\/\/arantv.az\/wp-content\/uploads\/2018\/12\/47035029_626942774370705_7656827499262771200_n-300x200.jpg\" alt=\"\" width=\"300\" height=\"200\" \/><\/p>\n<p><img loading=\"lazy\" class=\"alignnone size-medium wp-image-26000\" src=\"https:\/\/arantv.az\/wp-content\/uploads\/2018\/12\/47069128_362872907816408_5719371596032901120_n-300x200.jpg\" alt=\"\" width=\"300\" height=\"200\" \/><\/p>\n<p><img loading=\"lazy\" class=\"alignnone size-medium wp-image-26001\" src=\"https:\/\/arantv.az\/wp-content\/uploads\/2018\/12\/47232148_866508067013637_6612650125594460160_n-300x200.jpg\" alt=\"\" width=\"300\" height=\"200\" \/><\/p>\n<p>&nbsp;<\/p>\n<p>&nbsp;<\/p>\n<p>&nbsp;<\/p>\n<p>&nbsp;<\/p>\n","protected":false},"excerpt":{"rendered":"<p>\u201cS\u0259n t\u0259k deyils\u0259n\u201d adli t\u0259dbir B\u0259rd\u0259 \u015f\u0259h\u0259r U\u015faq \u0130nc\u0259s\u0259n\u0259t m\u0259kt\u0259bind\u0259 ba\u015f tutub &nbsp; ARANTV.AZ x\u0259b\u0259r verir ki, Beyn\u0259lxalq \u018flill\u0259r G\u00fcn\u00fc m\u00fcnasib\u0259til\u0259 \u201cInki\u015faf\u00a0 Namin\u0259 \u0130dman \u201c \u0130ctimai Birliyinin n\u0259zdind\u0259 f\u0259aliyy\u0259t g\u00f6st\u0259r\u0259n B\u0259rd\u0259 G\u00fcn\u0259rzi Qay\u011fi M\u0259rk\u0259zi\u00a0 \u201cS\u0259n t\u0259k deyils\u0259n\u201d adli t\u0259dbir t\u0259\u015fkil edib .T\u0259dbird\u0259 \u00a0bir s\u0131ra h\u00f6k\u00fcm\u0259t n\u00fcmay\u0259nd\u0259l\u0259ri,k\u00f6rp\u0259l\u0259r evl\u0259rinin kollektivi ,orta m\u0259kt\u0259bl\u0259rin \u015fagird v\u0259 m\u00fc\u0259lliml\u0259ri i\u015ftirak edib, \u0130lk \u00f6nc\u0259 \u00e7\u0131x\u0131\u015f \u00fc\u00e7\u00fcn s\u00f6z Seyid Yusif A\u011fan\u0131n q\u0131z \u00f6vlad\u0131 seyid V\u0259sil\u0259 xan\u0131ma verilib.V\u0259sil\u0259 xan\u0131m m\u0259rk\u0259zin balalar\u0131na dualar\u0131n\u0131 s\u00f6yl\u0259yib . B\u0259rd\u0259 G\u00fcn\u0259rzi Qay\u011fi M\u0259rk\u0259zinin r\u0259hb\u0259ri Ayg\u00fcn xan\u0131m H\u00fcseynova i\u015ftirak\u00e7\u0131lara t\u0259dbirin m\u0259qs\u0259di B\u0259rd\u0259 G\u00fcn\u0259rzi Qay\u011f\u0131 M\u0259rk\u0259zinin&hellip;<\/p>\n","protected":false},"author":2,"featured_media":25998,"comment_status":"closed","ping_status":"closed","sticky":false,"template":"","format":"standard","meta":{"om_disable_all_campaigns":false,"_monsterinsights_skip_tracking":false,"_monsterinsights_sitenote_active":false,"_monsterinsights_sitenote_note":"","_monsterinsights_sitenote_category":0},"categories":[1,2],"tags":[],"aioseo_notices":[],"gutentor_comment":0,"rttpg_featured_image_url":{"full":["https:\/\/arantv.az\/wp-content\/uploads\/2018\/12\/47285142_346778595870687_8941020994189918208_n.jpg",2048,1365,false],"landscape":["https:\/\/arantv.az\/wp-content\/uploads\/2018\/12\/47285142_346778595870687_8941020994189918208_n.jpg",2048,1365,false],"portraits":["https:\/\/arantv.az\/wp-content\/uploads\/2018\/12\/47285142_346778595870687_8941020994189918208_n.jpg",2048,1365,false],"thumbnail":["https:\/\/arantv.az\/wp-content\/uploads\/2018\/12\/47285142_346778595870687_8941020994189918208_n-150x150.jpg",150,150,true],"medium":["https:\/\/arantv.az\/wp-content\/uploads\/2018\/12\/47285142_346778595870687_8941020994189918208_n-300x200.jpg",300,200,true],"large":["https:\/\/arantv.az\/wp-content\/uploads\/2018\/12\/47285142_346778595870687_8941020994189918208_n-1024x683.jpg",640,427,true],"1536x1536":["https:\/\/arantv.az\/wp-content\/uploads\/2018\/12\/47285142_346778595870687_8941020994189918208_n.jpg",1536,1024,false],"2048x2048":["https:\/\/arantv.az\/wp-content\/uploads\/2018\/12\/47285142_346778595870687_8941020994189918208_n.jpg",2048,1365,false],"post-thumbnail":["https:\/\/arantv.az\/wp-content\/uploads\/2018\/12\/47285142_346778595870687_8941020994189918208_n-240x172.jpg",240,172,true],"advps-thumb-one":["https:\/\/arantv.az\/wp-content\/uploads\/2018\/12\/47285142_346778595870687_8941020994189918208_n-1200x620.jpg",1200,620,true]},"rttpg_author":{"display_name":"V\u00fcsal Rafiqo\u011flu","author_link":"https:\/\/arantv.az\/?author=2"},"rttpg_comment":0,"rttpg_category":"<a href=\"https:\/\/arantv.az\/?cat=1\" rel=\"category\">C\u0259miyy\u0259t<\/a> <a href=\"https:\/\/arantv.az\/?cat=2\" rel=\"category\">Region X\u0259b\u0259rl\u0259ri<\/a>","rttpg_excerpt":"\u201cS\u0259n t\u0259k deyils\u0259n\u201d adli t\u0259dbir B\u0259rd\u0259 \u015f\u0259h\u0259r U\u015faq \u0130nc\u0259s\u0259n\u0259t m\u0259kt\u0259bind\u0259 ba\u015f tutub &nbsp; ARANTV.AZ x\u0259b\u0259r verir ki, Beyn\u0259lxalq \u018flill\u0259r G\u00fcn\u00fc m\u00fcnasib\u0259til\u0259 \u201cInki\u015faf\u00a0 Namin\u0259 \u0130dman \u201c \u0130ctimai Birliyinin n\u0259zdind\u0259 f\u0259aliyy\u0259t g\u00f6st\u0259r\u0259n B\u0259rd\u0259 G\u00fcn\u0259rzi Qay\u011fi M\u0259rk\u0259zi\u00a0 \u201cS\u0259n t\u0259k deyils\u0259n\u201d adli t\u0259dbir t\u0259\u015fkil edib .T\u0259dbird\u0259 \u00a0bir s\u0131ra h\u00f6k\u00fcm\u0259t n\u00fcmay\u0259nd\u0259l\u0259ri,k\u00f6rp\u0259l\u0259r evl\u0259rinin kollektivi ,orta m\u0259kt\u0259bl\u0259rin \u015fagird v\u0259 m\u00fc\u0259lliml\u0259ri i\u015ftirak edib,&hellip;","_links":{"self":[{"href":"https:\/\/arantv.az\/index.php?rest_route=\/wp\/v2\/posts\/25997"}],"collection":[{"href":"https:\/\/arantv.az\/index.php?rest_route=\/wp\/v2\/posts"}],"about":[{"href":"https:\/\/arantv.az\/index.php?rest_route=\/wp\/v2\/types\/post"}],"author":[{"embeddable":true,"href":"https:\/\/arantv.az\/index.php?rest_route=\/wp\/v2\/users\/2"}],"replies":[{"embeddable":true,"href":"https:\/\/arantv.az\/index.php?rest_route=%2Fwp%2Fv2%2Fcomments&post=25997"}],"version-history":[{"count":0,"href":"https:\/\/arantv.az\/index.php?rest_route=\/wp\/v2\/posts\/25997\/revisions"}],"wp:featuredmedia":[{"embeddable":true,"href":"https:\/\/arantv.az\/index.php?rest_route=\/wp\/v2\/media\/25998"}],"wp:attachment":[{"href":"https:\/\/arantv.az\/index.php?rest_route=%2Fwp%2Fv2%2Fmedia&parent=25997"}],"wp:term":[{"taxonomy":"category","embeddable":true,"href":"https:\/\/arantv.az\/index.php?rest_route=%2Fwp%2Fv2%2Fcategories&post=25997"},{"taxonomy":"post_tag","embeddable":true,"href":"https:\/\/arantv.az\/index.php?rest_route=%2Fwp%2Fv2%2Ftags&post=25997"}],"curies":[{"name":"wp","href":"https:\/\/api.w.org\/{rel}","templated":true}]}}